{"id":75604,"date":"2025-03-30T11:23:00","date_gmt":"2025-03-30T09:23:00","guid":{"rendered":"https:\/\/miradordeatarfe.es\/?p=75604"},"modified":"2025-03-29T19:11:28","modified_gmt":"2025-03-29T18:11:28","slug":"nuestros-vecinos-roque-hidalgo-y-carmen-morente-colaboran-en-el-libro-sobre-la-dictadura-de-primo-de-ribera","status":"publish","type":"post","link":"https:\/\/miradordeatarfe.es\/?p=75604","title":{"rendered":"NUESTROS VECINOS ROQUE HIDALGO Y CARMEN MORENTE AUTORES DEL LIBRO SOBRE LA DICTADURA DE PRIMO DE RIBERA"},"content":{"rendered":"\n<p class=\"has-medium-font-size\"><strong>Una investigaci\u00f3n pionera recoge en un libro el impacto en Granada de la dictadura de Primo de RiveraTe informamos de la investigaci\u00f3n de Roque Hidalgo \u00c1lvarez, Carmen Morente Mu\u00f1oz y Julio P\u00e9rez Serrano recogida en el libro &#8216;Granada durante la dictadura de Primo de Rivera (1923-1930). Los retos de la modernizaci\u00f3n autoritaria&#8217;, publicado por Editorial Universidad de Granada y Editorial Comares.<\/strong><\/p>\n\n\n\n<figure class=\"wp-block-image\"><img data-recalc-dims=\"1\" decoding=\"async\" src=\"https:\/\/i0.wp.com\/www.elindependientedegranada.es\/sites\/default\/files\/styles\/large\/public\/ciudadania\/libro_0.jpg?w=640&#038;ssl=1\" alt=\"Portada de 'Granada durante la dictadura de Primo de Rivera (1923-1930). Los retos de la modernizaci\u00f3n autoritaria', Editorial Universidad de Granada y Editorial Comares, Granada, 2020, 326 p\u00e1gs.\"\/><\/figure>\n\n\n\n<p>Editorial Comares<\/p>\n\n\n\n<p>Portada de &#8216;Granada durante la dictadura de Primo de Rivera (1923-1930). Los retos de la modernizaci\u00f3n autoritaria&#8217;, Editorial Universidad de Granada y Editorial Comares, Granada, 2020, 326 p\u00e1gs.<\/p>\n\n\n\n<p>Roque Hidalgo \u00c1lvarez, Carmen Morente Mu\u00f1oz y Julio P\u00e9rez Serrano han publicado&nbsp;<em>Granada durante la dictadura de Primo de Rivera (1923-1930). Los retos de la modernizaci\u00f3n autoritaria<\/em>, Editorial Universidad de Granada y Editorial Comares, (Granada, 2020).<\/p>\n\n\n\n<p>Pretende cubrir un hueco existente en la historia de las gentes de Granada durante los siete a\u00f1os que van desde 1923 hasta 1930. La que se conoce como dictadura de Primo de Rivera no hab\u00eda sido estudiada en Granada al considerarse, por error, que era una simple etapa de transici\u00f3n que iba desde la Restauraci\u00f3n borb\u00f3nica hasta la II Rep\u00fablica espa\u00f1ola<\/p>\n\n\n\n<p>Este libro es el resultado de a\u00f1os de investigaci\u00f3n de un equipo que ha trabajado coordinadamente en las Universidades de Granada y de C\u00e1diz. Pretende cubrir un hueco existente en la historia de las gentes de Granada durante los siete a\u00f1os que van desde 1923 hasta 1930. La que se conoce como dictadura de Primo de Rivera no hab\u00eda sido estudiada en Granada al considerarse, por error, que era una simple etapa de transici\u00f3n que iba desde la Restauraci\u00f3n borb\u00f3nica hasta la II Rep\u00fablica espa\u00f1ola. La primera dictadura militar en Espa\u00f1a durante el siglo XX es el resultado de un fracaso que gener\u00f3 una cierta esperanza entre los ilusos que pensaron que la corrupci\u00f3n del sistema pol\u00edtico se pod\u00eda eliminar reduciendo el espectro de las libertades, y colocando en los \u00f3rganos de decisi\u00f3n a los autoritarios que consum\u00edan m\u00e1s del 30% del presupuesto nacional, y cuya principal funci\u00f3n era cumplir fielmente los mandatos de la oligarqu\u00eda financiero-terrateniente. Unos oligarcas que nunca se educaron en el respeto a los valores democr\u00e1ticos porque siempre vieron en su pueblo al principal enemigo que hab\u00eda que derrotar.<\/p>\n\n\n\n<p>Se adentra, entre otros, en los entreverados asuntos municipales y en los proyectos necesarios para modernizar una ciudad a la que el desamparo hab\u00eda sumido en el abandono y la insalubridad desde hac\u00eda al menos un siglo<\/p>\n\n\n\n<p>Este libro aborda, en primer lugar, el eterno problema del poder y en ese contexto sit\u00faa el golpe de Estado liderado por Miguel Primo de Rivera y Orbaneja. Se atreve incluso a caracterizar a los principales clanes familiares que detentaban el poder en la Granada de los \u00abfelices a\u00f1os veinte\u00bb. Se adentra a continuaci\u00f3n en los entreverados asuntos municipales y en los proyectos necesarios para modernizar una ciudad a la que el desamparo hab\u00eda sumido en el abandono y la insalubridad desde hac\u00eda al menos un siglo. A pesar de todo exist\u00eda una sociedad que estaba activa econ\u00f3micamente y que mostraba un entramado asociativo muy intenso. La sociedad se divid\u00eda en propietarios de bienes materiales y propietarios de su fuerza de trabajo. A los primeros se les llamaba propietarios y a los segundos trabajadores. Ser propietario te situaba en el escal\u00f3n superior, aunque este estuviera dividido en mil partes.<\/p>\n\n\n\n<p>El Antiguo R\u00e9gimen daba paso a la modernidad, y una burgues\u00eda ligada a la industria azucarera y al comercio desplazaba a la aristocracia de la tierra en la lista de contribuyentes mayores de la ciudad<\/p>\n\n\n\n<p>La \u00e9lite econ\u00f3mica cambi\u00f3 durante la dictadura, se hizo menos agraria y m\u00e1s comercial e industrial. Por fin el Antiguo R\u00e9gimen daba paso a la modernidad, y una burgues\u00eda ligada a la industria azucarera y al comercio desplazaba a la aristocracia de la tierra en la lista de contribuyentes mayores de la ciudad. Por primera vez se constru\u00edan escuelas y disminu\u00eda la tasa de analfabetismo. Los maestros reemplazaban a los abogados en la forja de las nuevas \u00e9lites dirigentes, pero el modelo dictatorial ten\u00eda sus propios l\u00edmites y generaba contradicciones internas insalvables. Se apag\u00f3 creyendo sus instigadores que era posible volver el tiempo hac\u00eda atr\u00e1s, se equivocaron: la modernizaci\u00f3n hab\u00eda creado una sociedad diferente en las que las clases medias urbanas reclamaban su protagonismo y no se conformaban con servir fielmente a los oligarcas. Tambi\u00e9n los que solo eran propietarios de su fuerza de trabajo reclamaban derechos que ning\u00fan sistema paternalista filantr\u00f3pico pod\u00eda ya satisfacer. La Restauraci\u00f3n borb\u00f3nica de 1874 parec\u00eda llegar a su fin.<\/p>\n\n\n\n<h4 class=\"wp-block-heading\">Con el fin de conocer la investigaci\u00f3n y el contexto, te ofrecemos a continuaci\u00f3n una entrevista con los dos autores,&nbsp;Roque Hidalgo \u00c1lvarez y Julio P\u00e9rez Serrano y a la autora de este libro, Carmen Morente Mu\u00f1oz:&nbsp;<\/h4>\n\n\n\n<p>\u00abLa mayor\u00eda de la poblaci\u00f3n espa\u00f1ola permanec\u00eda al margen de esas componendas y ve\u00eda a los pol\u00edticos profesionales como personas in\u00fatiles, corruptos e incompetentes que ni los representaban ni eran capaces de resolver los muchos problemas que ten\u00edan d\u00eda tras d\u00eda\u00bb<\/p>\n\n\n\n<p><strong>-\u00bfQu\u00e9 sentido tiene hoy estudiar la dictadura del general de Infanter\u00eda Miguel Primo de Rivera y Orbaneja que se produjo hace m\u00e1s de cien a\u00f1os, siendo rey de Espa\u00f1a Alfonso XIII?<\/strong><\/p>\n\n\n\n<p><em>-Julio P\u00e9rez Serrano:&nbsp;<\/em>Antes del golpe de Estado encabezado por Miguel Primo de Rivera y Orbaneja en septiembre de 1923 exist\u00eda en Espa\u00f1a un r\u00e9gimen constitucional de corte liberal parlamentario que, aunque no era democr\u00e1tico, reconoc\u00eda en la Constituci\u00f3n de 1876 algunos derechos pol\u00edticos a los ciudadanos espa\u00f1oles. El sistema pol\u00edtico de partidos se basaba, principalmente, en dos, uno conservador y otro liberal que cada cierto tiempo se turnaban en el Gobierno. Un r\u00e9gimen caciquil decid\u00eda qui\u00e9nes eran elegidos diputados en Cortes, o concejales en los Ayuntamientos. Era el Gobierno quien decid\u00eda la composici\u00f3n del Parlamento y no al rev\u00e9s. La mayor\u00eda de la poblaci\u00f3n espa\u00f1ola permanec\u00eda al margen de esas componendas y ve\u00eda a los pol\u00edticos profesionales como personas in\u00fatiles, corruptos e incompetentes que ni los representaban ni eran capaces de resolver los muchos problemas que ten\u00edan d\u00eda tras d\u00eda.<\/p>\n\n\n\n<p>El Gobierno de concentraci\u00f3n liberal elegido el 7 de diciembre de 1922 y presidido por Manuel Garc\u00eda Prieto, I marqu\u00e9s de Alhucemas, represent\u00f3 un intento de regenerar el sistema pol\u00edtico desde dentro, al proponer una reforma constitucional que limitaba la discrecionalidad del Gobierno en la suspensi\u00f3n de las garant\u00edas y derechos pol\u00edticos, asegurar la libertad de conciencia religiosa, democratizar el Senado y garantizar la independencia del Poder Judicial. Un punto clave de su programa pol\u00edtico era la reducci\u00f3n de la actividad militar en el Protectorado espa\u00f1ol de Marruecos, dot\u00e1ndolo de una administraci\u00f3n civil en vez de militar. Por \u00faltimo, pretend\u00eda hacer una reforma fiscal, siempre prometida y nunca realizada, con el fin de disminuir el d\u00e9ficit del Estado, reduciendo tambi\u00e9n el gasto p\u00fablico. En realidad, este programa liberal cl\u00e1sico ser\u00eda incapaz de regenerar el putrefacto sistema pol\u00edtico imperante, pero provoc\u00f3 la ira de los sectores africanistas del Ej\u00e9rcito.<\/p>\n\n\n\n<p>\u00abNadie sali\u00f3 a la calle en septiembre de 1923 a defender el r\u00e9gimen pol\u00edtico creado por el malague\u00f1o Antonio C\u00e1novas del Castillo en 1874\u00bb<\/p>\n\n\n\n<p>El malestar social entre las clases medias urbanas y la clase obrera y campesina fue en aumento conforme la carest\u00eda de la vida aumentaba al subir el precio de las subsistencias y de los alquileres de las viviendas y locales comerciales y crec\u00eda el paro obrero, a la vez que la corrupci\u00f3n pol\u00edtica invad\u00eda todos los aspectos de la vida municipal y nacional. La realidad de la vida cotidiana de las clases populares nada tenia que ver con la de las oligarqu\u00edas que mov\u00edan los hilos del poder econ\u00f3mico y pol\u00edtico. La corrupci\u00f3n y el caciquismo convirtieron al sistema liberal parlamentario en una ficci\u00f3n pol\u00edtica sin apoyo popular y muy alejado de la Constituci\u00f3n real del pa\u00eds. Nadie sali\u00f3 a la calle en septiembre de 1923 a defender el r\u00e9gimen pol\u00edtico creado por el malague\u00f1o Antonio C\u00e1novas del Castillo en 1874.<\/p>\n\n\n\n<p><strong>-\u00bfPor qu\u00e9 razones se produjo ese golpe de Estado en septiembre de 1923? \u00bfFue cruento?<\/strong><\/p>\n\n\n\n<p><em>Julio P\u00e9rez Serrano:&nbsp;<\/em>Esta es la principal pregunta que intentamos responder en este libro. Estudios realizados por diferentes autores como Eduardo Gonz\u00e1lez Calleja y Shlomo Ben Ami revelan que el golpe de Estado fue, en un primer momento, la respuesta autoritaria de quienes ante la crisis esf\u00e9rica que padec\u00eda el sistema de dominaci\u00f3n social cuya cabeza visible era el rey Alfonso XIII, recurrieron al Ej\u00e9rcito como \u00fanico modo de resolver sus contradicciones internas y alejar la posibilidad de una revoluci\u00f3n hecha por \u00ablos de abajo\u00bb. La conversi\u00f3n del Directorio militar en civil en 1925 ten\u00eda un objetivo de mayor alcance, como era el de construir un nuevo sistema sociopol\u00edtico de corte corporativo basado en la conciliaci\u00f3n de los intereses de clase. Todo ello en un contexto de modernizaci\u00f3n de los medios de producci\u00f3n provocada por el uso m\u00faltiple de la energ\u00eda el\u00e9ctrica y la aparici\u00f3n de un nuevo maquinismo que impulsar\u00eda a la industria, la miner\u00eda y los transportes hasta niveles de actividad nunca vistos. Esta modernizaci\u00f3n en un contexto de dictadura con rey es lo que ha llevado al historiador Eduardo Gonz\u00e1lez Calleja a caracterizar a la dictadura de Primo de Rivera como una modernizaci\u00f3n autoritaria. Esta caracterizaci\u00f3n es en s\u00ed misma contradictoria, pues la modernidad se asocia a la posibilidad pol\u00edtica de cambiar las reglas del juego de la vida social usando medios reflexivos. Por contra, el soci\u00f3logo Gino Germani ha demostrado que, bajo ciertas condiciones sociopol\u00edticas, los reg\u00edmenes pretorianos son posibles v\u00edas de transici\u00f3n hacia sociedades industriales modernas. Esas condiciones se daban en la Espa\u00f1a de hace un siglo.&nbsp;&nbsp;<\/p>\n\n\n\n<figure class=\"wp-block-image\"><img data-recalc-dims=\"1\" height=\"480\" width=\"640\" decoding=\"async\" src=\"https:\/\/i0.wp.com\/www.elindependientedegranada.es\/sites\/default\/files\/dr.-julio-perez-serrano-dicta-curso-para-estudiantes-de-magister-en-historia-udec-1024x768.jpg?resize=640%2C480&#038;ssl=1\" alt=\"\"\/><\/figure>\n\n\n\n<p>Julio P\u00e9rez Serrano.<\/p>\n\n\n\n<p>\u00abEl miedo a la revoluci\u00f3n de los de abajo, por ser imposible la revoluci\u00f3n hecha desde arriba, llev\u00f3 a sus burgues\u00edas nacionales a recortar derechos e imponer reg\u00edmenes militares que, garantizando el \u00aborden p\u00fablico\u00bb, disciplinaran a las clases populares\u00bb<\/p>\n\n\n\n<p>El golpe militar del general Primo de Rivera el 13 de septiembre de 1923, con la aprobaci\u00f3n de Alfonso XIII, se produjo en una coyuntura cr\u00edtica en la que intervinieron tanto factores externos como internos. Tras el triunfo de la revoluci\u00f3n obrero-campesina en la Rusia zarista en 1917, en muchos pa\u00edses europeos, entre ellos Espa\u00f1a, las clases privilegiadas apoyaron, cuando no organizaron, reg\u00edmenes pretorianos para contener el avance de las fuerzas revolucionarias. Es decir, reg\u00edmenes dictatoriales militares que defend\u00edan los intereses de las respectivas oligarqu\u00edas nacionales. Este fue el caso de Hungr\u00eda en 1920, Polonia, Lituania y Portugal en 1926, Yugoslavia en 1929, Austria en 1933, Letonia y Estonia en 1934, Bulgaria en 1935, Grecia en 1936 y Ruman\u00eda en 1938. El miedo a la revoluci\u00f3n de los de abajo, por ser imposible la revoluci\u00f3n hecha desde arriba, llev\u00f3 a sus burgues\u00edas nacionales a recortar derechos e imponer reg\u00edmenes militares que, garantizando el \u00aborden p\u00fablico\u00bb, disciplinaran a las clases populares. En un principio esos reg\u00edmenes represivos alcanzaron sus objetivos, pero con el tiempo aumentaron el malestar social de las clases medias urbanas, del proletariado industrial y del campesinado. La agudizaci\u00f3n de la lucha de clases era inevitable.<\/p>\n\n\n\n<p>Hubo tambi\u00e9n razones internas tales como el desastre de Annual donde 8.000 soldados espa\u00f1oles murieron como consecuencia del ataque de los rife\u00f1os comandados por Abd el-Krim y la nefasta t\u00e1ctica militar empleada por el general Manuel Fern\u00e1ndez Silvestre, comandante en jefe del ej\u00e9rcito de operaciones en la Comandancia de Melilla. Hay que tener en cuenta que los soldados destinados a Marruecos eran todos los que sus padres no pod\u00edan pagar las 1.000 \u00f3 2.000 ptas. que los convert\u00eda en soldados de cuota. Los primeros ve\u00edan reducido a diez meses su servicio militar y los segundos a cinco meses, pudiendo elegir la unidad donde servir. El resto de los j\u00f3venes ten\u00edan que permanecer dos a\u00f1os realizando la \u00abmili\u00bb y correr el riesgo de ser enviados a zonas en guerra como era el Rif.&nbsp; Los hijos de las clases privilegiadas no corr\u00edan ese peligro.<\/p>\n\n\n\n<p>\u00abEl golpe de Estado no fue cruento, aunque s\u00ed violento. Las calles de las ciudades fueron ocupadas por las fuerzas militares y se declar\u00f3 el Estado de guerra\u00bb<\/p>\n\n\n\n<p>El informe preparado por el general Juan Picasso Gonz\u00e1lez para esclarecer las responsabilidades militares en el desastre de Annual estaba previsto que se presentara en las Cortes en octubre de 1923, el golpe lo evit\u00f3 y ese informe permaneci\u00f3 en paradero desconocido durante d\u00e9cadas.<\/p>\n\n\n\n<p>El golpe de Estado no fue cruento, aunque s\u00ed violento. Las calles de las ciudades fueron ocupadas por las fuerzas militares y se declar\u00f3 el Estado de guerra.<\/p>\n\n\n\n<p><strong>-\u00bfCu\u00e1les fueron sus objetivos declarados? \u00bfExist\u00edan tambi\u00e9n objetivos ocultos?<\/strong><\/p>\n\n\n\n<p><em>Roque Hidalgo \u00c1lvarez:&nbsp;<\/em>Como es l\u00f3gico, conocer los objetivos declarados p\u00fablicamente por Primo de Rivera en nombre de la oligarqu\u00eda que lo apoyaba result\u00f3 muy f\u00e1cil; descubrir los objetivos reales, pero no declarados result\u00f3 mucho m\u00e1s dif\u00edcil y forma parte de la investigaci\u00f3n que hay detr\u00e1s del libro.<\/p>\n\n\n\n<p>Como sucede en toda maniobra pol\u00edtica, m\u00e1xime trat\u00e1ndose de un golpe de Estado, existieron tanto objetivos declarados como ocultos. Con los primeros se pretendi\u00f3 convencer a la opini\u00f3n p\u00fablica de la imperiosa necesidad de \u00abliberar a la Patria de los profesionales de la pol\u00edtica\u00bb y perseguir \u00abtoda actividad comunista o revolucionaria\u00bb<\/p>\n\n\n\n<p>Como sucede en toda maniobra pol\u00edtica, m\u00e1xime trat\u00e1ndose de un golpe de Estado, existieron tanto objetivos declarados como ocultos. Con los primeros se pretendi\u00f3 convencer a la opini\u00f3n p\u00fablica de la imperiosa necesidad de \u00abliberar a la Patria de los profesionales de la pol\u00edtica\u00bb y perseguir \u00abtoda actividad comunista o revolucionaria\u00bb. Con los segundos se buscaba afianzar en Espa\u00f1a un modelo de dominaci\u00f3n social que hab\u00eda entrado en una profunda crisis con la p\u00e9rdida de las \u00faltimas colonias y con el ascenso imparable del movimiento obrero. Seg\u00fan el manifiesto \u00abAl pa\u00eds y al Ej\u00e9rcito\u00bb, firmado por Primo de Rivera en Barcelona el 12 de septiembre en nombre de los golpistas, sus objetivos eran:<\/p>\n\n\n\n<p>&nbsp;&nbsp;&nbsp;&nbsp;&nbsp;&nbsp;&nbsp;&nbsp;&nbsp;&nbsp;&nbsp; <strong>1\u00ba<\/strong>. Sacar a Espa\u00f1a de su secular atraso econ\u00f3mico mediante un programa de industrializaci\u00f3n y mejora de la agricultura, financiado con capital nacional e internacional.<\/p>\n\n\n\n<p>&nbsp;&nbsp;&nbsp;&nbsp;&nbsp;&nbsp;&nbsp;&nbsp;&nbsp;&nbsp;&nbsp; <strong>2\u00ba<\/strong>. Regenerar el sistema pol\u00edtico mediante la sustituci\u00f3n de las viejas castas caciquiles propias de la Restauraci\u00f3n borb\u00f3nica por \u00abgentes de ideas sanas\u00bb.<\/p>\n\n\n\n<p>&nbsp;&nbsp;&nbsp;&nbsp;&nbsp;&nbsp;&nbsp;&nbsp;&nbsp;&nbsp;&nbsp; <strong>3\u00ba<\/strong>. Preservar el modelo centralizado y unitario de la \u00abnaci\u00f3n espa\u00f1ola\u00bb.<\/p>\n\n\n\n<p>&nbsp;&nbsp;&nbsp;&nbsp;&nbsp;&nbsp;&nbsp;&nbsp;&nbsp;&nbsp;&nbsp; Los objetivos perseguidos, pero no declarados fueron:<\/p>\n\n\n\n<p>\u00abEntre los objetivos no declarados, frenar el avance del anarcosindicalismo dentro del movimiento obrero y popular en Espa\u00f1a, persiguiendo penalmente a los sindicatos de la Confederaci\u00f3n Nacional del Trabajo (CNT) hasta convertirla en clandestina\u00bb<\/p>\n\n\n\n<p>Frenar el avance del anarcosindicalismo dentro del movimiento obrero y popular en Espa\u00f1a, persiguiendo penalmente a los sindicatos de la Confederaci\u00f3n Nacional del Trabajo (CNT) hasta convertirla en clandestina.<\/p>\n\n\n\n<p>Evitar huelgas como la de \u00abLa Canadiense\u00bb en Barcelona, que comenz\u00f3 el 5 de febrero de 1919 y durante cuarenta y cuatro d\u00edas paraliz\u00f3 la ciudad y al 70 % de toda la industria catalana, finalizando tras lograr los trabajadores un \u00e9xito sin precedentes. Todos los puntos de su plataforma reivindicativa fueron aceptados por la patronal, incluido el de despedir de la empresa a los esquiroles.<\/p>\n\n\n\n<p>Evitar la reforma fiscal y agraria.<\/p>\n\n\n\n<p>Fortalecer el car\u00e1cter olig\u00e1rquico del bloque de poder hegemonizado por banqueros y terratenientes, principalmente.<\/p>\n\n\n\n<p>Disminuir el salario de los jornaleros, aumentando as\u00ed la tasa de ganancia de las clases privilegiadas agrarias, en su mayor\u00eda clase ociosa que consideraba el trabajo una actividad indigna de su clase. De hecho, bajaron el salario de los jornaleros que trabajaban en el campo de sol a sol de 6 pts. en 1923 a 4,50 pts. en 1925 y a 4,0 pts. en 1929.<\/p>\n\n\n\n<p>Esa clase ociosa consideraba el trabajo una actividad indigna de su clase y por ello explotaba sin compasi\u00f3n a los jornaleros de sus tierras. Ser clase ociosa se convirti\u00f3 por un mecanismo de emulaci\u00f3n social en una aspiraci\u00f3n que muy pocos lograron hace un siglo en Espa\u00f1a<\/p>\n\n\n\n<p>El mayor propietario de tierras en el t\u00e9rmino municipal de Granada era el XXI Conde de la Puebla del Maestre, Francisco de Paula Fern\u00e1ndez de C\u00f3rdoba y Fern\u00e1ndez, destacado miembro de la alta sociedad madrile\u00f1a, como ha se\u00f1alado Miguel Artola Blanco en su libro <em>El fin de la clase ociosa<\/em>. No era el \u00fanico, muchos de los arist\u00f3cratas de viejo y nuevo abolengo hac\u00edan lo mismo; en nuestro libro se describe a estos rentistas. Esa clase ociosa consideraba el trabajo una actividad indigna de su clase, y por ello explotaba sin compasi\u00f3n a los jornaleros de sus tierras. Ser clase ociosa se convirti\u00f3 por un mecanismo de emulaci\u00f3n social en una aspiraci\u00f3n, que muy pocos lograron, hace un siglo en Espa\u00f1a.<\/p>\n\n\n\n<p><strong>-\u00bfC\u00f3mo reaccionaron las fuerzas pol\u00edticas y sociales al golpe?<\/strong><\/p>\n\n\n\n<p><em>-Roque Hidalgo \u00c1lvarez:&nbsp;<\/em>En un principio el golpe de Estado no solo fue apoyado y financiado por los agricultores cerealistas de Valladolid, los banqueros y empresarios de las siderurgias vizca\u00ednas y los empresarios de las industrias textiles barcelonesas, sino que cont\u00f3 con el apoyo, primero pasivo, y despu\u00e9s activo, de sectores obreros ligados a la Uni\u00f3n General de Trabajadores (UGT) que lideraba Francisco Largo Caballero. Los centros decisorios estaban, en efecto, en Valladolid, Bilbao y Barcelona. El ejecutor, sin embargo, Primo de Rivera, era de Jerez de la Frontera, y pertenec\u00eda a una familia con fuertes v\u00ednculos con la oligarqu\u00eda agraria jerezana y el Partido Conservador. Los propietarios de tierras no deb\u00edan de temer nada del \u00abcirujano de hierro\u00bb.<\/p>\n\n\n\n<figure class=\"wp-block-image is-style-rounded\"><img data-recalc-dims=\"1\" decoding=\"async\" src=\"https:\/\/i0.wp.com\/www.elindependientedegranada.es\/sites\/default\/files\/roque.jpg?w=640&#038;ssl=1\" alt=\"\"\/><\/figure>\n\n\n\n<p>Roque Hidalgo \u00c1lvarez.<\/p>\n\n\n\n<p>Los partidos del sistema de turnos, es decir, el conservador y el liberal, se resignaron a quedar fuera del juego pol\u00edtico, el Partido Socialista Obrero Espa\u00f1ol (PSOE) mantuvo una posici\u00f3n ambigua, recomendando prudencia a sus afiliados; mientras que los anarquistas (CNT) y comunistas (PCE) fueron los \u00fanicos que se opusieron al golpe, aunque sus convocatorias de huelga y manifestaci\u00f3n en Bilbao fracasaron rotundamente. La declaraci\u00f3n del Estado de guerra a\u00f1ad\u00eda a la tradicional militarizaci\u00f3n del \u00aborden p\u00fablico\u00bb la consideraci\u00f3n de reos por delito de rebeli\u00f3n o sedici\u00f3n, y sometidos por ello a consejos de guerra, a todos los que expresaran opiniones que pudieran \u00abproducir excitaci\u00f3n en las masas populares\u00bb, tomaran parte en manifestaciones no autorizadas u ostentaran lemas, divisas y distintivos contrarios a las instituciones establecidas en la \u00abConstituci\u00f3n del Estado\u00bb, entre otros motivos.<\/p>\n\n\n\n<p>\u00abDel estudio que hemos realizado se desprende que el golpe de Estado cont\u00f3 con el apoyo de la mayor\u00eda de las &#8216;fuerzas vivas&#8217; de la ciudad\u00b7<\/p>\n\n\n\n<p>Del estudio que hemos realizado se desprende que el golpe de Estado cont\u00f3 con el apoyo de la mayor\u00eda de las \u00abfuerzas vivas\u00bb de la ciudad. Enviaron telegramas de apoyo al general Primo de Rivera desde el Partido Cat\u00f3lico Nacional Integrista, que era una escisi\u00f3n de la Comuni\u00f3n Tradicionalista, es decir, de los carlistas y que presidia Jos\u00e9 Mu\u00f1oz-Cobo y Garc\u00eda, VII conde del Prado; hasta la Uni\u00f3n Mercantil que presid\u00eda el maestro sastre, Virgilio Castilla Carmona, adem\u00e1s de la Junta Directiva del C\u00edrculo Comercial, la C\u00e1mara de la Propiedad Urbana, la C\u00e1mara Agr\u00edcola y el Rectorado de la Universidad. El r\u00e9gimen parlamentario liberal estaba tan desprestigiado que nadie sali\u00f3 en su defensa.<\/p>\n\n\n\n<p><strong>-\u00bfCu\u00e1nto tiempo estuvo Primo de Rivera en el poder?<\/strong><\/p>\n\n\n\n<p><em>-Roque Hidalgo \u00c1lvarez:&nbsp;<\/em>La dictadura de Primo de Rivera estuvo vigente desde el 13 de septiembre de 1923 hasta el 28 de enero de 1930. Lo que iba a ser \u00abuna letra de cambio a noventa d\u00edas\u00bb dur\u00f3 m\u00e1s de seis a\u00f1os y durante ese tiempo intent\u00f3 instaurar un r\u00e9gimen corporativo basado en un partido \u00fanico, la Uni\u00f3n Patri\u00f3tica, una Asamblea Nacional Consultiva y un cuerpo paramilitar formado por pistoleros al servicio de los propietarios de tierras, el Somat\u00e9n. Su modelo econ\u00f3mico rompi\u00f3 el principio liberal de la no intervenci\u00f3n estatal en los asuntos econ\u00f3micos, creando dos monopolios estatales como fueron la Compa\u00f1\u00eda Telef\u00f3nica Nacional de Espa\u00f1a (CTNE) y la Compa\u00f1\u00eda Arrendataria del Monopolio de Petr\u00f3leos (CAMPSA). Mientras que la primera estaba ligada a la compa\u00f1\u00eda norteamericana <em>International Telephone &amp; Telegraph<\/em> (ITT), la segunda estaba en manos de los principales bancos espa\u00f1oles, es decir, el Banco de Vizcaya, el Banco Hispano Americano, el Banesto y el Banco Urquijo; conservando el Estado un m\u00ednimo del 30%. Se instauraba as\u00ed un capitalismo de Estado con una fuerte componente nacionalista. Como ya hemos mencionado, algunos autores como Eduardo Gonz\u00e1lez Calleja caracterizan este periodo hist\u00f3rico como de una modernizaci\u00f3n autoritaria, pues cambi\u00f3 en parte la base econ\u00f3mica del pa\u00eds, haci\u00e9ndose m\u00e1s industrial y menos arcaica, se aceler\u00f3 la urbanizaci\u00f3n con un r\u00e1pido crecimiento de algunas capitales, disminuy\u00f3 el analfabetismo y se aument\u00f3 el n\u00famero de estudiantes de bachillerato y universidad, etc. La electrificaci\u00f3n hizo posible que donde hab\u00eda oscuridad apareciera la luz, pero tambi\u00e9n que se pudieran transportar miles de personas en tranv\u00edas el\u00e9ctricos y se pudiera o\u00edr la voz humana a cientos de kil\u00f3metros de distancia mediante el tel\u00e9fono y la radio. Para algunos eran \u00ablos felices a\u00f1os veinte\u00bb.<\/p>\n\n\n\n<p>\u00abA partir de 1926 la situaci\u00f3n cambi\u00f3 y las cr\u00edticas al r\u00e9gimen se hicieron cada vez m\u00e1s fuertes\u00bb<\/p>\n\n\n\n<p>A partir de 1926 la situaci\u00f3n cambi\u00f3 y las cr\u00edticas al r\u00e9gimen se hicieron cada vez m\u00e1s fuertes. En t\u00e9rminos generales se considera que la p\u00e9rdida de apoyos de la Dictadura se debi\u00f3 a las siguientes causas:<\/p>\n\n\n\n<p><strong>1.&nbsp;&nbsp;<\/strong>&nbsp; El conflicto con el arma de Artiller\u00eda y con los generales constitucionalistas.<\/p>\n\n\n\n<p><strong>2.&nbsp;&nbsp;<\/strong>&nbsp; El descr\u00e9dito de la Uni\u00f3n Patri\u00f3tica al convertirse el partido \u00fanico en un antro repleto de nuevos caciques corruptos, ahora militares. El fracaso en la institucionalizaci\u00f3n del r\u00e9gimen al no lograr que funcionase realmente la Asamblea Nacional Consultiva. La decisi\u00f3n del PSOE de no participar en esa iniciativa fue decisiva.<\/p>\n\n\n\n<p><strong>3.&nbsp;&nbsp;<\/strong>&nbsp; El conflicto con algunos intelectuales como Unamuno, de los R\u00edos, Jim\u00e9nez de As\u00faa, etc., y con los estudiantes universitarios cuya extracci\u00f3n social era burguesa o peque\u00f1oburguesa.<\/p>\n\n\n\n<p><strong>4.&nbsp;<\/strong>&nbsp;&nbsp; El desencuentro con la jerarqu\u00eda cat\u00f3lica catalana dada la obligatoriedad de rezar en castellano.<\/p>\n\n\n\n<p><strong>5.<\/strong>&nbsp;&nbsp;&nbsp; El descontento de las clases medias urbanas por la subida de los impuestos. La presi\u00f3n fiscal en ese periodo subi\u00f3 un 42 %.<\/p>\n\n\n\n<p>\u00abTras comprobar que los Capitanes Generales de las diferentes regiones militares, despu\u00e9s de que todos ellos consultaran con el rey Alfonso XIII, le hab\u00edan retirado su apoyo, Primo de Rivera present\u00f3 su dimisi\u00f3n el 28 de enero de 1930. Estaba enfermo de diabetes y muri\u00f3 en el hotel Pont Royal de Par\u00eds el 16 de marzo de 1930\u00bb<\/p>\n\n\n\n<p><strong>6.&nbsp;<\/strong>&nbsp;&nbsp; El malestar de los comerciantes con la pol\u00edtica arancelaria que proteg\u00eda a la industria textil barcelonesa, encareciendo el precio de las manufacturas.<\/p>\n\n\n\n<p><strong>7.&nbsp;&nbsp;<\/strong>&nbsp; Los desajustes econ\u00f3micos en la llamada trilog\u00eda mediterr\u00e1nea: trigo, aceite y vino.<\/p>\n\n\n\n<p><strong>8.&nbsp;&nbsp;&nbsp; <\/strong>La depreciaci\u00f3n de la peseta frente a la libra esterlina y el d\u00f3lar norteamericano. Esas operaciones especulativas fueron, probablemente, promovidas por la empresa brit\u00e1nica <em>Shell<\/em> y la norteamericana <em>Standard Oil<\/em> que fueron expulsadas del mercado espa\u00f1ol del petr\u00f3leo y sus derivados con la creaci\u00f3n de CAMPSA en 1927.<\/p>\n\n\n\n<p><strong>9.<\/strong>&nbsp;&nbsp;&nbsp; El auge de los partidos republicanos que supieron canalizar el malestar social existente desde 1926 y que asociaba monarqu\u00eda con dictadura y democracia con rep\u00fablica.<\/p>\n\n\n\n<p>Tras comprobar que los Capitanes Generales de las diferentes regiones militares, despu\u00e9s de que todos ellos consultaran con el rey Alfonso XIII, le hab\u00edan retirado su apoyo, Primo de Rivera present\u00f3 su dimisi\u00f3n el 28 de enero de 1930. Estaba enfermo de diabetes y muri\u00f3 en el hotel <em>Pont Royal<\/em> de Par\u00eds el 16 de marzo de 1930.<\/p>\n\n\n\n<p><strong>-\u00bfQu\u00e9 cambios se produjeron en las instituciones pol\u00edticas de Granada?&nbsp;<\/strong><strong>\u00bfCambi\u00f3 la base de la clase propietaria granadina?<\/strong><\/p>\n\n\n\n<p><strong>&#8211;<\/strong><em>Roque Hidalgo \u00c1lvarez:&nbsp;<\/em>La oligarqu\u00eda granadina estaba formada por propietarios que en su mayor\u00eda eran abogados. El libro sirve para conocer en detalle a esa oligarqu\u00eda, que estaba organizada por clanes familiares que daban a su vez lugar a tribus econ\u00f3micas. Los mecanismos de cooperaci\u00f3n entre esas tribus eran muy d\u00e9biles y en ocasiones se produc\u00edan luchas internas entre ellas.&nbsp;&nbsp;<\/p>\n\n\n\n<p>\u00abParec\u00eda que se volv\u00eda al viejo sistema de demarqu\u00eda o estococracia en el que los gobernantes eran elegidos aleatoriamente entre los gobernados. Era un espejismo, cuando los asociados eligieron de entre ellos como alcalde al abogado y propietario Jos\u00e9 Tripaldi Jim\u00e9nez-Herrera, la autoridad militar record\u00f3 que los alcaldes de las capitales de provincia deb\u00edan de ser militares y Tripaldi dimiti\u00f3 de inmediato\u00bb<\/p>\n\n\n\n<p>La respuesta a estas dos preguntas ocupa una parte sustancial del libro. Tras el golpe de Estado en Granada, como en el resto de las capitales de provincia, se procedi\u00f3 de inmediato a sustituir al gobernador civil por el militar y a cesar a todos los alcaldes, concejales y diputados provinciales nombrados como resultado de las \u00faltimas elecciones locales celebradas el 5 de febrero de 1922. En esta ocasi\u00f3n, el reparto de concejal\u00edas estuvo muy igualado entre las diferentes fracciones conservadoras y liberales. El \u00abalcalde-presidente\u00bb en septiembre de 1923 era el abogado liberal romanonista Eduardo Navarro Senderos que dimiti\u00f3 casi de inmediato. Los concejales fueron sustituidos por los cuarenta vocales asociados que eran elegidos por sorteo entre los contribuyentes de la ciudad (1.829 personas) y que ten\u00edan una funci\u00f3n asesora dentro de las sesiones del Pleno de la Corporaci\u00f3n municipal. Se produce as\u00ed un curioso fen\u00f3meno de sustituci\u00f3n de pol\u00edticos profesionales por ciudadanos sin ninguna ambici\u00f3n pol\u00edtica. Parec\u00eda que se volv\u00eda al viejo sistema de demarqu\u00eda o estococracia en el que los gobernantes eran elegidos aleatoriamente entre los gobernados. Era un espejismo, cuando los asociados eligieron de entre ellos como alcalde al abogado y propietario Jos\u00e9 Tripaldi Jim\u00e9nez-Herrera, la autoridad militar record\u00f3 que los alcaldes de las capitales de provincia deb\u00edan de ser militares y Tripaldi dimiti\u00f3 de inmediato. Ser\u00eda el Gobierno, a trav\u00e9s del gobernador militar, quien nombrar\u00eda a Antonio D\u00edez de Rivera y Muro, XI Marqu\u00e9s de Casablanca, alcalde. El Marqu\u00e9s, adem\u00e1s de general de brigada del arma de artiller\u00eda retirado, era el propietario de los pueblos de Deifontes y Olivares. Ten\u00eda 66 a\u00f1os y estaba casado con Joaquina P\u00e9rez de Herrasti y P\u00e9rez de Herrasti, hija del III Conde de Antill\u00f3n y XI se\u00f1or del Padul. No ten\u00edan hijos. Como presidente de la Diputaci\u00f3n Provincial las autoridades militares nombraron a Jos\u00e9 D\u00edez de Rivera y Muro que, aunque parezca imposible, no era hermano del alcalde sino primo, sobrino y cu\u00f1ado.<\/p>\n\n\n\n<p>\u00abEn el libro se detallan todas las iniciativas discutidas en el Ayuntamiento, y las pocas que se pusieron en marcha, tanto en el mandato del marqu\u00e9s de Casablanca, desde el 1 de octubre de 1923 hasta el 30 de agosto de 1928, como en el de su sucesor el abogado Mariano Fern\u00e1ndez S\u00e1nchez-Puerta desde el 6 de septiembre de 1928 hasta el 13 de febrero de 1930\u00bb<\/p>\n\n\n\n<p>En el libro se detallan todas las iniciativas discutidas en el Ayuntamiento, y las pocas que se pusieron en marcha, tanto en el mandato del marqu\u00e9s de Casablanca, desde el 1 de octubre de 1923 hasta el 30 de agosto de 1928, como en el de su sucesor el abogado Mariano Fern\u00e1ndez S\u00e1nchez-Puerta desde el 6 de septiembre de 1928 hasta el 13 de febrero de 1930. Hab\u00eda una diferencia sustancial entre ambos, el Marqu\u00e9s representaba a la rancia aristocracia due\u00f1a de muchas tierras, el abogado dec\u00eda ser el representante de la \u00absufrida clase media\u00bb. El primero, se neg\u00f3 a pedir prestamos bancarios en una \u00e9poca de bonanza econ\u00f3mica para llevar a cabo las obras p\u00fablicas que d\u00e9cadas de abandono hab\u00edan hecho de Granada una de las ciudades espa\u00f1ola m\u00e1s insalubre, y el segundo, lo primero que hizo fue pedir un pr\u00e9stamo bancario en el peor momento de la econom\u00eda mundial, 1929, y que hipotec\u00f3 la econom\u00eda del Ayuntamiento durante d\u00e9cadas. Ambos ten\u00edan un sentido de la realidad muy mediatizado por su ideolog\u00eda, muy reaccionaria en el primero y m\u00e1s abierta en el segundo. Por encima de ambos y, con una visi\u00f3n mucho m\u00e1s amplia, se encontraba el madrile\u00f1o Julio Quesada Ca\u00f1averal y Pi\u00e9drola, duque de San Pedro de Galatino, que supo ver, como ning\u00fan otro, que el futuro econ\u00f3mico de Granada estaba en el turismo. L\u00e1stima que sus desencuentros con el dictador y con el alcalde privaran a Granada de su empresario m\u00e1s activo. El Duque era un ejemplo de burgu\u00e9s ambicioso y con ganas de ganar mucho dinero, mucho m\u00e1s de lo que pod\u00edan producir las rentas agrarias. Un tipo de burgu\u00e9s muy poco frecuente dentro de la \u00e9lite econ\u00f3mica granadina.<\/p>\n\n\n\n<p>\u00abLos mayores contribuyentes de la ciudad dejaron de ser propietarios de fincas r\u00fasticas para ser los comerciantes e industriales que la modernizaci\u00f3n autoritaria hab\u00eda impulsado\u00bb<\/p>\n\n\n\n<p>La clase propietaria granadina en esos a\u00f1os experiment\u00f3 cambios y reajustes internos muy intensos, se hizo mucho m\u00e1s industrial y comercial y menos agraria. Los mayores contribuyentes de la ciudad dejaron de ser propietarios de fincas r\u00fasticas para ser los comerciantes e industriales que la modernizaci\u00f3n autoritaria hab\u00eda impulsado.&nbsp;<\/p>\n\n\n\n<p><strong>-\u00bfQu\u00e9 proyectos industriales se realizaron en esos a\u00f1os?<\/strong><\/p>\n\n\n\n<p>-Roque Hidalgo \u00c1lvarez: Citar\u00e9 dos de caracter\u00edsticas muy diferentes. El primero tiene que ver con la constituci\u00f3n de la Sociedad Cervezas Alhambra. Esta Sociedad se constituy\u00f3 en Granada el 4 de noviembre de 1925. Sus principales accionistas fueron Carlos Bouvard D\u00fcrr (200 acciones) y su empresa La Moravia S. A. (480) y el vasco de origen alem\u00e1n Antonio Kn\u00f6rr y Ortiz de Urbina (120). Su sede central se instal\u00f3 en el \u00abcamino nuevo carretera de El Fargue n\u00ba 1\u00bb, en lo que se conoc\u00eda como el \u201cviejo matadero de cerdos\u201d. El presidente del Consejo de Administraci\u00f3n era el ciudadano franc\u00e9s afincado en Barcelona, Carlos Bouvard D\u00fcrr. Del total inicial de 879 acciones de la Sociedad An\u00f3nima, los \u00fanicos capitalistas granadinos que compraron alguna fueron Manuel Reyes S\u00e1enz (20) y Miguel L\u00f3pez S\u00e1ez de Balluerca (5). Adem\u00e1s de cerveza tipo Pilsen, la nueva f\u00e1brica produc\u00eda hielo, lo que no fue muy bien visto por los neveros. El segundo proyecto fue la inauguraci\u00f3n en septiembre de 1924 del tranv\u00eda a la Sierra, infraestructura realizada a iniciativa del duque de San Pedro de Galatino y que llevaba al semanario <em>La Verdad<\/em>, \u00f3rgano de expresi\u00f3n de la Comuni\u00f3n Tradicionalista de Granada, a decir que \u00aben el ilustre pr\u00f3cer deben tomar ejemplo muchos que por su posici\u00f3n o por el puesto oficial que ocupan, tienen el deber de trabajar en pro de esta hermosa ciudad en que nacieron y en la que vivir\u00e1n\u00bb.<\/p>\n\n\n\n<p><strong>-\u00bfEs verdad que se propuso cerrar de forma definitiva la Universidad de Granada? \u00bfQu\u00e9 papel jugaron los estudiantes en esos a\u00f1os?<\/strong><\/p>\n\n\n\n<p><em>-Carmen Morente Mu\u00f1oz:&nbsp;<\/em>El movimiento estudiantil, es decir, los estudiantes organizados, tuvo una importancia trascendental durante el siglo XX en Espa\u00f1a. Si existe una frase que pueda condensar su papel hist\u00f3rico esa ser\u00eda \u201ccombatiendo dictaduras\u201d. Combatieron a la dictadura de Primo de Rivera y a la dictadura de Franco. Su papel en el derrocamiento de la primera fue determinante.<\/p>\n\n\n\n<p>\u00abAl inicio de la dictadura de Primo de Rivera comienza a circular por la ciudad de manera apremiante la posibilidad de que el Directorio Militar cerrara la universidad en su &#8216;deseo de hacer econom\u00edas&#8217;. La prensa granadina especulaba con el asunto y los \u00e1nimos no se calmaron hasta que la propia dictadura advirti\u00f3 que los centros fundados antes de 1900 se mantendr\u00edan\u00bb<\/p>\n\n\n\n<p>El movimiento estudiantil en los a\u00f1os 30 del siglo XX proced\u00eda de una larga tradici\u00f3n liberal de lucha durante el siglo XIX frente a la presencia de la Iglesia Cat\u00f3lica en las aulas y de la consecuente falta de autonom\u00eda. Por eso no es de extra\u00f1ar que una de las reivindicaciones m\u00e1s importantes que articularon a los estudiantes durante la dictadura de Primo de Rivera fuera la derogaci\u00f3n del Plan Callejo (por el nombre del ministro de Instrucci\u00f3n P\u00fablica) que permit\u00eda a los jesuitas de Deusto y a los agustinos de El Escorial emitir t\u00edtulos universitarios.<\/p>\n\n\n\n<p>Tras las jornadas de lucha contra la carest\u00eda de la vida y la corrupci\u00f3n, acaecidas en Granada durante 1919, y en las que muri\u00f3 Ram\u00f3n Ruiz Peralta, estudiante de Medicina, quiz\u00e1s por no ser una universidad importante (en el curso acad\u00e9mico 1927-1928 contaba con 1.053 estudiantes, muchos de ellos \u201clibres\u201d), estaba en cierto modo aislada de las grandes confrontaciones entre los estudiantes y el Estado que se produc\u00edan en Madrid. Sin embargo, al inicio de la dictadura de Primo de Rivera comienza a circular por la ciudad de manera apremiante la posibilidad de que el Directorio Militar cerrara la universidad en su \u00abdeseo de hacer econom\u00edas\u00bb. La prensa granadina especulaba con el asunto y los \u00e1nimos no se calmaron hasta que la propia dictadura advirti\u00f3 que los centros fundados antes de 1900 se mantendr\u00edan.<\/p>\n\n\n\n<p>\u00abLa Universidad de Granada ser\u00e1 cerrada por orden gubernativa y, ante la queja de las autoridades acad\u00e9micas quienes afirmaban que en Granada todo marchaba con normalidad, el Gobierno les autoriza que puedan abrir de nuevo; anunciando medidas disciplinarias para mantener el orden en las aulas. El r\u00e9gimen en Granada responde promoviendo actos de adhesi\u00f3n a la dictadura\u00bb<\/p>\n\n\n\n<p>Mientras tanto, las autoridades acad\u00e9micas y el propio Rector Magn\u00edfico, el doctor don Ferm\u00edn Garrido Quintana, solicitaban al Ayuntamiento ayudas para ampliar la Facultad de Medicina o para buscar un local alternativo para la Escuela de Artes y Oficios. La apertura de los sucesivos cursos acad\u00e9micos da cuenta de los cambios que se iban produciendo en nuestra Universidad, con la incorporaci\u00f3n de nuevos profesores venidos de otras partes del pa\u00eds. Durante el curso acad\u00e9mico 1928-1929, curso en el que entraba en vigor la reforma del ministro Eduardo Callejo de la Cuesta, ahora s\u00ed, se tendr\u00eda que hacer frente a las movilizaciones estudiantiles que fueron apoyadas por insignes profesores universitarios. La Universidad de Granada ser\u00e1 cerrada por orden gubernativa y, ante la queja de las autoridades acad\u00e9micas quienes afirmaban que en Granada todo marchaba con normalidad, el Gobierno les autoriza que puedan abrir de nuevo; anunciando medidas disciplinarias para mantener el orden en las aulas. El r\u00e9gimen en Granada responde promoviendo actos de adhesi\u00f3n a la dictadura. En mayo de 1929 se anuncia, tras los llamados \u00absucesos escolares\u00bb, la apertura de las universidades; lo cual no evita que el catedr\u00e1tico de Derecho Pol\u00edtico de la Universidad de Granada, Fernando de los R\u00edos Urrutia, alma y ejemplo de los estudiantes movilizados, mantenga su posici\u00f3n de abandonar su c\u00e1tedra por oposici\u00f3n a la dictadura. Los acontecimientos en todos los lugares del pa\u00eds se van precipitando: los objetivos de la \u00abmodernizaci\u00f3n autoritaria\u00bb han perdido la credibilidad que aup\u00f3 a la dictadura con rey, casi sin resistencias. En la apertura del curso acad\u00e9mico 1930-1931 se producen cambios simb\u00f3licos, pero tambi\u00e9n objetivos: asisti\u00f3 Fernando de los R\u00edos Urrutia o Jos\u00e9 Palanco Romero, que no asist\u00edan por oposici\u00f3n a la dictadura; el inspector de Primera Ense\u00f1anza Fernando S\u00e1inz Ruiz y la profesora de la Escuela Normal de Maestras, Gloria Giner de los R\u00edos Garc\u00eda. Entre el p\u00fablico se encontraban representantes muy se\u00f1alados de la Federaci\u00f3n Universitaria Escolar, la temida FUE, que tantas veces puso en jaque a la dictadura. Por primera vez en la inauguraci\u00f3n del curso acad\u00e9mico interven\u00eda un estudiante, Adriano Robles L\u00f3pez de la Facultad de Medicina, presidente de la Federaci\u00f3n Universitaria Escolar, quien disert\u00f3 sobre los ideales de los estudiantes, \u201cel estudiante de hoy no es un cerebro loco e inexperto, pero s\u00ed un elemento rebelde\u2026\u201d.<\/p>\n\n\n\n<figure class=\"wp-block-image\"><img data-recalc-dims=\"1\" decoding=\"async\" src=\"https:\/\/i0.wp.com\/www.elindependientedegranada.es\/sites\/default\/files\/carmen_2.jpg?w=640&#038;ssl=1\" alt=\"\"\/><\/figure>\n\n\n\n<p>Carmen Morente Mu\u00f1oz.<\/p>\n\n\n\n<p>\u00abUno de los aspectos sobre los que indagamos para publicar este libro fue la situaci\u00f3n de la salubridad en Granada durante dicho periodo. Contamos para ello con un documento extraordinario: las Actas de la Junta Provincial de Sanidad de Granada que pudimos transcribir al completo\u00bb<\/p>\n\n\n\n<p><strong>-\u00bfC\u00f3mo se encontraba la salubridad e higiene p\u00fablica en esos tiempos?<\/strong><\/p>\n\n\n\n<p><strong>&#8211;<\/strong><em>Carmen Morente Mu\u00f1oz:&nbsp;<\/em>Uno de los aspectos sobre los que indagamos para publicar este libro fue la situaci\u00f3n de la salubridad en Granada durante dicho periodo. Contamos para ello con un documento extraordinario: las Actas de la Junta Provincial de Sanidad de Granada que pudimos transcribir al completo. Conformada por un n\u00famero importante de autoridades y acad\u00e9micos del \u00e1mbito de la Medicina, Farmacia, etc., la Junta era una instituci\u00f3n dependiente del Gobierno Civil, y siempre fue presidida por el gobernador provincial, siendo el Inspector Provincial de Sanidad su secretario y verdadero eje vertebrador de la Junta. A partir del Estatuto Provincial de 1925 la composici\u00f3n de la Junta queda perfectamente definida. Durante la dictadura el Inspector Provincial de Sanidad fue el doctor C\u00e9sar Sebasti\u00e1n Gonz\u00e1lez.<\/p>\n\n\n\n<p>Hay que tener en consideraci\u00f3n que, en esta \u00e9poca, y no solo para el caso de Espa\u00f1a, los Estados entend\u00edan por \u00absanidad p\u00fablica\u00bb solo los aspectos referidos a las epidemias, las pandemias y las enfermedades end\u00e9micas (la tuberculosis, por ejemplo, o las enfermedades de transmisi\u00f3n sexual), en menor medida. El resto de las enfermedades que se pod\u00edan padecer solo eran atendidas por los sectores con capacidad econ\u00f3mica para sufragar los gastos, quedando \u201clos pobres, el vulgo y los menesterosos\u201d en manos de la beneficencia p\u00fablica o privada. Desde finales del siglo XIX, en toda Europa y los EE. UU. se dictan leyes, muy condicionadas por el desarrollo del higienismo, la microbiolog\u00eda y la estad\u00edstica m\u00e9dica, con un desarrollo muy desigual en cuanto a sus logros. En 1904 se publica la Instrucci\u00f3n General de Sanidad (IGS), la ley que trata de homologar Espa\u00f1a al entorno occidental. El problema para el caso espa\u00f1ol no era la falta de legislaci\u00f3n sino la falta de presupuesto, la estructura de la administraci\u00f3n del Estado, y una estructura pol\u00edtica minada por la corrupci\u00f3n y el clientelismo. A lo que hay que sumar la influencia negativa del pensamiento m\u00e1gico-religioso, enemigo del avance cient\u00edfico. Dentro del pensamiento liberal el Estado no debe intervenir en aspectos de la vida que entiende como privados, como la sanidad o la educaci\u00f3n, que deja en manos de los Ayuntamientos, justo las instituciones m\u00e1s pobres y endeudadas. Los objetivos que proclama la IGS no fueron acompa\u00f1ados de un presupuesto, los ayuntamientos no ten\u00edan dinero y los intereses gremiales de colectivos como los farmac\u00e9uticos, los colegios m\u00e9dicos, y los propietarios de fincas urbanas y r\u00fasticas se resistieron con energ\u00eda para hacer inviables las reformas. Todos estos temas los vemos reflejados en las actas de la Junta Provincial de Sanidad de Granada. El voluntarismo y compromiso de C\u00e9sar Sebasti\u00e1n Gonz\u00e1lez no bastaron para revertir la situaci\u00f3n.<\/p>\n\n\n\n<p>\u00abMuchos miembros de la \u00e9lite granadina estar\u00e1n presentes en la Junta Provincial de Sanidad: adem\u00e1s de los sucesivos gobernadores civiles, alcaldes de la ciudad de Granada o los presidentes de la Diputaci\u00f3n; los directores del Hospital Militar, los arquitectos y jefes de obras p\u00fablicas del Ayuntamiento\u00bb<\/p>\n\n\n\n<p>Muchos miembros de la \u00e9lite granadina estar\u00e1n presentes en la Junta Provincial de Sanidad: adem\u00e1s de los sucesivos gobernadores civiles, alcaldes de la ciudad de Granada o los presidentes de la Diputaci\u00f3n; los directores del Hospital Militar, los arquitectos y jefes de obras p\u00fablicas del Ayuntamiento, encontramos al catedr\u00e1tico de Farmacia y Jefe del Laboratorio Municipal, Juan Nacle Herrera; a los catedr\u00e1ticos de Medicina, Antonio \u00c1lvarez de Cienfuegos, Antonio Amor y Rico y Fernando Escobar Manzano (presidente del Colegio de M\u00e9dicos), al abogado Ferm\u00edn Camacho L\u00f3pez (que, entre otros cargos fue Secretario de la C\u00e1mara Oficial de Comercio); a los arquitectos \u00c1ngel Casas V\u00edlchez, Fernando Wilhelmi Manzano y Eduardo Rodr\u00edguez Bol\u00edvar; al ingeniero agr\u00f3nomo Francisco Javier Allendesalazar y Azpiroz, II conde de Tobar; al farmac\u00e9utico Nicasio Montes Garz\u00f3n (presidente del Colegio Oficial de Farmac\u00e9uticos), y un largo etc\u00e9tera.<\/p>\n\n\n\n<p>La Junta, tambi\u00e9n, ten\u00eda que abordar multitud de temas burocr\u00e1ticos como el nombramiento de m\u00e9dicos en los municipios, la concesi\u00f3n de pensiones, incluidas las de viudedad (que corr\u00edan a cargo de los ayuntamientos), licencias de apertura de actividades, la apertura de \u201cbotiquines\u201d (farmacias de beneficencia), sanciones a las personas, empresas o instituciones que violaran las disposiciones (con desigual cumplimiento);&nbsp; cierre de cementerios municipales por insalubres, apertura o cierre de mataderos o mercados en los pueblos, as\u00ed como una retah\u00edla de disposiciones que se repiten a\u00f1o tras a\u00f1o, lo cual indica que nunca llegaban a cumplirse, como por ejemplo, la prohibici\u00f3n de entrada de las cabras a la ciudad, la obligatoriedad de declarar la existencia de enfermos contagiosos (que los ricos elud\u00edan) o de vender la ropa de los muertos por enfermedades contagiosas, el cierre de traper\u00edas ilegales, etc.<\/p>\n\n\n\n<p>En Granada exist\u00edan hospitales privados y algunos de beneficencia, obsoletos y saturados, sumidos en el caos cuando aparec\u00eda una epidemia, como el de San Juan de Dios, el Hospital de San L\u00e1zaro y el Hospital Real.<\/p>\n\n\n\n<p>\u00abLas enfermedades que en esta \u00e9poca m\u00e1s preocupan a la Junta ser\u00e1n la brucelosis (que transmiten las cabras y la leche de las cabras), el tifus exantem\u00e1tico (llamado \u201cdel piojo verde\u201d), las enfermedades intestinales producto de la bacteria escherichia coli, (que transmiten las aguas), llamada por su reiteraci\u00f3n \u201cla diarrea granadina\u201d, sarampi\u00f3n, viruela, sarna, ti\u00f1a, entre otras\u00bb<\/p>\n\n\n\n<p>Las enfermedades que en esta \u00e9poca m\u00e1s preocupan a la Junta ser\u00e1n la brucelosis (que transmiten las cabras y la leche de las cabras), el tifus exantem\u00e1tico (llamado \u201cdel piojo verde\u201d), las enfermedades intestinales producto de la bacteria escherichia coli, (que transmiten las aguas), llamada por su reiteraci\u00f3n \u201cla diarrea granadina\u201d, sarampi\u00f3n, viruela, sarna, ti\u00f1a, entre otras; tambi\u00e9n la vigilancia ante un brote de peste bub\u00f3nica procedente de M\u00e1laga. Todas ellas ligadas de forma directa a las malas condiciones de vida de los pobres granadinos que se hacinan principalmente en los barrios de San Ildefonso y el Albayz\u00edn. La ciudad hab\u00eda crecido de forma descomunal sin que se hubiesen construido nuevas viviendas, o sea, el crecimiento se traduc\u00eda en mayor hacinamiento en los barrios pobres ya superpoblados con anterioridad. El tema de la falta de abastecimiento de aguas potables y de una red de alcantarillado moderna eran sangrantes en todos los municipios de la provincia. En la capital, decenas de propuestas durante d\u00e9cadas se barajaron sin que ninguna llegase a prosperar; igual ocurri\u00f3 con el necesario ensanche que permitiera el crecimiento habitacional de la ciudad. La Dictadura de Primo de Rivera tampoco pudo solucionar estos problemas ya que los intereses privados de los propietarios lo impidieron.<\/p>\n\n\n\n<p>Se\u00f1alamos, para finalizar, un acontecimiento ocurrido en el verano de 1924 en el pueblo de Lanjar\u00f3n, en el cual se produce una epidemia de \u00abdiarrea granadina\u00bb, motivada por la infecci\u00f3n de uno de los ca\u00f1os del municipio. La Junta toma cartas en el asunto y hechas las comprobaciones cient\u00edficas que certifican la infecci\u00f3n por escherichia coli, decide cerrar dicho ca\u00f1o. El pueblo se subleva y, cuando en enero de 1925, el propio C\u00e9sar Sebasti\u00e1n, junto a otras autoridades, visitan Lanjar\u00f3n para dar un mitin y dar todas las explicaciones cient\u00edficas necesarias, son recibidos de modo \u00ablevantisco\u00bb, dirigidos por su se\u00f1or alcalde que les grita, \u00ablas epidemias las manda Dios\u00bb.<\/p>\n\n\n\n<p>Quedaba mucho por hacer para que el pensamiento cient\u00edfico sustituyera al pensamiento m\u00e1gico en las mentes del pueblo trabajador.<\/p>\n\n\n\n<figure class=\"wp-block-image\"><img data-recalc-dims=\"1\" decoding=\"async\" src=\"https:\/\/i0.wp.com\/www.elindependientedegranada.es\/sites\/default\/files\/roque_hidalgo_alvarez_-_catedratico_fisica_aplicada_0.jpg?w=640&#038;ssl=1\" alt=\"\"\/><\/figure>\n\n\n\n<p><strong>Roque Hidalgo \u00c1lvarez<\/strong> naci\u00f3 el 17 de julio de 1952 en La Carolina (Ja\u00e9n), es el s\u00e9ptimo de ocho hermanos. Ha estudiado siempre en centros p\u00fablicos de ense\u00f1anza, Escuela unitaria e Instituto Laboral en su pueblo, bachiller t\u00e9cnico superior en la Universidad Laboral de Alcal\u00e1 de Henares, licenciatura y doctorado en las Universidades de Granada y C\u00e1diz. En 1975 se licenci\u00f3 en Ciencias (Secci\u00f3n de Qu\u00edmicas) y en 1979 se doctor\u00f3 en Ciencias (Secci\u00f3n de F\u00edsicas) por la Universidad de Granada.&nbsp; En 1984 realiz\u00f3 una estancia posdoctoral en la Universidad de Wageningen (Pa\u00edses Bajos).<\/p>\n\n\n\n<p>Fue catedr\u00e1tico de universidad en el \u00e1rea de F\u00edsica Aplicada desde 1992 hasta 2022 en la Universidad de Granada. Ha liderado contratos de investigaci\u00f3n con empresas espa\u00f1olas y multinacionales en el campo de las emulsiones y pruebas serol\u00f3gicas de diagn\u00f3stico.<\/p>\n\n\n\n<p>En julio de 2019 obtuvo el grado de doctor en Artes y Humanidades por la Universidad de C\u00e1diz con una tesis sobre la \u00e9lite granadina durante la dictadura del general Primo de Rivera.<\/p>\n\n\n\n<p>En la actualidad est\u00e1 matriculado en el Programa de Doctorado en Ciencias Jur\u00eddicas de la Universidad de Granada.<\/p>\n\n\n\n<figure class=\"wp-block-image\"><img data-recalc-dims=\"1\" decoding=\"async\" src=\"https:\/\/i0.wp.com\/www.elindependientedegranada.es\/sites\/default\/files\/julioyou_0.jpg?w=640&#038;ssl=1\" alt=\"\"\/><\/figure>\n\n\n\n<p><strong>Julio P\u00e9rez Serran<\/strong>o es Catedr\u00e1tico de Historia Contempor\u00e1nea y Coordinador del Programa de Doctorado en Artes y Humanidades de la Universidad de C\u00e1diz. En 1993 cre\u00f3 el Grupo de Estudios de Historia Actual (GEHA) del que sigue siendo responsable. Entre 2005 y 2017 dirigi\u00f3 el M\u00e1ster Universitario en Cooperaci\u00f3n al Desarrollo y Gesti\u00f3n de Proyectos de la Universidad de C\u00e1diz. Desde el a\u00f1o 2000 preside la Asociaci\u00f3n de Historia Actual y coordina la Red Acad\u00e9mica Internacional de Historia Actual. Desde 2003 es editor de Historia Actual Online y de la Revista de Historia Actual. Promotor y director de los Congresos Internacionales Nuestro Patrimonio Com\u00fan, que se celebran anualmente en la Universidad de C\u00e1diz desde 2001. Es co-director de los Simposios Internacionales de Historia Actual, organizados desde 1996 por el Gobierno de La Rioja. En colaboraci\u00f3n con Marie-Claude Chaput es director de los Coloquios sobre la Transici\u00f3n Espa\u00f1ola, que se celebran anualmente en el Colegio de Espa\u00f1a de Par\u00eds desde 2009. Doctor por la Universidad de C\u00e1diz con la tesis La poblacion de Cadiz en el transito del Antiguo al Nuevo Regimen (1775-1835) 1991.<\/p>\n\n\n\n<figure class=\"wp-block-image\"><img data-recalc-dims=\"1\" decoding=\"async\" src=\"https:\/\/i0.wp.com\/www.elindependientedegranada.es\/sites\/default\/files\/carmen2_0.jpg?w=640&#038;ssl=1\" alt=\"\"\/><\/figure>\n\n\n\n<p><strong>Mar\u00eda del Carmen Morente Mu\u00f1oz&nbsp;<\/strong>es Profesora de Educaci\u00f3n B\u00e1sica. Escuela Normal de Magisterio. Universidad de Granada-1973, Licenciada en Filosof\u00eda y Letras. Universidad de Granada. 1978 y Grado de Licenciatura en Historia del Arte. Sobresaliente. 1979. Es miembro de la Asociaci\u00f3n Historia Actual (AHA), organizaci\u00f3n internacional, con sede en la Universidad de C\u00e1diz, que agrupa a investigadores sociales.<\/p>\n\n\n\n<p>Grupo de Estudios Historia Actual de la Universidad de C\u00e1diz (GEHA). Ha participado, entre otros, en el Seminario Nuestro Patrimonio Com\u00fan, entidad que realiza sus sesiones en la Universidad de C\u00e1diz, convocadas por la AHA y el GEHA; fue Profesora del Master en Cooperaci\u00f3n al Desarrollo y Gesti\u00f3n de Proyectos (Vicerrectorado de Profesorado y Estudios de Posgrado); as\u00ed como en otras actividades promovidas por el GEHA.<\/p>\n\n\n\n<p>Ha impartido conferencias en la Rep\u00fablica Bolivariana de Venezuela, invitada por el IVIC y el Ministerio del Trabajo, divulgando la figura y obra de Federico Garc\u00eda Lorca; e impartido clases en el Instituto de Altos Estudios Diplom\u00e1ticos, \u201cPedro Gual\u201d. As\u00ed como en la Academia de Psicolog\u00eda Social de la UNAM-Zaragoza (M\u00e9xico) y, como observadora, ha participado en las reuniones del Foro de Sao Paulo hasta el a\u00f1o 2002 y en las reuniones de la Federaci\u00f3n Democr\u00e1tica Internacional de Mujeres, celebradas en Latinoam\u00e9rica.<\/p>\n\n\n\n<p>Escribe regularmente en el peri\u00f3dico \u201cEl Otro Pa\u00eds de Este Mundo\u201d, de cuyo equipo de redactores forma parte y ha colaborado en revistas latinoamericanas, ligadas a la izquierda, como \u201cDebate Abierto\u201d (Venezuela) , \u201cMarxismo Militante\u201d(Bolivia), \u201cEl Rebelde\u201d (Chile); y en peri\u00f3dicos como \u201cCiudad Caracas\u201d y \u201cEl Correo del Orinoco\u201d, quien public\u00f3 el folleto, \u201cEspa\u00f1a y su crisis\u201d(2011), en la colecci\u00f3n \u201cClaves\u201d, con una tirada de 5.000 ejemplares. En Historia Actual Online, ha publicado, \u201cLos anarquistas de Casas Viejas\u201d y \u201cUruguay: el Sur tambi\u00e9n existe\u201d (2013) y \u201cAgust\u00edn Pen\u00f3n y su investigaci\u00f3n sobre Federico Garc\u00eda Lorca: Miedo Olvido y Fantas\u00eda\u201d. Tambi\u00e9n ha colaborado con la revista \u201cLaberinto\u201d (Espa\u00f1a) y publicado en en la revista \u201cFerrol An\u00e1lisis\u201d, sobre la figura de Don Alejandro Otero (2006) y en Abecedario Maldito. Revista EntreR\u00edos. Asociaci\u00f3n Minerva de Artes y Letras. Granada. 2006. Do\u00f1a Mar\u00eda Luz Escribano Pueo (mi maestra). Granada.2020.<\/p>\n\n\n\n<p>Entre otros premios literarios, ha logrado el Concurso de Relatos Cortos, \u201cAtarfe-Mujer\u201d, 1996. T\u00edtulo: <em>No te duermas papuchi lindo;&nbsp;<\/em>Premio de Relatos Cortos, Asociaci\u00f3n de Mujeres de Alcorc\u00f3n, 2001. con&nbsp; <em>La Abuela Adela&nbsp;<\/em>y ha sido finalista del II Certamen de Relatos Cortos, organizado por la Asociaci\u00f3n COLEGAS, de C\u00e1diz, 2004 con <em>\u00a1Ay, amor, que se fue y no vino!&nbsp;<\/em>y del I Concurso de Relatos Cortos, \u201cForo por la Memoria de C\u00f3rdoba\u201d, 2006, con <em>El ojo de cristal<\/em>.<\/p>\n\n\n\n<p>Miembro del grupo de teatro de marionetas de la Escuela Normal de Magisterio; Co-Fundadora del Ateneo Cultural \u201cJos\u00e9 Rom\u00e1n\u201d de Atarfe- Granada y del Grupo de Teatro Femenino, \u201cQui\u00e9n sabe d\u00f3nde\u201d, de Atarfe; miembro del Comit\u00e9 de los Premios Literarios \u201cRector Salvador Vila\u201d. Granada. Durante 8 a\u00f1os ha colaborado en el Programa de Radio, \u201cPor los Caminos de la Patria Grande), en la emisora municipal de Atarfe; programa dirigido por el periodista uruguayo, Rubens Punzo R\u00edos. Desde hace dos a\u00f1os mantiene un blog, \u201c<a href=\"https:\/\/roeterojo.blogspot.com\/\">Roete Rojo<\/a>\u201d, donde se publican con regularidad materiales narrativos, po\u00e9ticos; ensayos pol\u00edticos y de opini\u00f3n.<\/p>\n\n\n\n<p><strong>El Independiente de Granada<\/strong><\/p>\n\n\n\n\n","protected":false},"excerpt":{"rendered":"<p>Una investigaci\u00f3n pionera recoge en un libro el impacto en Granada de la dictadura de&#8230;<\/p>\n","protected":false},"author":1,"featured_media":75670,"comment_status":"closed","ping_status":"closed","sticky":false,"template":"","format":"standard","meta":{"_coblocks_attr":"","_coblocks_dimensions":"","_coblocks_responsive_height":"","_coblocks_accordion_ie_support":"","jetpack_post_was_ever_published":false,"_jetpack_newsletter_access":"","_jetpack_dont_email_post_to_subs":false,"_jetpack_newsletter_tier_id":0,"_jetpack_memberships_contains_paywalled_content":false,"_jetpack_memberships_contains_paid_content":false,"footnotes":"","jetpack_publicize_message":"","jetpack_publicize_feature_enabled":true,"jetpack_social_post_already_shared":true,"jetpack_social_options":{"image_generator_settings":{"template":"highway","default_image_id":0,"enabled":false},"version":2}},"categories":[186,10783,44,7671],"tags":[],"class_list":["post-75604","post","type-post","status-publish","format-standard","has-post-thumbnail","hentry","category-instituciones","category-la-opinion-de","category-noticias-de-hoy","category-politica"],"jetpack_publicize_connections":[],"jetpack_featured_media_url":"https:\/\/i0.wp.com\/miradordeatarfe.es\/wp-content\/uploads\/2025\/03\/libro_0b.jpg?fit=624%2C334&ssl=1","jetpack_likes_enabled":true,"jetpack_sharing_enabled":true,"_links":{"self":[{"href":"https:\/\/miradordeatarfe.es\/index.php?rest_route=\/wp\/v2\/posts\/75604","targetHints":{"allow":["GET"]}}],"collection":[{"href":"https:\/\/miradordeatarfe.es\/index.php?rest_route=\/wp\/v2\/posts"}],"about":[{"href":"https:\/\/miradordeatarfe.es\/index.php?rest_route=\/wp\/v2\/types\/post"}],"author":[{"embeddable":true,"href":"https:\/\/miradordeatarfe.es\/index.php?rest_route=\/wp\/v2\/users\/1"}],"replies":[{"embeddable":true,"href":"https:\/\/miradordeatarfe.es\/index.php?rest_route=%2Fwp%2Fv2%2Fcomments&post=75604"}],"version-history":[{"count":3,"href":"https:\/\/miradordeatarfe.es\/index.php?rest_route=\/wp\/v2\/posts\/75604\/revisions"}],"predecessor-version":[{"id":75717,"href":"https:\/\/miradordeatarfe.es\/index.php?rest_route=\/wp\/v2\/posts\/75604\/revisions\/75717"}],"wp:featuredmedia":[{"embeddable":true,"href":"https:\/\/miradordeatarfe.es\/index.php?rest_route=\/wp\/v2\/media\/75670"}],"wp:attachment":[{"href":"https:\/\/miradordeatarfe.es\/index.php?rest_route=%2Fwp%2Fv2%2Fmedia&parent=75604"}],"wp:term":[{"taxonomy":"category","embeddable":true,"href":"https:\/\/miradordeatarfe.es\/index.php?rest_route=%2Fwp%2Fv2%2Fcategories&post=75604"},{"taxonomy":"post_tag","embeddable":true,"href":"https:\/\/miradordeatarfe.es\/index.php?rest_route=%2Fwp%2Fv2%2Ftags&post=75604"}],"curies":[{"name":"wp","href":"https:\/\/api.w.org\/{rel}","templated":true}]}}