{"id":75647,"date":"2025-03-29T09:38:00","date_gmt":"2025-03-29T08:38:00","guid":{"rendered":"https:\/\/miradordeatarfe.es\/?p=75647"},"modified":"2025-03-19T13:43:02","modified_gmt":"2025-03-19T12:43:02","slug":"para-ella-los-perdedores-eran-los-heroes-el-emocionante-retrato-intimo-y-politico-de-almudena-grandes","status":"publish","type":"post","link":"https:\/\/miradordeatarfe.es\/?p=75647","title":{"rendered":"\u201cPara ella los perdedores eran los h\u00e9roes\u201d, el emocionante retrato \u00edntimo y pol\u00edtico de Almudena Grandes"},"content":{"rendered":"\n<p class=\"has-medium-font-size\"><strong>El documental &#8216;Almudena&#8217; recoge las \u00faltimas im\u00e1genes de la escritora, fallecida en 2021, y repasa su vida para mostrar su compromiso como algo indisociable en su vida y su obra<\/strong><\/p>\n\n\n\n<p>En una ocasi\u00f3n, <a href=\"https:\/\/www.eldiario.es\/cultura\/almudena-grandes-escritora-nego-olvidar_1_8532582.html\">Almudena Grandes<\/a> fue invitada por Felipe VI a una recepci\u00f3n en la Casa Real. Acompa\u00f1aba a su pareja, <a href=\"https:\/\/www.eldiario.es\/cultura\/luis-garcia-montero-junta-andalucia-entrar-gente-no-cree-democracia_1_9091459.html\">Luis Garc\u00eda Montero, <\/a>director del Instituto Cervantes. Pero aquel d\u00eda jugaba su Atleti, una de sus pasiones. Se present\u00f3 con la bufanda del equipo escondida en su bolso, y antes de llegar a los postres pidi\u00f3 un taxi y se fue porque ten\u00eda que ver el partido. La an\u00e9cdota la recuerda entre risas su hermana M\u00f3nica Grandes desde el Festival de M\u00e1laga. A su lado se encuentra Azucena Rodr\u00edguez, amiga de la escritora y directora de cine que ha presentado <em>Almudena<\/em>, un documental que ha hecho a todo el certamen emocionarse recordando una figura fundamental para las letras espa\u00f1olas, <a href=\"https:\/\/www.eldiario.es\/cultura\/muere-almudena-grandes-61-anos-edad_1_8532193.html\">fallecida el 27 de noviembre de 2021.<\/a> <a href=\"https:\/\/www.eldiario.es\/cultura\/cine\/documental-muestra-caza-hienas-caravaggio-vende-madrid-1-500-euros_1_12135303.html\">El documental que muestra la caza \u00abcomo hienas\u00bb del Caravaggio que casi se vende en Madrid por 1.500 euros<\/a><\/p>\n\n\n\n<p>Rodr\u00edguez coge el testigo y se acuerda de otra. Cuando Joaqu\u00edn Sabina les anunci\u00f3 que iba a ir a una cena en casa de la escritora con Gabriel Garc\u00eda M\u00e1rquez, al que admiraba much\u00edsimo. Ella cocinaba y la cineasta estaba de pinche. Hab\u00eda 30 personas invitadas. Cuando lleg\u00f3 Sabina con el ganador del premio Nobel, avisaron a Almudena Grandes para que fuera a rendir honores a Gabo, pero ella respondi\u00f3: \u201cQue espere, que se me queman las croquetas\u201d.<\/p>\n\n\n\n<p>An\u00e9cdotas como estas hay muchas en <em>Almudena.<\/em> Todas ayudan a componer un retrato \u00edntimo de la escritora, pero tambi\u00e9n un retrato pol\u00edtico. Porque en todos estos gestos se deja ver el compromiso social de una autora que siempre estaba con la gente. Siempre pensaba en ellos. Para ellos eran sus novelas, sus columnas y sus discursos. El filme la recuerda a trav\u00e9s de los testimonios de los que la conocieron. Su familia, sus amigos\u2026 pero tambi\u00e9n de las palabras de la propia Almudena Grandes, que accedi\u00f3 a rodar un documental para Azucena Rodr\u00edguez sin saber que estas im\u00e1genes quedar\u00edan con la triste etiqueta de ser las \u00faltimas.&nbsp;<\/p>\n\n\n\n<figure class=\"wp-block-image\"><img data-recalc-dims=\"1\" decoding=\"async\" src=\"https:\/\/i0.wp.com\/static.eldiario.es\/clip\/c22f8430-bb8b-4201-a651-09dbb613da6c_16-9-discover-aspect-ratio_default_1112964.jpg?w=640&#038;ssl=1\" alt=\"\"\/><figcaption class=\"wp-element-caption\">La escritora Almudena Grandes, en una imagen de archivo. EFE\/PABLO MART\u00cdN<\/figcaption><\/figure>\n\n\n\n<p>Se entiende tambi\u00e9n de d\u00f3nde naci\u00f3 esa pasi\u00f3n por escribir, que ya desde ni\u00f1a estaba cuando escrib\u00eda cuentos que nunca acababa. Pero sobre todo desde que le regalaron<em> La odisea<\/em> en una versi\u00f3n infantil por su comuni\u00f3n. Aquel libro lo empez\u00f3 a leer en primera persona del plural y, como se la escucha decir en el documental, cuando Ulises rescat\u00f3 a Pen\u00e9lope y culmin\u00f3 su venganza, tambi\u00e9n se veng\u00f3 por Almudena Grandes. La veng\u00f3 de todas las veces que no la cogieron como angelito en la funci\u00f3n de Navidad por ser \u201cgrande y peluda\u201d. Por salirse de la norma. Si Ulises salv\u00f3 a Almudena, ella nos salv\u00f3 a nosotros, lectores que se ve\u00edan representados en sus historias, que daban dignidad a los perdedores.<\/p>\n\n\n\n<p>\u201cNunca la cog\u00edan en nada. Era muy torpe. Muy patosa. Y por eso, sus personajes, cuanto m\u00e1s perdedores eran, m\u00e1s les resarc\u00eda. Eso qued\u00f3 muy claro con las novelas de la Guerra Civil\u201d, recuerda su hermana, que no puede evitar emocionarse. Recoge el testigo su amiga: \u201cEran perdedores, pero para ella eran h\u00e9roes. Eran unas hero\u00ednas que te cagas. Cuando acomete los <em>Episodios de una guerra interminable<\/em> lo dice, que era una manera de hacer justicia, de dar voz a los perdedores de la guerra. Por eso cada libro ten\u00eda un ep\u00edlogo, porque ella dec\u00eda que esas historias no acababan bien y la \u00fanica manera de darles un final feliz era con ese ep\u00edlogo con la democracia ya conquistada. Ella nos hac\u00eda justicia. Justicia con tantos hombres y mujeres que dieron su vida por conquistar la democracia en este pa\u00eds\u201d.<\/p>\n\n\n\n<p>En el documental las personas cercanas a Almudena Grandes hacen, de alguna forma, el duelo por perderla. Mientras, las im\u00e1genes de ella muestran la vitalidad que ten\u00eda. Su capacidad de captar la atenci\u00f3n con cuatro palabras. Su energ\u00eda arrolladora que pasaba por encima de todos. Una energ\u00eda que tanto su hermana como Azucena Rodr\u00edguez creen que es necesaria en estos momentos. \u201cCreo que fue despu\u00e9s de Zapatero que un d\u00eda me dijo, \u2018vamos a comprarnos unas zapatillas, porque hay que salir todos los d\u00edas a la calle\u2019\u201d, dice M\u00f3nica Grandes, que a\u00f1ade que la echa de menos porque era Almudena la que la empujaba a protestar, a gritar por las injusticias.<\/p>\n\n\n\n<blockquote class=\"wp-block-quote is-layout-flow wp-block-quote-is-layout-flow\">\n<p>Nos gustar\u00eda ver qu\u00e9 estar\u00eda diciendo ahora Almudena de Trump, o de Putin. Qu\u00e9 bien lo habr\u00eda contado, qu\u00e9 bien les habr\u00eda machacado<\/p>\n\n\n\n<p>M\u00f3nica Grandes\u2014 Hermana de Almudena Grandes<\/p>\n<\/blockquote>\n\n\n\n<p>Muchas veces piensan en qu\u00e9 dir\u00eda ella de lo que est\u00e1 pasando. De este mundo donde la extrema derecha cada vez tiene m\u00e1s poder. Donde los derechos de las mujeres o del colectivo LGTB est\u00e1n cada vez m\u00e1s amenazados. \u201cYo creo que lo pensamos todos los que la conocimos y los que no, tambi\u00e9n todos sus lectores, es que nos gustar\u00eda ver qu\u00e9 estar\u00eda diciendo ahora de Trump, o de Putin. Qu\u00e9 bien lo habr\u00eda contado, qu\u00e9 bien les habr\u00eda machacado. Ahora mismo estar\u00eda horrorizada, pero lo estar\u00eda explicando fenomenal\u201d, f\u00e1bula su hermana.<\/p>\n\n\n\n<p>\u201cMenos mal que no est\u00e1, porque le dar\u00eda un infarto\u201d, apuntala la cineasta que cree que ahora mismo lo que dir\u00eda es que \u201chay que refundar la izquierda\u201d, algo que \u201cella ya intent\u00f3 varias veces\u201d y una tarea en la que no dudar\u00eda en volver a meterse.\u00a0 <\/p>\n\n\n\n<p><a href=\"https:\/\/www.eldiario.es\/autores\/javier-zurro\/\"><strong>Javier Zurro<\/strong><\/a><\/p>\n\n\n\n<p>foto: Almudena Grandes en una imagen del documental Relabel<\/p>\n\n\n\n<p><a href=\"https:\/\/www.eldiario.es\/cultura\/cine\/perdedores-heroes-emocionante-retrato-intimo-politico-almudena-grandes_1_12140272.html\">https:\/\/www.eldiario.es\/cultura\/cine\/perdedores-heroes-emocionante-retrato-intimo-politico-almudena-grandes_1_12140272.html<\/a><\/p>\n","protected":false},"excerpt":{"rendered":"<p>El documental &#8216;Almudena&#8217; recoge las \u00faltimas im\u00e1genes de la escritora, fallecida en 2021, y repasa&#8230;<\/p>\n","protected":false},"author":1,"featured_media":75648,"comment_status":"closed","ping_status":"closed","sticky":false,"template":"","format":"standard","meta":{"_coblocks_attr":"","_coblocks_dimensions":"","_coblocks_responsive_height":"","_coblocks_accordion_ie_support":"","jetpack_post_was_ever_published":false,"_jetpack_newsletter_access":"","_jetpack_dont_email_post_to_subs":false,"_jetpack_newsletter_tier_id":0,"_jetpack_memberships_contains_paywalled_content":false,"_jetpack_memberships_contains_paid_content":false,"footnotes":"","jetpack_publicize_message":"","jetpack_publicize_feature_enabled":true,"jetpack_social_post_already_shared":true,"jetpack_social_options":{"image_generator_settings":{"template":"highway","default_image_id":0,"enabled":false},"version":2}},"categories":[14,44,6937],"tags":[],"class_list":["post-75647","post","type-post","status-publish","format-standard","has-post-thumbnail","hentry","category-feminismo","category-noticias-de-hoy","category-sociedad"],"jetpack_publicize_connections":[],"jetpack_featured_media_url":"https:\/\/i0.wp.com\/miradordeatarfe.es\/wp-content\/uploads\/2025\/03\/961ad769-a80d-4d60-8d40-1a35ca7d34df_16-9-discover-aspect-ratio_default_1113755.webp?fit=1200%2C675&ssl=1","jetpack_likes_enabled":true,"jetpack_sharing_enabled":true,"_links":{"self":[{"href":"https:\/\/miradordeatarfe.es\/index.php?rest_route=\/wp\/v2\/posts\/75647","targetHints":{"allow":["GET"]}}],"collection":[{"href":"https:\/\/miradordeatarfe.es\/index.php?rest_route=\/wp\/v2\/posts"}],"about":[{"href":"https:\/\/miradordeatarfe.es\/index.php?rest_route=\/wp\/v2\/types\/post"}],"author":[{"embeddable":true,"href":"https:\/\/miradordeatarfe.es\/index.php?rest_route=\/wp\/v2\/users\/1"}],"replies":[{"embeddable":true,"href":"https:\/\/miradordeatarfe.es\/index.php?rest_route=%2Fwp%2Fv2%2Fcomments&post=75647"}],"version-history":[{"count":1,"href":"https:\/\/miradordeatarfe.es\/index.php?rest_route=\/wp\/v2\/posts\/75647\/revisions"}],"predecessor-version":[{"id":75649,"href":"https:\/\/miradordeatarfe.es\/index.php?rest_route=\/wp\/v2\/posts\/75647\/revisions\/75649"}],"wp:featuredmedia":[{"embeddable":true,"href":"https:\/\/miradordeatarfe.es\/index.php?rest_route=\/wp\/v2\/media\/75648"}],"wp:attachment":[{"href":"https:\/\/miradordeatarfe.es\/index.php?rest_route=%2Fwp%2Fv2%2Fmedia&parent=75647"}],"wp:term":[{"taxonomy":"category","embeddable":true,"href":"https:\/\/miradordeatarfe.es\/index.php?rest_route=%2Fwp%2Fv2%2Fcategories&post=75647"},{"taxonomy":"post_tag","embeddable":true,"href":"https:\/\/miradordeatarfe.es\/index.php?rest_route=%2Fwp%2Fv2%2Ftags&post=75647"}],"curies":[{"name":"wp","href":"https:\/\/api.w.org\/{rel}","templated":true}]}}