{"id":75725,"date":"2025-03-31T10:29:00","date_gmt":"2025-03-31T08:29:00","guid":{"rendered":"https:\/\/miradordeatarfe.es\/?p=75725"},"modified":"2025-03-29T19:38:46","modified_gmt":"2025-03-29T18:38:46","slug":"bo-a-la-fotovoltaica-de-santa-fe","status":"publish","type":"post","link":"https:\/\/miradordeatarfe.es\/?p=75725","title":{"rendered":"\u00a1\u00a1\u00a1NO A LA FOTOVOLTAICA DE SANTA FE!!!"},"content":{"rendered":"\n<p class=\"has-medium-font-size\"><strong>Agricultores de la Vega acuden al TSJA para evitar que les expropien por la construcci\u00f3n de la fotovoltaica de Ence en Santa Fe, autorizada y declarada de utilidad p\u00fablica por la Junta<\/strong>. <strong>Adepa, apoyada por el resto de asociaciones que forman la Plataforma en Defensa de la Vega y su Entorno, presenta un recurso contencioso administrativo contra las consejer\u00edas de Econom\u00eda e Industria.<\/strong><\/p>\n\n\n\n<p>Los\u00a0 propietarios de tierras objeto de expropiaci\u00f3n en la Vega han  pedido amparo al Tribunal Superior de Justicia de Andaluc\u00eda para evitar  ser expropiados para la construcci\u00f3n de la megplanta solar de Ence, que <br \/>pretende construir tres plantas fotovoltaicas en Santa Fe, en la cuenca  del Genil (denominadas Atarfe I, II y III),\u00a0 y atravesar terrenos de  excepcional valor productivo con la construcci\u00f3n de una l\u00ednea de alta <br \/>tensi\u00f3n que cruzar\u00eda la zona de alamedas en la ribera del Genil creando  un pasillo de servidumbre de unos 80 metros de a\u00f1o, por cuatro  kil\u00f3metros de largo.<\/p>\n\n\n\n<p>Seg\u00fan explican en una nota de prensa, la Consejer\u00eda de Industria y Energ\u00eda de la Junta de Andaluc\u00eda declar\u00f3 la utilidad p\u00fablica de las\u00a0 tres plantas fotovoltaicas, que afectan a los t\u00e9rminos municipales de <\/p><p>Santa Fe, Atarfe, Pinos Puente y Vegas del Genil, mediante resoluci\u00f3n de  10 de diciembre pasado. Igualmente la Delegaci\u00f3n en Granada de dicha  Consejer\u00eda otorg\u00f3 con fecha 23 de septiembre de 2024\u00a0 autorizaci\u00f3n administrativa para la construcci\u00f3n de las tres plantas y la l\u00ednea com\u00fan  de evacuaci\u00f3n, que <a href=\"https:\/\/www.elindependientedegranada.es\/economia\/tres-organizaciones-ecologistas-presentan-recurso-alzada-autorizacion-administrativa\">fue recurrida en alzada ante la Consejer\u00eda<\/a>, sin que hasta la fecha haya resuelto dicho recurso.<\/p>\n\n\n\n<p>Por este motivo, la Asociaci\u00f3n para la Defensa del Paisaje de la  Cuenca del Genil, Adepa, constituida por los agricultores afectados, ha  decidido por unanimidad de los asistentes a su asamblea <a href=\"https:\/\/www.elindependientedegranada.es\/economia\/propietarios-colectivos-defensa-vega-iran-tribunales-si-no-construccion-megaplanta\">plantear el tema ante los tribunales de justicia<\/a>  y solicitar medidas cautelares en su caso, con el fin de evitar las <br \/>expropiaciones de servidumbres de paso de la l\u00ednea de alta tensi\u00f3n,  derecho que la ley otorga a la empresa beneficiaria de la concesi\u00f3n.Solo beneficia a las grandes empresasEn apoyo de esta acci\u00f3n legal se han mostrado todas las asociaciones y  grupos ecologistas que forman la Plataforma en Defensa de la Vega del Genil y su Entorno, que desde hace mas de un a\u00f1o llevan a cabo acciones  para evitar que el paisaje, la cultura, la historia y los ecosistemas de  la Vega se vean afectados por estas construcciones, que solo vienen a beneficiar a las grandes empresas, y que entienden como\u00a0 maniobras  especulativas que destruyen empleo y aniquilan terrenos de excepcional  valor productivo.<\/p>\n\n\n\n<p>Voluntarios medioambientales de Santa Fe (AUCA), Ecologistas en  Acci\u00f3n, Somos Vega Somos Tierra, y Salvemos la Vega, Vega-Educa y Salvemos la Vega Otra Vez,\u00a0 junto con la Asociaci\u00f3n de Agricultores <br \/>(Adepa) est\u00e1n dispuestos a llevar el tema a las mas altas instancias judiciales, si ayuntamientos y gobiernos auton\u00f3mico y central no dan un paso para ordenar estas acciones empresariales en zonas donde no se vea afectado el paisaje y la biodiversidad.<\/p>\n\n\n\n<p>\u00abLos agricultores rechazan con contundencia esta afecci\u00f3n de sus  tierras, que limita su productividad, su valor, y destruye un territorio  y una cultura ancestral, labrada a lo largo de los siglos, y que no  puede ni debe ser compensada con algo de tan escaso valor como es el  dinero. No se trata valor econ\u00f3mico, se trata de la defensa del paisaje y  la cultura de la Cuenca del Genil\u00bb, afirman.\u00a0<\/p><br \/><br \/><br \/><br \/><br \/><br \/>\n","protected":false},"excerpt":{"rendered":"<p>Agricultores de la Vega acuden al TSJA para evitar que les expropien por la construcci\u00f3n&#8230;<\/p>\n","protected":false},"author":1,"featured_media":75726,"comment_status":"closed","ping_status":"closed","sticky":false,"template":"","format":"standard","meta":{"_coblocks_attr":"","_coblocks_dimensions":"","_coblocks_responsive_height":"","_coblocks_accordion_ie_support":"","jetpack_post_was_ever_published":false,"_jetpack_newsletter_access":"","_jetpack_dont_email_post_to_subs":false,"_jetpack_newsletter_tier_id":0,"_jetpack_memberships_contains_paywalled_content":false,"_jetpack_memberships_contains_paid_content":false,"footnotes":"","jetpack_publicize_message":"","jetpack_publicize_feature_enabled":true,"jetpack_social_post_already_shared":true,"jetpack_social_options":{"image_generator_settings":{"template":"highway","default_image_id":0,"enabled":false},"version":2}},"categories":[2,186,9,44],"tags":[],"class_list":["post-75725","post","type-post","status-publish","format-standard","has-post-thumbnail","hentry","category-atarfe","category-instituciones","category-medio-ambiente","category-noticias-de-hoy"],"jetpack_publicize_connections":[],"jetpack_featured_media_url":"https:\/\/i0.wp.com\/miradordeatarfe.es\/wp-content\/uploads\/2025\/03\/mapa_ence_bueno_1_5.jpg?fit=750%2C531&ssl=1","jetpack_likes_enabled":true,"jetpack_sharing_enabled":true,"_links":{"self":[{"href":"https:\/\/miradordeatarfe.es\/index.php?rest_route=\/wp\/v2\/posts\/75725","targetHints":{"allow":["GET"]}}],"collection":[{"href":"https:\/\/miradordeatarfe.es\/index.php?rest_route=\/wp\/v2\/posts"}],"about":[{"href":"https:\/\/miradordeatarfe.es\/index.php?rest_route=\/wp\/v2\/types\/post"}],"author":[{"embeddable":true,"href":"https:\/\/miradordeatarfe.es\/index.php?rest_route=\/wp\/v2\/users\/1"}],"replies":[{"embeddable":true,"href":"https:\/\/miradordeatarfe.es\/index.php?rest_route=%2Fwp%2Fv2%2Fcomments&post=75725"}],"version-history":[{"count":2,"href":"https:\/\/miradordeatarfe.es\/index.php?rest_route=\/wp\/v2\/posts\/75725\/revisions"}],"predecessor-version":[{"id":75728,"href":"https:\/\/miradordeatarfe.es\/index.php?rest_route=\/wp\/v2\/posts\/75725\/revisions\/75728"}],"wp:featuredmedia":[{"embeddable":true,"href":"https:\/\/miradordeatarfe.es\/index.php?rest_route=\/wp\/v2\/media\/75726"}],"wp:attachment":[{"href":"https:\/\/miradordeatarfe.es\/index.php?rest_route=%2Fwp%2Fv2%2Fmedia&parent=75725"}],"wp:term":[{"taxonomy":"category","embeddable":true,"href":"https:\/\/miradordeatarfe.es\/index.php?rest_route=%2Fwp%2Fv2%2Fcategories&post=75725"},{"taxonomy":"post_tag","embeddable":true,"href":"https:\/\/miradordeatarfe.es\/index.php?rest_route=%2Fwp%2Fv2%2Ftags&post=75725"}],"curies":[{"name":"wp","href":"https:\/\/api.w.org\/{rel}","templated":true}]}}