{"id":75733,"date":"2025-03-31T11:22:00","date_gmt":"2025-03-31T09:22:00","guid":{"rendered":"https:\/\/miradordeatarfe.es\/?p=75733"},"modified":"2025-03-30T20:44:28","modified_gmt":"2025-03-30T18:44:28","slug":"informacion-del-ayuntamiento-de-atarfe","status":"publish","type":"post","link":"https:\/\/miradordeatarfe.es\/?p=75733","title":{"rendered":"INFORMACI\u00d3N DEL AYUNTAMIENTO DE ATARFE"},"content":{"rendered":"\n<p class=\"has-medium-font-size\"><strong>Dos inauguraciones este fin de semana han tenido lugar en Atarfe: El Parque Pink Floyd reabre sus puertas\u00a0, y se inaugura el nuevo Campo de F\u00fatbol 7 en Atarfe!<\/strong><\/p>\n\n\n\n<p>El Ayuntamiento de Atarfe ha acondicionado el recinto para que los ni\u00f1os y ni\u00f1as de Atarfe disfruten de un espacio renovado, seguro y pensado para el juego y la convivencia. \u00a1Y queremos celebrarlo contigo!<\/p>\n\n\n\n<p>En la inauguraci\u00f3n celebrada el 28 de marzo se realizaron  distintas actividades de animaci\u00f3n infantil y merienda para todos los peques<br \/><\/p>\n\n\n\n<p>En su inauguraci\u00f3n la Alcaldesa Yolanda Fern\u00e1ndez expreso que era <em>\u00abuna tarde pensada para disfrutar en familia y seguir construyendo el Atarfe que queremos Este era un compromiso con el barrio, y lo hemos cumplido. Pero no ser\u00e1 el \u00fanico: muy pronto abriremos otros parques tambi\u00e9n renovados.<\/em><\/p>\n\n\n\n<p><em>En Atarfe, apostamos por una ciudad pensada para las personas, y donde la risa y los juegos infantiles sean los protagonistas. Porque jugar es un derecho, \u00a1y queremos que se escuche a los ni\u00f1os en cada rinc\u00f3n\u00bb<\/em><\/p>\n\n\n\n<figure class=\"wp-block-embed is-type-video is-provider-youtube wp-block-embed-youtube wp-embed-aspect-16-9 wp-has-aspect-ratio\"><div class=\"wp-block-embed__wrapper\">\n<iframe loading=\"lazy\" title=\"\ud83c\udf89 \u00a1El Parque Pink Floyd vuelve a latir con fuerza!\" width=\"540\" height=\"960\" src=\"https:\/\/www.youtube.com\/embed\/45HSD4yEz1s?feature=oembed\" frameborder=\"0\" allow=\"accelerometer; autoplay; clipboard-write; encrypted-media; gyroscope; picture-in-picture; web-share\" referrerpolicy=\"strict-origin-when-cross-origin\" allowfullscreen><\/iframe>\n<\/div><\/figure>\n\n\n\n<p><h2>\u00a1Se inaugura el nuevo Campo de F\u00fatbol 7 en Atarfe!<\/h2><\/p>\n\n\n\n<p>Este domingo 30 de marzo a las 9:45 h se celebr\u00f3 la apertura de este nuevo equipamiento que cumple con el compromiso de seguir mejorando las instalaciones deportivas de Atarfe.<\/p>\n\n\n\n<p>Disfrutamos la inauguraci\u00f3n con un Partido de f\u00fatbol femenino y un Torneo de categor\u00eda benjam\u00edn<\/p>\n\n\n\n<p>Atarfe cuenta ya con un nuevo espacio para disfrutar, competir y seguir fomentando el deporte base.A partir del lunes, el nuevo campo estar\u00e1 disponible como una instalaci\u00f3n m\u00e1s para el uso y disfrute de nuestros deportistas.<\/p>\n\n\n\n<figure class=\"wp-block-embed is-type-video is-provider-youtube wp-block-embed-youtube wp-embed-aspect-16-9 wp-has-aspect-ratio\"><div class=\"wp-block-embed__wrapper\">\n<iframe loading=\"lazy\" title=\"\u26bd \u00a1Inauguramos el nuevo Campo de F\u00fatbol 7 en Atarfe!\" width=\"640\" height=\"360\" src=\"https:\/\/www.youtube.com\/embed\/9lO7lxkDDLM?feature=oembed\" frameborder=\"0\" allow=\"accelerometer; autoplay; clipboard-write; encrypted-media; gyroscope; picture-in-picture; web-share\" referrerpolicy=\"strict-origin-when-cross-origin\" allowfullscreen><\/iframe>\n<\/div><\/figure>\n","protected":false},"excerpt":{"rendered":"<p>Dos inauguraciones este fin de semana han tenido lugar en Atarfe: El Parque Pink Floyd&#8230;<\/p>\n","protected":false},"author":1,"featured_media":75734,"comment_status":"closed","ping_status":"closed","sticky":false,"template":"","format":"standard","meta":{"_coblocks_attr":"","_coblocks_dimensions":"","_coblocks_responsive_height":"","_coblocks_accordion_ie_support":"","jetpack_post_was_ever_published":false,"_jetpack_newsletter_access":"","_jetpack_dont_email_post_to_subs":false,"_jetpack_newsletter_tier_id":0,"_jetpack_memberships_contains_paywalled_content":false,"_jetpack_memberships_contains_paid_content":false,"footnotes":"","jetpack_publicize_message":"","jetpack_publicize_feature_enabled":true,"jetpack_social_post_already_shared":true,"jetpack_social_options":{"image_generator_settings":{"template":"highway","default_image_id":0,"enabled":false},"version":2}},"categories":[6916,1161,182,44],"tags":[],"class_list":["post-75733","post","type-post","status-publish","format-standard","has-post-thumbnail","hentry","category-ayuntamiento-de-atarfe","category-ciudadania","category-deportes","category-noticias-de-hoy"],"jetpack_publicize_connections":[],"jetpack_featured_media_url":"https:\/\/i0.wp.com\/miradordeatarfe.es\/wp-content\/uploads\/2025\/03\/inauguracion-campo-futbol-7.jpg?fit=600%2C750&ssl=1","jetpack_likes_enabled":true,"jetpack_sharing_enabled":true,"_links":{"self":[{"href":"https:\/\/miradordeatarfe.es\/index.php?rest_route=\/wp\/v2\/posts\/75733","targetHints":{"allow":["GET"]}}],"collection":[{"href":"https:\/\/miradordeatarfe.es\/index.php?rest_route=\/wp\/v2\/posts"}],"about":[{"href":"https:\/\/miradordeatarfe.es\/index.php?rest_route=\/wp\/v2\/types\/post"}],"author":[{"embeddable":true,"href":"https:\/\/miradordeatarfe.es\/index.php?rest_route=\/wp\/v2\/users\/1"}],"replies":[{"embeddable":true,"href":"https:\/\/miradordeatarfe.es\/index.php?rest_route=%2Fwp%2Fv2%2Fcomments&post=75733"}],"version-history":[{"count":1,"href":"https:\/\/miradordeatarfe.es\/index.php?rest_route=\/wp\/v2\/posts\/75733\/revisions"}],"predecessor-version":[{"id":75735,"href":"https:\/\/miradordeatarfe.es\/index.php?rest_route=\/wp\/v2\/posts\/75733\/revisions\/75735"}],"wp:featuredmedia":[{"embeddable":true,"href":"https:\/\/miradordeatarfe.es\/index.php?rest_route=\/wp\/v2\/media\/75734"}],"wp:attachment":[{"href":"https:\/\/miradordeatarfe.es\/index.php?rest_route=%2Fwp%2Fv2%2Fmedia&parent=75733"}],"wp:term":[{"taxonomy":"category","embeddable":true,"href":"https:\/\/miradordeatarfe.es\/index.php?rest_route=%2Fwp%2Fv2%2Fcategories&post=75733"},{"taxonomy":"post_tag","embeddable":true,"href":"https:\/\/miradordeatarfe.es\/index.php?rest_route=%2Fwp%2Fv2%2Ftags&post=75733"}],"curies":[{"name":"wp","href":"https:\/\/api.w.org\/{rel}","templated":true}]}}