{"id":7575,"date":"2016-03-17T14:57:04","date_gmt":"2016-03-17T14:57:04","guid":{"rendered":"http:\/\/miradordeatarfe.es\/?p=7575"},"modified":"2016-03-17T18:20:26","modified_gmt":"2016-03-17T18:20:26","slug":"7575","status":"publish","type":"post","link":"https:\/\/miradordeatarfe.es\/?p=7575","title":{"rendered":"\u00abCURIOSIDADES ELVIRENSES 3\u00bb por  Jose En rique Granados"},"content":{"rendered":"<p>DETALLE DE ALGUNAS CURIOSIDADES ELVIRENSES: DIA DE LA CRUZ YDEUCACI\u00d3N EN ATARFE<!--more--><\/p>\n<h3>DIA DE LA CRUZ ATARFE\u00d1O<\/h3>\n<p>En el libro del atarfe\u00f1o Paco Jim\u00e9nez, titulado \u201cAtarfe de todo un poco\u201d podemos leer: \u201cen la fiesta del d\u00eda de la Cruz, adem\u00e1s de hacer cruces en casas particulares, hab\u00eda de costumbre que se est\u00e1 perdiendo, de comer cacahuetes, de tal forma que todos los novios hab\u00edan de aparecer por la tarde en casa de las novias con el cartucho del rico man\u00ed, y que dicho sea de paso, estaba mejor preparado que el de hoy y adem\u00e1s, m\u00e1s fino\u201d.<\/p>\n<p><a href=\"https:\/\/i0.wp.com\/miradordeatarfe.es\/wp-content\/uploads\/2016\/03\/12799159_973735066045842_2502121716854441244_n.jpg?ssl=1\" rel=\"attachment wp-att-7578\"><img data-recalc-dims=\"1\" loading=\"lazy\" decoding=\"async\" class=\"alignnone size-full wp-image-7578\" src=\"https:\/\/i0.wp.com\/miradordeatarfe.es\/wp-content\/uploads\/2016\/03\/12799159_973735066045842_2502121716854441244_n.jpg?resize=480%2C345&#038;ssl=1\" alt=\"12799159_973735066045842_2502121716854441244_n\" width=\"480\" height=\"345\" srcset=\"https:\/\/i0.wp.com\/miradordeatarfe.es\/wp-content\/uploads\/2016\/03\/12799159_973735066045842_2502121716854441244_n.jpg?w=480&amp;ssl=1 480w, https:\/\/i0.wp.com\/miradordeatarfe.es\/wp-content\/uploads\/2016\/03\/12799159_973735066045842_2502121716854441244_n.jpg?resize=300%2C216&amp;ssl=1 300w\" sizes=\"auto, (max-width: 480px) 100vw, 480px\" \/><\/a><\/p>\n<p>En la fotograf\u00eda, cortes\u00eda de Mar\u00eda Victoria Correa, celebraci\u00f3n del d\u00eda de la Cruz en 1930.<\/p>\n<p>Curiosidades elvirenses.<\/p>\n<p>&nbsp;<\/p>\n<h3>LA EDUCACI\u00cdON EN EL SIGLO XX<\/h3>\n<p>El 63% de los espa\u00f1oles eran analfabetos a comienzos del siglo XX. En 2015, la tasa se redujo hasta el 1,9%. En Espa\u00f1a el 70% de las personas que no saben leer ni escribir son <strong>mujeres (571.600) frente al 30% hombres (271.300).<\/strong><!--more--><\/p>\n<p>La mayor\u00eda de estas mujeres, 358.000, tienen m\u00e1s de 70 a\u00f1os, la franja de edad en la que tambi\u00e9n el analfabetismo se hace m\u00e1s presente entre los hombres (127.600).<\/p>\n<p>A pesar de este n\u00famero de analfabetos, la cifra global de los que son profanos y profanas<span class=\"text_exposed_show\"> en el conocimiento y la compresi\u00f3n ha disminuido respecto al a\u00f1o anterior, en el que eran 868.000, y el descenso es significativo especialmente en la franja de edad de los 20 a 24 a\u00f1os, de 35 a 39 y de 60 a 69. <\/span><\/p>\n<div class=\"text_exposed_show\">\n<p>La estad\u00edstica actual mira de lejos a los datos que caracterizaban a la poblaci\u00f3n espa\u00f1ola a principios del siglo pasado.<\/p>\n<p>Fotograf\u00eda de principios de siglo XX, Escuela Nacional Graduada de Ni\u00f1os de Atarfe.<\/p>\n<p><a href=\"https:\/\/i0.wp.com\/miradordeatarfe.es\/wp-content\/uploads\/2016\/03\/535788_977239962362019_5154123512874568211_n.jpg?ssl=1\" rel=\"attachment wp-att-7576\"><img data-recalc-dims=\"1\" loading=\"lazy\" decoding=\"async\" class=\"alignnone size-full wp-image-7576\" src=\"https:\/\/i0.wp.com\/miradordeatarfe.es\/wp-content\/uploads\/2016\/03\/535788_977239962362019_5154123512874568211_n.jpg?resize=640%2C465&#038;ssl=1\" alt=\"535788_977239962362019_5154123512874568211_n\" width=\"640\" height=\"465\" srcset=\"https:\/\/i0.wp.com\/miradordeatarfe.es\/wp-content\/uploads\/2016\/03\/535788_977239962362019_5154123512874568211_n.jpg?w=960&amp;ssl=1 960w, https:\/\/i0.wp.com\/miradordeatarfe.es\/wp-content\/uploads\/2016\/03\/535788_977239962362019_5154123512874568211_n.jpg?resize=300%2C218&amp;ssl=1 300w, https:\/\/i0.wp.com\/miradordeatarfe.es\/wp-content\/uploads\/2016\/03\/535788_977239962362019_5154123512874568211_n.jpg?resize=768%2C558&amp;ssl=1 768w, https:\/\/i0.wp.com\/miradordeatarfe.es\/wp-content\/uploads\/2016\/03\/535788_977239962362019_5154123512874568211_n.jpg?resize=600%2C436&amp;ssl=1 600w\" sizes=\"auto, (max-width: 640px) 100vw, 640px\" \/><\/a><\/p>\n<\/div>\n","protected":false},"excerpt":{"rendered":"<p>DETALLE DE ALGUNAS CURIOSIDADES ELVIRENSES: DIA DE LA CRUZ YDEUCACI\u00d3N EN ATARFE<\/p>\n","protected":false},"author":1,"featured_media":0,"comment_status":"closed","ping_status":"closed","sticky":false,"template":"","format":"standard","meta":{"_coblocks_attr":"","_coblocks_dimensions":"","_coblocks_responsive_height":"","_coblocks_accordion_ie_support":"","jetpack_post_was_ever_published":false,"_jetpack_newsletter_access":"","_jetpack_dont_email_post_to_subs":false,"_jetpack_newsletter_tier_id":0,"_jetpack_memberships_contains_paywalled_content":false,"_jetpack_memberships_contains_paid_content":false,"footnotes":"","jetpack_publicize_message":"","jetpack_publicize_feature_enabled":true,"jetpack_social_post_already_shared":false,"jetpack_social_options":{"image_generator_settings":{"template":"highway","default_image_id":0,"enabled":false},"version":2}},"categories":[2,1225,38,44,15],"tags":[81,2349,206],"class_list":["post-7575","post","type-post","status-publish","format-standard","hentry","category-atarfe","category-ha-de-atarfe","category-opinion-de-jose-enrique-granados","category-noticias-de-hoy","category-ultimas-noticias","tag-atarfe","tag-dia-de-lacruz","tag-educacion-artistica"],"jetpack_publicize_connections":[],"jetpack_featured_media_url":"","jetpack_likes_enabled":true,"jetpack_sharing_enabled":true,"_links":{"self":[{"href":"https:\/\/miradordeatarfe.es\/index.php?rest_route=\/wp\/v2\/posts\/7575","targetHints":{"allow":["GET"]}}],"collection":[{"href":"https:\/\/miradordeatarfe.es\/index.php?rest_route=\/wp\/v2\/posts"}],"about":[{"href":"https:\/\/miradordeatarfe.es\/index.php?rest_route=\/wp\/v2\/types\/post"}],"author":[{"embeddable":true,"href":"https:\/\/miradordeatarfe.es\/index.php?rest_route=\/wp\/v2\/users\/1"}],"replies":[{"embeddable":true,"href":"https:\/\/miradordeatarfe.es\/index.php?rest_route=%2Fwp%2Fv2%2Fcomments&post=7575"}],"version-history":[{"count":3,"href":"https:\/\/miradordeatarfe.es\/index.php?rest_route=\/wp\/v2\/posts\/7575\/revisions"}],"predecessor-version":[{"id":7604,"href":"https:\/\/miradordeatarfe.es\/index.php?rest_route=\/wp\/v2\/posts\/7575\/revisions\/7604"}],"wp:attachment":[{"href":"https:\/\/miradordeatarfe.es\/index.php?rest_route=%2Fwp%2Fv2%2Fmedia&parent=7575"}],"wp:term":[{"taxonomy":"category","embeddable":true,"href":"https:\/\/miradordeatarfe.es\/index.php?rest_route=%2Fwp%2Fv2%2Fcategories&post=7575"},{"taxonomy":"post_tag","embeddable":true,"href":"https:\/\/miradordeatarfe.es\/index.php?rest_route=%2Fwp%2Fv2%2Ftags&post=7575"}],"curies":[{"name":"wp","href":"https:\/\/api.w.org\/{rel}","templated":true}]}}