{"id":75752,"date":"2025-04-01T08:26:00","date_gmt":"2025-04-01T06:26:00","guid":{"rendered":"https:\/\/miradordeatarfe.es\/?p=75752"},"modified":"2025-03-31T13:17:08","modified_gmt":"2025-03-31T11:17:08","slug":"espana-de-moda-entre-alumnos-internacionales","status":"publish","type":"post","link":"https:\/\/miradordeatarfe.es\/?p=75752","title":{"rendered":"Espa\u00f1a, de moda entre alumnos internacionales"},"content":{"rendered":"\n<p class=\"has-medium-font-size\"> <strong>\u201cLa relaci\u00f3n calidad-precio de los estudios es de las mejores del mundo\u201d Los extranjeros matriculados en programas acad\u00e9micos del curso 2022-2023 generaron un impacto econ\u00f3mico de 6.345 millones de euros, un 67% m\u00e1s que en los cuatro a\u00f1os anteriore<\/strong>s<\/p>\n\n\n\n<p>Mayra Ayoroa (26 a\u00f1os) quer\u00eda estudiar un m\u00e1ster en intervenci\u00f3n comunitaria. Desde La Paz, Bolivia, solicit\u00f3 plaza como primera opci\u00f3n en una universidad alemana. \u201cQuer\u00eda Alemania porque en esta especialidad el nivel acad\u00e9mico es m\u00e1s alto\u201d, cuenta. Sin embargo, no le dieron la beca y comenz\u00f3 a buscar otros lugares. <a href=\"https:\/\/elpais.com\/educacion\/2024-06-11\/atraer-talento-internacional-la-gran-oportunidad-de-las-universidades-espanolas.html\" target=\"_blank\" rel=\"noreferrer noopener\">Postul\u00f3 a la Universidad de M\u00e1laga y a la de Valencia, ambas ten\u00edan el programa que ella quer\u00eda<\/a>. La aceptaron en las dos, pero opt\u00f3 por M\u00e1laga: \u201cLa de Valencia es m\u00e1s reconocida, pero prefer\u00ed pagar menos\u201d. En septiembre del a\u00f1o pasado, Ayoroa ya se encontraba en la ciudad andaluza para comenzar a estudiar. \u201cMe recomendaron mucho la ciudad: la vida era buena, el clima, la playa y que la gente era muy agradable\u201d, recuerda. Ya lo ha comprobado.<\/p>\n\n\n\n<p>Ayoroa, que hab\u00eda estudiado Psicolog\u00eda en La Paz, es una del creciente n\u00famero de alumnos extranjeros que deciden venir a Espa\u00f1a. Barbara Garc\u00eda, coautora del informe <em>El impacto econ\u00f3mico de los estudiantes internacionales en Espa\u00f1a 2024, <\/em>comenta la raz\u00f3n por la que se elige Espa\u00f1a como destino acad\u00e9mico: \u201cLa relaci\u00f3n calidad-precio de los estudios es de las mejores del mundo\u201d. Adem\u00e1s, \u201cEspa\u00f1a les encanta porque est\u00e1n en Europa, hay buen clima, la cultura, la seguridad, la calidad de vida. Es una conjunci\u00f3n maravillosa\u201d.<\/p>\n\n\n\n<p>El informe, realizado por Spain Education Programas, encargado por el Instituto Espa\u00f1ol de Comercio Exterior (ICEX) y EduEspa\u00f1a, sostiene que en el curso acad\u00e9mico 2022-2023 hab\u00eda 602.663 extranjeros matriculados en programas acad\u00e9micos de educaci\u00f3n superior \u2015como el programa de intercambio <em>Study Abroad<\/em> (estadounidense), Erasmus, Lengua y Cultura, Grados, Posgrados y participantes de auxiliares de conversaci\u00f3n\u2015. Y el retorno econ\u00f3mico de estos fue de 6.345.053.146 euros, lo que representa un crecimiento acumulado del 67% en los \u00faltimos cuatro a\u00f1os. El informe no solo mide los gastos en las matr\u00edculas de cada programa, sino los gastos mensuales para vivir.<\/p>\n\n\n\n<p>Los alumnos que mayor impacto econ\u00f3mico tienen en el pa\u00eds son los de m\u00e1ster y grado, concluye el informe. Representan el 72% del retorno y el mayor gasto por estudiante; aunque solo representan el 32% de las matr\u00edculas. Por el contrario, quienes se matriculan en escuelas de espa\u00f1ol son los m\u00e1s numerosos (48,16%), pero los que menos gastan. La raz\u00f3n es el tiempo de estancia: quienes llegan a hacer un m\u00e1ster se quedan entre ocho meses y dos a\u00f1os y los que se inscriben a clases de espa\u00f1ol, cuatro semanas.<\/p>\n\n\n\n<figure class=\"wp-block-image size-full\"><img data-recalc-dims=\"1\" loading=\"lazy\" decoding=\"async\" width=\"640\" height=\"184\" src=\"https:\/\/i0.wp.com\/miradordeatarfe.es\/wp-content\/uploads\/2025\/03\/Screenshot-2025-03-31-at-13-08-54-Espana-de-moda-entre-alumnos-internacionales-La-relacion-calidad-precio-de-los-estudios-es-de-las-mejores-del-mundo-Educacion-EL-PAIS.png?resize=640%2C184&#038;ssl=1\" alt=\"\" class=\"wp-image-75753\" srcset=\"https:\/\/i0.wp.com\/miradordeatarfe.es\/wp-content\/uploads\/2025\/03\/Screenshot-2025-03-31-at-13-08-54-Espana-de-moda-entre-alumnos-internacionales-La-relacion-calidad-precio-de-los-estudios-es-de-las-mejores-del-mundo-Educacion-EL-PAIS.png?w=823&amp;ssl=1 823w, https:\/\/i0.wp.com\/miradordeatarfe.es\/wp-content\/uploads\/2025\/03\/Screenshot-2025-03-31-at-13-08-54-Espana-de-moda-entre-alumnos-internacionales-La-relacion-calidad-precio-de-los-estudios-es-de-las-mejores-del-mundo-Educacion-EL-PAIS.png?resize=300%2C86&amp;ssl=1 300w, https:\/\/i0.wp.com\/miradordeatarfe.es\/wp-content\/uploads\/2025\/03\/Screenshot-2025-03-31-at-13-08-54-Espana-de-moda-entre-alumnos-internacionales-La-relacion-calidad-precio-de-los-estudios-es-de-las-mejores-del-mundo-Educacion-EL-PAIS.png?resize=768%2C221&amp;ssl=1 768w\" sizes=\"auto, (max-width: 640px) 100vw, 640px\" \/><\/figure>\n\n\n\n<p>El m\u00e1ster de Ayoroa dura un a\u00f1o y la matr\u00edcula es de 900 euros. Explica que el m\u00e1ster en la universidad p\u00fablica es accesible y la vida en la regi\u00f3n tambi\u00e9n. Su presupuesto mensual es de 1.000 euros, 400 los gasta en su habitaci\u00f3n \u2015en un piso compartido\u2015 y, el resto, en comida, salidas y viajes. Vive \u201cmuy justa\u201d y resalta que \u201ccuando haces deporte o cualquier actividad, el dinero se va\u201d.<\/p>\n\n\n\n<p>Seg\u00fan el informe, la matr\u00edcula media de un m\u00e1ster presencial en universidades p\u00fablicas para ciudadanos de la UE es de 1.848 euros, mientras que para no europeos es de 9.070. Programas presenciales en universidades privadas cuestan, de media, 15.750. Adem\u00e1s, el gasto mensual de los estudiantes extranjeros es, en promedio, 1.509 euros al mes. En el curso analizado, los inscritos internacionales suponen el 24,8% de todos los matriculados en titulaciones de posgrado.<\/p>\n\n\n\n<h3 class=\"wp-block-heading\">La calidad de vida y de los estudios<\/h3>\n\n\n\n<p>El idioma es otro de los principales motivos para quienes escogen Espa\u00f1a como destino para cursar una carrera o m\u00e1ster, ya que en su mayor\u00eda son latinoamericanos. Seg\u00fan los datos del Sistema Universitario Espa\u00f1ol, en el curso 2022-2023, el <a href=\"https:\/\/elpais.com\/extra\/escuelas-de-negocios\/2024-04-20\/estudiantes-extranjeros-una-mina-de-oro-para-las-escuelas-de-negocio-son-una-gran-opcion-para-hacerte-un-nombre-en-el-mercado.html\" target=\"_blank\" rel=\"noreferrer noopener\">69,4% de estudiantes de nacionalidad extranjera que cursaron un m\u00e1ster llegaron de Am\u00e9rica Latina y el Caribe<\/a>. D\u00e9nise Montero (26 a\u00f1os, Cuba) obtuvo una beca para su posgrado y aterriz\u00f3 en Espa\u00f1a en octubre de 2023 para estudiar un m\u00e1ster interuniversitario en patrimonio musical en la Universidad Internacional de Andaluc\u00eda, la de Oviedo y la de Granada. \u201cBusqu\u00e9 en Espa\u00f1a por el idioma\u201d, dice.<\/p>\n\n\n\n<figure class=\"wp-block-image\"><img data-recalc-dims=\"1\" decoding=\"async\" src=\"https:\/\/i0.wp.com\/imagenes.elpais.com\/resizer\/v2\/OXAXZGYJUVEMRFPPLWGXPTCCDA.jpg?w=640&#038;ssl=1\" alt=\"D\u00e9nise Montero quien viaj\u00f3 de Cuba para estudiar en Granada. \"\/><figcaption class=\"wp-element-caption\">D\u00e9nise Montero quien viaj\u00f3 de Cuba para estudiar en Granada. Fermin Rodriguez<\/figcaption><\/figure>\n\n\n\n<p>\u00d3scar Berdugo, presidente de EduEspa\u00f1a, explica que el pa\u00eds se sigue consolidando como un destino estudiantil y la tendencia de alumnos extranjeros est\u00e1 aumentando. \u201cEspa\u00f1a tiene una red de universidades p\u00fablicas de gran calidad y luego se complementa con universidades privadas que buscan los aspectos m\u00e1s demandados de forma internacional y cubren el aspecto m\u00e1s comercial\u201d, explica. Agrega que otro factor es la implantaci\u00f3n de la oferta educativa en ingl\u00e9s en diversas universidades como la Universidad Carlos III de Madrid, Universitat Pompeu Fabra o el IE, entre otras.<\/p>\n\n\n\n<p>Seg\u00fan el informe, en el curso 2022-2023, hab\u00eda 68.439 estudiantes de m\u00e1ster matriculados, mientras que en el 2018-2019 (pen\u00faltimo informe) hab\u00eda 46.777. En cuanto a grados, en 2022-2023 hab\u00eda 77.861, mientras que en 2018-2019 hubo 66.937. Garc\u00eda dice: \u201cPor fin estamos recuper\u00e1ndonos de la pandemia. Daba la sensaci\u00f3n de que iba despacio, pero ha sido tranquilizador ver que por fin las cifras han vuelto a lo que ten\u00edamos, que era una progresi\u00f3n de crecimiento muy estable\u201d. Est\u00e1 tendencia tambi\u00e9n se ve reflejada en los datos del Sistema Integrado de Informaci\u00f3n Universitaria que recopila el n\u00famero de estudiantes internacionales que llegan a Espa\u00f1a a estudiar presencialmente en el Sistema Universitario Espa\u00f1ol.<\/p>\n\n\n\n<figure class=\"wp-block-image size-full\"><img data-recalc-dims=\"1\" loading=\"lazy\" decoding=\"async\" width=\"640\" height=\"341\" src=\"https:\/\/i0.wp.com\/miradordeatarfe.es\/wp-content\/uploads\/2025\/03\/Screenshot-2025-03-31-at-13-10-24-Espana-de-moda-entre-alumnos-internacionales-La-relacion-calidad-precio-de-los-estudios-es-de-las-mejores-del-mundo-Educacion-EL-PAIS.png?resize=640%2C341&#038;ssl=1\" alt=\"\" class=\"wp-image-75754\" srcset=\"https:\/\/i0.wp.com\/miradordeatarfe.es\/wp-content\/uploads\/2025\/03\/Screenshot-2025-03-31-at-13-10-24-Espana-de-moda-entre-alumnos-internacionales-La-relacion-calidad-precio-de-los-estudios-es-de-las-mejores-del-mundo-Educacion-EL-PAIS.png?w=841&amp;ssl=1 841w, https:\/\/i0.wp.com\/miradordeatarfe.es\/wp-content\/uploads\/2025\/03\/Screenshot-2025-03-31-at-13-10-24-Espana-de-moda-entre-alumnos-internacionales-La-relacion-calidad-precio-de-los-estudios-es-de-las-mejores-del-mundo-Educacion-EL-PAIS.png?resize=300%2C160&amp;ssl=1 300w, https:\/\/i0.wp.com\/miradordeatarfe.es\/wp-content\/uploads\/2025\/03\/Screenshot-2025-03-31-at-13-10-24-Espana-de-moda-entre-alumnos-internacionales-La-relacion-calidad-precio-de-los-estudios-es-de-las-mejores-del-mundo-Educacion-EL-PAIS.png?resize=768%2C409&amp;ssl=1 768w\" sizes=\"auto, (max-width: 640px) 100vw, 640px\" \/><\/figure>\n\n\n\n<h3 class=\"wp-block-heading\">Aumentan los latinos en las carreras<\/h3>\n\n\n\n<p>Tradicionalmente, los alumnos latinoamericanos que llegaban a Espa\u00f1a lo hac\u00edan para cursar un m\u00e1ster. Sin embargo, en los \u00faltimos a\u00f1os se ha incrementado los que llegan para un grado, explica Berdugo. Crist\u00f3bal Parra (22 a\u00f1os, Per\u00fa) viaj\u00f3 a Madrid en septiembre del 2022 para estudiar la carrera de Administraci\u00f3n de empresas en la Universidad Europea de Madrid. \u201cAl inicio no estaba muy convencido, pero postul\u00e9 e ingres\u00e9. La iniciativa de venir fue de mi pap\u00e1 a ra\u00edz del tema pol\u00edtico en Per\u00fa\u201d, cuenta.<\/p>\n\n\n\n<figure class=\"wp-block-image\"><img data-recalc-dims=\"1\" decoding=\"async\" src=\"https:\/\/i0.wp.com\/imagenes.elpais.com\/resizer\/v2\/TH7KG34LWZBE5IXKHK2LWDX5NA.jpg?w=640&#038;ssl=1\" alt=\"Crist\u00f3bal Parra, estudiante peruano que vive en Madrid.\"\/><\/figure>\n\n\n\n<p>Parra postul\u00f3 a varias universidades, pero opt\u00f3 por la Universidad Europea porque le convalidaban el a\u00f1o de estudios que hab\u00eda hecho en Per\u00fa, y por el precio. \u201cHay otras muy buenas, como el IE, pero es m\u00e1s cara. Mi universidad cuesta unos 9.000 euros el curso, el IE como 25.000\u201d. Agrega que en su carrera, <a href=\"https:\/\/elpais.com\/educacion\/2023-09-03\/record-de-alumnado-extranjero-oportunidad-y-reto-para-la-escuela.html\" target=\"_blank\" rel=\"noreferrer noopener\">alrededor del 60% de los estudiantes son latinos y los dem\u00e1s espa\u00f1oles<\/a>; aunque diferencia que, en las carreras que se imparten en ingl\u00e9s, hay muchos alumnos europeos<\/p>\n\n\n\n<figure class=\"wp-block-image size-full\"><img data-recalc-dims=\"1\" loading=\"lazy\" decoding=\"async\" width=\"640\" height=\"243\" src=\"https:\/\/i0.wp.com\/miradordeatarfe.es\/wp-content\/uploads\/2025\/03\/Screenshot-2025-03-31-at-13-14-28-Espana-de-moda-entre-alumnos-internacionales-La-relacion-calidad-precio-de-los-estudios-es-de-las-mejores-del-mundo-Educacion-EL-PAIS.png?resize=640%2C243&#038;ssl=1\" alt=\"\" class=\"wp-image-75755\" srcset=\"https:\/\/i0.wp.com\/miradordeatarfe.es\/wp-content\/uploads\/2025\/03\/Screenshot-2025-03-31-at-13-14-28-Espana-de-moda-entre-alumnos-internacionales-La-relacion-calidad-precio-de-los-estudios-es-de-las-mejores-del-mundo-Educacion-EL-PAIS.png?w=810&amp;ssl=1 810w, https:\/\/i0.wp.com\/miradordeatarfe.es\/wp-content\/uploads\/2025\/03\/Screenshot-2025-03-31-at-13-14-28-Espana-de-moda-entre-alumnos-internacionales-La-relacion-calidad-precio-de-los-estudios-es-de-las-mejores-del-mundo-Educacion-EL-PAIS.png?resize=300%2C114&amp;ssl=1 300w, https:\/\/i0.wp.com\/miradordeatarfe.es\/wp-content\/uploads\/2025\/03\/Screenshot-2025-03-31-at-13-14-28-Espana-de-moda-entre-alumnos-internacionales-La-relacion-calidad-precio-de-los-estudios-es-de-las-mejores-del-mundo-Educacion-EL-PAIS.png?resize=768%2C292&amp;ssl=1 768w\" sizes=\"auto, (max-width: 640px) 100vw, 640px\" \/><\/figure>\n\n\n\n<p>Al comparar sus estudios en Espa\u00f1a con los de su universidad en Per\u00fa, considera que se ten\u00eda que esforzar m\u00e1s por estudiar en su pa\u00eds de origen. Pero, si quisiera postular a un trabajo en Europa, cree que haber hecho la carrera en Espa\u00f1a le podr\u00eda abrir m\u00e1s puertas. Adem\u00e1s, encuentra otros beneficios de vivir en Espa\u00f1a: el transporte p\u00fablico, la seguridad y la calidad de vida. En estos puntos coinciden todos los estudiantes entrevistados.<\/p>\n\n\n\n<p>Seg\u00fan el informe, las matr\u00edculas de grados por curso var\u00edan entre 1.000 euros (europeos en universidades p\u00fablicas), 7.700 euros (no europeos en universidades p\u00fablicas) y 10.900 euros (todos los internacionales en privadas). Adem\u00e1s, los gastos en alojamiento y ocio, en promedio al mes, es de 1.500 euros seg\u00fan el informe.<\/p>\n\n\n\n<h3 class=\"wp-block-heading\">El freno de la burocracia<\/h3>\n\n\n\n<p>Los m\u00e1steres y grados todav\u00eda tienen capacidad de seguir creciendo, indica Garc\u00eda. Explica que hay una brecha entre el n\u00famero de estudiantes que muestran inter\u00e9s y aquellos que finalmente llegan: \u201cEspa\u00f1a sale entre los principales destinos de inter\u00e9s, para todo el mundo, pero no se traduce en matr\u00edculas efectivas\u201d.<\/p>\n\n\n\n<p>Una de las razones es las barreras administrativas. \u201cTenemos un sistema educativo bastante complicado de abordar. No tenemos un solo portal que agrupe todas las carreras en Espa\u00f1a\u201d, dice Garc\u00eda. Estas barreras tambi\u00e9n aplican a <a href=\"https:\/\/elpais.com\/educacion\/2024-11-30\/la-universidad-complutense-estudia-eliminar-grados-masteres-y-doctorados-con-pocos-alumnos-para-sobrevivir-a-su-crisis-financiera.html\" target=\"_blank\" rel=\"noreferrer noopener\">los tr\u00e1mites burocr\u00e1ticos para los extranjeros<\/a>. \u201cTodo lo que sea trabas incita a los estudiantes a elegir otro destino\u201d, explica Berdugo. Los estudiantes entrevistados aseguran que lo m\u00e1s complicado fue hacer los tr\u00e1mites: \u201cLa burocracia es atroz\u201d. \u201cLa equivalencia del t\u00edtulo, el certificado digital, el n\u00famero de seguridad social, el TIE\u201d, va enumerando Montero.<\/p>\n\n\n\n<p>Y a los problemas administrativos se suma la vivienda. \u201cPuede llegar a convertirse en un punto de estrangulamiento\u201d, explica Berdugo. Sin embargo, el sector es consciente de esta amenaza, pues el n\u00famero de proyectos para construir residencias ha crecido casi el 80% al a\u00f1o 2019-2020, dice. Los especialistas se\u00f1alan que otro desincentivo para los alumnos internacionales ser\u00e1 si, finalmente, <a href=\"https:\/\/elpais.com\/educacion\/2024-10-18\/el-alumnado-extranjero-dejara-de-poder-entrar-en-carreras-muy-demandadas-sin-hacer-la-selectividad.html\" target=\"_blank\" rel=\"noreferrer noopener\">se aplica la prueba \u00fanica de ingreso a las universidades con una exigencia alta de espa\u00f1ol e historia de Espa\u00f1a<\/a>.<\/p>\n\n\n\n<p>El informe sobre el impacto econ\u00f3mico analiza programas acad\u00e9micos desde escuelas de espa\u00f1ol hasta posgrado y concluye que todos est\u00e1n conectados, pues los alumnos van pasando de uno a otro. \u201cSe enamoran de Espa\u00f1a\u201d, dice Garc\u00eda. Por lo que buscan la manera de quedarse, pero \u201cno es f\u00e1cil, entonces buscan seguir estudiando de diversas maneras\u201d, concluye.<\/p>\n\n\n\n<p><a href=\"https:\/\/elpais.com\/autor\/francesca-raffo-melgar\/#?rel=author_top\"><strong>Francesca Raffo<\/strong><\/a><\/p>\n\n\n\n<p>FOTO: Mayra Ayoroa en M\u00e1laga, donde lleg\u00f3 desde Bolivia para realizar un m\u00e1ster.Garcia-Santos (El Pais)<\/p>\n\n\n\n<p><a href=\"https:\/\/elpais.com\/educacion\/2025-03-20\/espana-de-moda-entre-alumnos-internacionales-la-relacion-calidad-precio-de-los-estudios-es-de-las-mejores-del-mundo.html\">https:\/\/elpais.com\/educacion\/2025-03-20\/espana-de-moda-entre-alumnos-internacionales-la-relacion-calidad-precio-de-los-estudios-es-de-las-mejores-del-mundo.html<\/a><\/p>\n","protected":false},"excerpt":{"rendered":"<p>\u201cLa relaci\u00f3n calidad-precio de los estudios es de las mejores del mundo\u201d Los extranjeros matriculados&#8230;<\/p>\n","protected":false},"author":1,"featured_media":75756,"comment_status":"closed","ping_status":"closed","sticky":false,"template":"","format":"standard","meta":{"_coblocks_attr":"","_coblocks_dimensions":"","_coblocks_responsive_height":"","_coblocks_accordion_ie_support":"","jetpack_post_was_ever_published":false,"_jetpack_newsletter_access":"","_jetpack_dont_email_post_to_subs":false,"_jetpack_newsletter_tier_id":0,"_jetpack_memberships_contains_paywalled_content":false,"_jetpack_memberships_contains_paid_content":false,"footnotes":"","jetpack_publicize_message":"","jetpack_publicize_feature_enabled":true,"jetpack_social_post_already_shared":true,"jetpack_social_options":{"image_generator_settings":{"template":"highway","default_image_id":0,"enabled":false},"version":2}},"categories":[10797,10803,44],"tags":[],"class_list":["post-75752","post","type-post","status-publish","format-standard","has-post-thumbnail","hentry","category-ciencia","category-europa","category-noticias-de-hoy"],"jetpack_publicize_connections":[],"jetpack_featured_media_url":"https:\/\/i0.wp.com\/miradordeatarfe.es\/wp-content\/uploads\/2025\/03\/Screenshot-2025-03-31-at-13-07-34-Espana-de-moda-entre-alumnos-internacionales-La-relacion-calidad-precio-de-los-estudios-es-de-las-mejores-del-mundo-Educacion-EL-PAIS.png?fit=425%2C611&ssl=1","jetpack_likes_enabled":true,"jetpack_sharing_enabled":true,"_links":{"self":[{"href":"https:\/\/miradordeatarfe.es\/index.php?rest_route=\/wp\/v2\/posts\/75752","targetHints":{"allow":["GET"]}}],"collection":[{"href":"https:\/\/miradordeatarfe.es\/index.php?rest_route=\/wp\/v2\/posts"}],"about":[{"href":"https:\/\/miradordeatarfe.es\/index.php?rest_route=\/wp\/v2\/types\/post"}],"author":[{"embeddable":true,"href":"https:\/\/miradordeatarfe.es\/index.php?rest_route=\/wp\/v2\/users\/1"}],"replies":[{"embeddable":true,"href":"https:\/\/miradordeatarfe.es\/index.php?rest_route=%2Fwp%2Fv2%2Fcomments&post=75752"}],"version-history":[{"count":1,"href":"https:\/\/miradordeatarfe.es\/index.php?rest_route=\/wp\/v2\/posts\/75752\/revisions"}],"predecessor-version":[{"id":75757,"href":"https:\/\/miradordeatarfe.es\/index.php?rest_route=\/wp\/v2\/posts\/75752\/revisions\/75757"}],"wp:featuredmedia":[{"embeddable":true,"href":"https:\/\/miradordeatarfe.es\/index.php?rest_route=\/wp\/v2\/media\/75756"}],"wp:attachment":[{"href":"https:\/\/miradordeatarfe.es\/index.php?rest_route=%2Fwp%2Fv2%2Fmedia&parent=75752"}],"wp:term":[{"taxonomy":"category","embeddable":true,"href":"https:\/\/miradordeatarfe.es\/index.php?rest_route=%2Fwp%2Fv2%2Fcategories&post=75752"},{"taxonomy":"post_tag","embeddable":true,"href":"https:\/\/miradordeatarfe.es\/index.php?rest_route=%2Fwp%2Fv2%2Ftags&post=75752"}],"curies":[{"name":"wp","href":"https:\/\/api.w.org\/{rel}","templated":true}]}}