{"id":75764,"date":"2025-04-09T09:30:01","date_gmt":"2025-04-09T07:30:01","guid":{"rendered":"https:\/\/miradordeatarfe.es\/?p=75764"},"modified":"2025-04-04T13:53:56","modified_gmt":"2025-04-04T11:53:56","slug":"la-dana-de-valencia-frente-a-las-grandes-inundaciones-europeas-de-los-ultimos-anos","status":"publish","type":"post","link":"https:\/\/miradordeatarfe.es\/?p=75764","title":{"rendered":"La DANA de Valencia frente a las grandes inundaciones europeas de los \u00faltimos a\u00f1os"},"content":{"rendered":"\n<h2 class=\"wp-block-heading has-medium-font-size\">Los da\u00f1os personales y materiales la colocan como una de las m\u00e1s destructivas, aun sin ser la m\u00e1s extensa registrada en la Uni\u00f3n Europea en los dos \u00faltimos a\u00f1os<a href=\"https:\/\/civio.es\/tag\/dana\/\"><\/a><\/h2>\n\n\n\n<p>M\u00e1s de la mitad de los europeos afectados por inundaciones en los \u00faltimos dos a\u00f1os se encuentran en la Comunidad Valenciana. Las provocadas por la DANA de Valencia han sido, adem\u00e1s, <strong>de las m\u00e1s devastadoras<\/strong> de Europa en t\u00e9rminos de v\u00edctimas mortales. Pero, \u00bfen qu\u00e9 se diferencia de otras ocurridas en los pa\u00edses vecinos? \u00bfQu\u00e9 precedentes existen en la regi\u00f3n?<\/p>\n\n\n\n<p>Los datos del observatorio europeo Copernicus recogen <strong>hasta 32 inundaciones en 17 pa\u00edses<\/strong> de la Uni\u00f3n Europea entre 2023 y 2024. Sin embargo, la del pasado 29 de octubre es, en t\u00e9rminos de superficie afectada y da\u00f1os humanos y materiales, solo comparable a las inundaciones ocurridas en las regiones de Tesalia (Grecia) y Baja Sajonia (Alemania) en septiembre y diciembre de 2023, respectivamente.<\/p>\n\n\n\n<p>Se estima que las riadas de <strong>Valencia y Castilla-La Mancha afectaron a 190.090 personas<\/strong>, lo que representa el 59,3% de la poblaci\u00f3n europea impactada por estos fen\u00f3menos en los \u00faltimos dos a\u00f1os. Entre las personas afectadas hubo <strong>235 fallecidos<\/strong>, seg\u00fan datos del <a href=\"https:\/\/www.lamoncloa.gob.es\/info-dana\/Paginas\/2025\/280325-datos-seguimiento-actuaciones-gobierno.aspx\" target=\"_blank\" rel=\"noreferrer noopener\">Gobierno<\/a>.<\/p>\n\n\n\n<p>Menos destructiva fue la <strong>inundaci\u00f3n de la regi\u00f3n griega de Tesalia<\/strong>, provocada por las intensas lluvias de la tormenta Daniel el 5 de septiembre de 2023. Esta afect\u00f3 a un cuarto de poblaci\u00f3n comparada con la inundaci\u00f3n espa\u00f1ola: <strong>44.000 residentes<\/strong>. Tambi\u00e9n caus\u00f3 <a href=\"https:\/\/www.eea.europa.eu\/en\/analysis\/publications\/responding-to-climate-change-impacts\" target=\"_blank\" rel=\"noreferrer noopener\">17 v\u00edctimas mortales<\/a>. Sin embargo, un <a href=\"https:\/\/academic.oup.com\/jpubhealth\/advance-article\/doi\/10.1093\/pubmed\/fdaf015\/8010872\" target=\"_blank\" rel=\"noreferrer noopener\">estudio reciente<\/a> ha revelado que el n\u00famero real de muertes totales asociadas podr\u00eda ser hasta <strong>20 veces mayor<\/strong>. En los tres meses tras las inundaciones se registr\u00f3 un exceso de mortalidad de 335 personas por diferentes causas que los investigadores asocian al temporal.<\/p>\n\n\n\n<p>Por su parte, en los <strong>estados alemanes de Baja Sajonia y Sajonia-Anhalt<\/strong>, las inundaciones del 24 de diciembre de 2023, resultado del desbordamiento de varios r\u00edos, dejaron <strong>37.400 damnificados, aunque no hubo p\u00e9rdidas humanas<\/strong>.<\/p>\n\n\n\n<figure class=\"wp-block-image size-full is-resized\"><img data-recalc-dims=\"1\" loading=\"lazy\" decoding=\"async\" width=\"640\" height=\"310\" src=\"https:\/\/i0.wp.com\/miradordeatarfe.es\/wp-content\/uploads\/2025\/04\/Screenshot-2025-04-01-at-10-32-33-La-DANA-de-Valencia-frente-a-las-grandes-inundaciones-europeas-de-los-ultimos-anos-Civio.png?resize=640%2C310&#038;ssl=1\" alt=\"\" class=\"wp-image-75765\" style=\"width:977px;height:auto\" srcset=\"https:\/\/i0.wp.com\/miradordeatarfe.es\/wp-content\/uploads\/2025\/04\/Screenshot-2025-04-01-at-10-32-33-La-DANA-de-Valencia-frente-a-las-grandes-inundaciones-europeas-de-los-ultimos-anos-Civio.png?w=795&amp;ssl=1 795w, https:\/\/i0.wp.com\/miradordeatarfe.es\/wp-content\/uploads\/2025\/04\/Screenshot-2025-04-01-at-10-32-33-La-DANA-de-Valencia-frente-a-las-grandes-inundaciones-europeas-de-los-ultimos-anos-Civio.png?resize=300%2C145&amp;ssl=1 300w, https:\/\/i0.wp.com\/miradordeatarfe.es\/wp-content\/uploads\/2025\/04\/Screenshot-2025-04-01-at-10-32-33-La-DANA-de-Valencia-frente-a-las-grandes-inundaciones-europeas-de-los-ultimos-anos-Civio.png?resize=768%2C372&amp;ssl=1 768w\" sizes=\"auto, (max-width: 640px) 100vw, 640px\" \/><\/figure>\n\n\n\n<p>Las inundaciones son los <strong>desastres naturales que <a href=\"https:\/\/www.who.int\/health-topics\/floods#tab=tab_1\" target=\"_blank\" rel=\"noreferrer noopener\">ocurren con m\u00e1s frecuencia<\/a><\/strong>. De hecho, esta <a href=\"https:\/\/floodlist.com\/flood-risk\/flood-events-doubled-since-2004-says-study\" target=\"_blank\" rel=\"noreferrer noopener\">se ha duplicado desde 2004<\/a> por la aceleraci\u00f3n del ciclo hidrol\u00f3gico debida al cambio clim\u00e1tico causado por la actividad humana. Los datos recogidos de prensa y otras fuentes, como Copernicus y las bases de datos EM-DAT, Hanze y <a href=\"https:\/\/gdacs.org\/\" target=\"_blank\" rel=\"noreferrer noopener\">GDACS<\/a>, indican que al menos <strong>681.076 personas se han visto afectadas por estos eventos en 24 pa\u00edses europeos entre 2014 y 2024, y 1.579 han fallecido<\/strong>. No obstante, estas cifras <strong>son una estimaci\u00f3n<\/strong>, ya que no se dispone de datos de todas las inundaciones y no todas las fuentes contabilizan igual el n\u00famero de afectados.<\/p>\n\n\n\n<p>\u201cPodemos clasificar las inundaciones en tres tipos: las causadas por <strong>fen\u00f3menos meteorol\u00f3gicos relacionados con el mar<\/strong>, las originadas por los <strong>r\u00edos<\/strong>, y las provocadas por <strong>factores urbanos<\/strong>\u201d, explica Miriam Garc\u00eda Garc\u00eda, doctora arquitecta, paisajista y urbanista, y directora de LAND LAB. En Valencia fue la irrupci\u00f3n de una DANA -depresi\u00f3n aislada en niveles altos- sobre las sierras litorales lo que desencaden\u00f3 un episodio de lluvias torrenciales, que llegaron a zonas urbanas en forma de riadas.<\/p>\n\n\n\n<p>Seg\u00fan un <a href=\"https:\/\/www.eea.europa.eu\/en\/analysis\/publications\/responding-to-climate-change-impacts\" target=\"_blank\" rel=\"noreferrer noopener\">informe de la Agencia Europea de Medio Ambiente (EEA, por sus siglas en ingl\u00e9s<\/a>) las <strong>lluvias intensas est\u00e1n detr\u00e1s casi la mitad de los desastres naturales de este tipo<\/strong>. Es el caso de la provocada por la tormenta Daniel que afect\u00f3 a miles de hect\u00e1reas en el pa\u00eds griego. En otras ocasiones son las <strong>lluvias persistentes<\/strong> las \u201cque dan lugar a crecidas de r\u00edos que inundan zonas muy amplias\u201d, como ocurri\u00f3 en Alemania, asegura Jos\u00e9 \u00c1ngel N\u00fa\u00f1ez, portavoz de la Agencia Estatal de Meteorolog\u00eda (AEMET).<\/p>\n\n\n\n<h3 class=\"wp-block-heading\" id=\"la-superficie-afectada\">La superficie afectada<\/h3>\n\n\n\n<p>Entre 2023 y 2024 se han inundado <strong>427.336 hect\u00e1reas de territorio<\/strong> de la UE -una superficie 1,5 veces mayor que Luxemburgo-, seg\u00fan los datos por sat\u00e9lite del Servicio de Emergencia R\u00e1pida Copernicus. Y aunque el evento de finales de octubre en suelo espa\u00f1ol tuvo un impacto personal y material ampl\u00edsimo, no fue la inundaci\u00f3n m\u00e1s extensa que se ha registrado en la UE en esos a\u00f1os. De hecho, <strong>la de Valencia es la tercera en el r\u00e1nking<\/strong>.<\/p>\n\n\n\n<p>Lo sucedido en Grecia en septiembre de 2023 <strong>duplica en hect\u00e1reas inundadas al desastre natural en suelo espa\u00f1ol: 122.375 en la regi\u00f3n rural de Tesalia<\/strong>, casi el doble de las 53.288 que suman Valencia y Castilla-La Mancha. En segundo lugar se encuentra la de finales de 2023 de <strong>Alemania, con 81.611 hect\u00e1reas<\/strong>.<\/p>\n\n\n\n<figure class=\"wp-block-image size-full is-resized\"><img data-recalc-dims=\"1\" loading=\"lazy\" decoding=\"async\" width=\"640\" height=\"479\" src=\"https:\/\/i0.wp.com\/miradordeatarfe.es\/wp-content\/uploads\/2025\/04\/Screenshot-2025-04-01-at-10-34-32-La-DANA-de-Valencia-frente-a-las-grandes-inundaciones-europeas-de-los-ultimos-anos-Civio.png?resize=640%2C479&#038;ssl=1\" alt=\"\" class=\"wp-image-75766\" style=\"width:868px;height:auto\" srcset=\"https:\/\/i0.wp.com\/miradordeatarfe.es\/wp-content\/uploads\/2025\/04\/Screenshot-2025-04-01-at-10-34-32-La-DANA-de-Valencia-frente-a-las-grandes-inundaciones-europeas-de-los-ultimos-anos-Civio.png?w=749&amp;ssl=1 749w, https:\/\/i0.wp.com\/miradordeatarfe.es\/wp-content\/uploads\/2025\/04\/Screenshot-2025-04-01-at-10-34-32-La-DANA-de-Valencia-frente-a-las-grandes-inundaciones-europeas-de-los-ultimos-anos-Civio.png?resize=300%2C224&amp;ssl=1 300w\" sizes=\"auto, (max-width: 640px) 100vw, 640px\" \/><\/figure>\n\n\n\n<p>En la mayor\u00eda, gran parte del entorno afectado no est\u00e1 construido y se trata de \u00e1reas rurales, <strong>dominadas por la agricultura y los paisajes naturales<\/strong>. De toda la superficie inundada en la UE en los \u00faltimos dos a\u00f1os, <strong>tres cuartas partes<\/strong>, es decir, 327.666 hect\u00e1reas, eran <strong>tierras agr\u00edcolas como campos de cultivo o pastos<\/strong>. Esta importante p\u00e9rdida de tierras pone de manifiesto el grave impacto que tienen las inundaciones en las \u00e1reas rurales, donde la agricultura es la principal fuente de ingresos.<\/p>\n\n\n\n<p>En Grecia se vieron afectadas m\u00e1s de <strong>113.000 hect\u00e1reas dedicadas a la agricultura<\/strong>, un 90% del total. En Alemania, un <strong>68% de la superficie<\/strong>. La dana de octubre de 2024 inund\u00f3 <strong>47.466 hect\u00e1reas de terreno agr\u00edcola en la Comunidad Valenciana<\/strong>, de las cuales 25.438 eran de cultivos permanentes, como los c\u00edtricos, que experimentaron graves da\u00f1os.<\/p>\n\n\n\n<p>En septiembre de 2024 se produjeron varias inundaciones significativas en parques naturales y ecosistemas protegidos. En Croacia se inundaron m\u00e1s de <strong>4.000 hect\u00e1reas cerca del r\u00edo Danubio<\/strong>, en una reserva natural. Otras dos grandes crecidas en Alemania y en la frontera entre Polonia y la Rep\u00fablica Checa dejaron, cada una, m\u00e1s de 3.000 hect\u00e1reas de este tipo afectadas.<\/p>\n\n\n\n<h3 class=\"wp-block-heading\" id=\"el-impacto-en-las-comunicaciones\">El impacto en las comunicaciones<\/h3>\n\n\n\n<p>Adem\u00e1s, estos fen\u00f3menos han causado, en toda la UE, <strong>graves da\u00f1os en 4.256 kil\u00f3metros de infraestructura de transporte<\/strong> y en <strong>1.224 kil\u00f3metros de redes de suministros y comunicaciones en solo dos a\u00f1os<\/strong>. Y aqu\u00ed, la DANA del pasado octubre vuelve a colocarse como la peor en destrucci\u00f3n de tuber\u00edas e infraestructuras de comunicaciones, haciendo que <a href=\"https:\/\/www.rtve.es\/noticias\/20241031\/dana-valencia-luz-agua-moviles\/16311307.shtml\" target=\"_blank\" rel=\"noreferrer noopener\">miles de casas se quedaran sin electricidad ni agua durante d\u00edas<\/a>. Solo en la <strong>Comunidad Valenciana afect\u00f3 a m\u00e1s de 1.500 kil\u00f3metros de calles y carreteras<\/strong>. Tambi\u00e9n se interrumpieron 99 kil\u00f3metros de l\u00edneas ferroviarias, incluyendo metro, junto con otras infraestructuras clave, dificultando la movilidad en la provincia.<\/p>\n\n\n\n<figure class=\"wp-block-image size-full is-resized\"><img data-recalc-dims=\"1\" loading=\"lazy\" decoding=\"async\" width=\"640\" height=\"502\" src=\"https:\/\/i0.wp.com\/miradordeatarfe.es\/wp-content\/uploads\/2025\/04\/Screenshot-2025-04-01-at-10-35-55-La-DANA-de-Valencia-frente-a-las-grandes-inundaciones-europeas-de-los-ultimos-anos-Civio.png?resize=640%2C502&#038;ssl=1\" alt=\"\" class=\"wp-image-75767\" style=\"width:948px;height:auto\" srcset=\"https:\/\/i0.wp.com\/miradordeatarfe.es\/wp-content\/uploads\/2025\/04\/Screenshot-2025-04-01-at-10-35-55-La-DANA-de-Valencia-frente-a-las-grandes-inundaciones-europeas-de-los-ultimos-anos-Civio.png?w=831&amp;ssl=1 831w, https:\/\/i0.wp.com\/miradordeatarfe.es\/wp-content\/uploads\/2025\/04\/Screenshot-2025-04-01-at-10-35-55-La-DANA-de-Valencia-frente-a-las-grandes-inundaciones-europeas-de-los-ultimos-anos-Civio.png?resize=300%2C235&amp;ssl=1 300w, https:\/\/i0.wp.com\/miradordeatarfe.es\/wp-content\/uploads\/2025\/04\/Screenshot-2025-04-01-at-10-35-55-La-DANA-de-Valencia-frente-a-las-grandes-inundaciones-europeas-de-los-ultimos-anos-Civio.png?resize=768%2C603&amp;ssl=1 768w\" sizes=\"auto, (max-width: 640px) 100vw, 640px\" \/><\/figure>\n\n\n\n<p><a href=\"https:\/\/civio.es\" target=\"_blank\" rel=\"noreferrer noopener\"><\/a><\/p>\n\n\n\n<p>Con una afectaci\u00f3n parecida, la <strong>inundaci\u00f3n de Grecia dej\u00f3 m\u00e1s de 1.500 kil\u00f3metros de carreteras y casi 150 kil\u00f3metros de v\u00edas de tren da\u00f1adas<\/strong>. Junto a la de Valencia, estas son las inundaciones que m\u00e1s han afectado a las conexiones por carretera y tren en la Uni\u00f3n Europea. El resto de las que tuvieron lugar esos a\u00f1os <strong>no supera los 200 kil\u00f3metros de carretera o 32 kil\u00f3metros de v\u00edas<\/strong>.<\/p>\n\n\n\n<h3 class=\"wp-block-heading\" id=\"la-prevenci\u00f3n-en-suelo-europeo\">La prevenci\u00f3n en suelo europeo<\/h3>\n\n\n\n<p>Es muy probable que otra <strong>gran inundaci\u00f3n<\/strong> similar a las de Valencia, Tesalia o Baja Sajonia <strong>azote suelo europeo en los pr\u00f3ximos a\u00f1os<\/strong>. Seg\u00fan el <a href=\"https:\/\/www.eea.europa.eu\/en\/analysis\/publications\/responding-to-climate-change-impacts\" target=\"_blank\" rel=\"noreferrer noopener\">informe de la EEA<\/a>, \u201cpara finales de siglo, el <strong>n\u00famero de personas expuestas<\/strong> a inundaciones fluviales anuales en Europa ser\u00e1 de <strong>252.000<\/strong> en un escenario de calentamiento global de 1,5 \u00baC y hasta de 484.000 -m\u00e1s del triple de las cifras actuales- en un escenario de 3 \u00b0C. Por cada grado cent\u00edgrado que se a\u00f1ade a la temperatura media mundial, la intensidad de las precipitaciones <a href=\"https:\/\/wmo.int\/topics\/extreme-weather\" target=\"_blank\" rel=\"noreferrer noopener\">aumenta alrededor de un 7%<\/a>.<\/p>\n\n\n\n<p>En las <strong>regiones mediterr\u00e1neas<\/strong>, la presencia de un mar c\u00e1lido y la complejidad de su orograf\u00eda y configuraci\u00f3n atmosf\u00e9rica aumentan la vulnerabilidad a precipitaciones torrenciales. Asimismo, los <strong>cambios en el clima<\/strong> provocados por las actividades humanas incrementan la probabilidad e intensidad de estos fen\u00f3menos.<\/p>\n\n\n\n<p>La <strong>peligrosidad de estas inundaciones<\/strong> aumenta cuando, como ocurri\u00f3 en Valencia, \u201cllueve en las monta\u00f1as y se producen riadas y avenidas rel\u00e1mpago en zonas donde no llueve. En pocos minutos pasa de haber cauces casi secos a violentas avenidas, riadas y barrancadas, que sorprenden a la poblaci\u00f3n de la costa, que no se lo espera al no estar lloviendo en ese momento en su localidad\u201d, explica N\u00fa\u00f1ez.<\/p>\n\n\n\n<p>Seg\u00fan Garc\u00eda, las actuaciones destinadas a <strong>combatir estos eventos<\/strong> pueden ir enfocadas a evitar que ocurran o a reducir la vulnerabilidad. Asimismo, \u201cpueden estar basadas en la naturaleza, con la <strong>creaci\u00f3n de parques inundables o la apertura de brazos de r\u00edo<\/strong> para inundar campos; o en las infraestructuras: ampliar la capacidad de los barrancos o construir un doble dique para contener el agua en caso de desbordamiento, entre otras\u201d, explica. Ejemplos destacados en Espa\u00f1a son el programa de <a href=\"https:\/\/ajuntament.barcelona.cat\/usosdeltemps\/es\/actuacio\/programa-superilla-barcelona\" target=\"_blank\" rel=\"noreferrer noopener\"><em>superillas<\/em><\/a> en Barcelona o el <a href=\"https:\/\/www.zaragoza.es\/sede\/servicio\/equipamiento\/6085\" target=\"_blank\" rel=\"noreferrer noopener\">parque del Agua Luis Bu\u00f1uel<\/a> en Zaragoza, creado para la Expo de 2008. Aun as\u00ed, Garc\u00eda lamenta que apenas haya ejemplos de soluciones similares en zonas urbanas costeras.<\/p>\n\n\n\n<p>Un programa que Garc\u00eda considera replicable a la zona afectada en Valencia es <strong><a href=\"https:\/\/www.dutchwatersector.com\/news\/room-for-the-river-programme\" target=\"_blank\" rel=\"noreferrer noopener\">Room for the River<\/a><\/strong>. Desarrollado en los Pa\u00edses Bajos entre 2007 y 2019, ten\u00eda como objetivo proporcionar m\u00e1s espacio a los r\u00edos para que pudieran inundarse de forma controlada y segura, reduciendo as\u00ed el riesgo de da\u00f1os a las \u00e1reas urbanas pr\u00f3ximas.<\/p>\n\n\n\n<p>El <strong>59% del territorio del pa\u00eds centroeuropeo est\u00e1 en riesgo<\/strong>: el 26% se encuentra por debajo del nivel del mar, el 29% podr\u00eda inundarse si los r\u00edos se desbordan en masa y el 4% est\u00e1 fuera de los diques, seg\u00fan la <a href=\"https:\/\/themasites.pbl.nl\/o\/risico-overstromingen\/\" target=\"_blank\" rel=\"noreferrer noopener\">Agencia de Evaluaci\u00f3n Ambiental<\/a> de los Pa\u00edses Bajos. Con el fin de reforzar y asegurar el mantenimiento de sus diques, el Gobierno holand\u00e9s ha destinado 15.200 millones de euros al Plan Delta desde 2016 y hasta 2028, creado a ra\u00edz de las devastadoras inundaciones de 1953, que dejaron <a href=\"https:\/\/www.lavanguardia.com\/vida\/20180201\/44452301087\/holanda-recuerda-la-inundacion-que-hace-65-anos-mato-a-1836-personas.html\" target=\"_blank\" rel=\"noreferrer noopener\">m\u00e1s de 1.800<\/a> v\u00edctimas mortales.<\/p>\n\n\n\n<p>\u201cDebemos <strong>integrar los grandes eventos clim\u00e1ticos en las pol\u00edticas gubernamentales<\/strong>. En base a la experiencia de Valencia, se pueden implementar acciones concretas que ayuden a reducir la p\u00e9rdida de vidas e infraestructuras\u201d, asegura Anhubav Goyal, urbanista especializado en adaptaci\u00f3n a las inundaciones.<\/p>\n\n\n\n<p>Garc\u00eda est\u00e1 convencida de que, \u201cen los lugares donde el nivel de riesgo de inundaci\u00f3n sea muy alto, y sea imposible protegerse, habr\u00e1 que generar <strong>sistemas de alerta temprana y ense\u00f1ar a la poblaci\u00f3n a convivir con ese riesgo<\/strong> para que puedan evacuar a tiempo. Aun as\u00ed, en estos casos, las p\u00e9rdidas materiales, como la destrucci\u00f3n de viviendas y negocios, pueden ser inevitables\u201d.<\/p>\n\n\n\n<p class=\"has-medium-font-size\"><strong><a href=\"https:\/\/civio.es\/equipo\/maria-alvarez-del-vayo\/\">Mar\u00eda \u00c1lvarez del Vayo<\/a> , <a href=\"https:\/\/civio.es\/equipo\/adrian-maqueda\/\">Adri\u00e1n Maqueda<\/a> , <a href=\"https:\/\/civio.es\/equipo\/carmen-torrecillas\/\">Carmen Torrecillas<\/a> , Jose Ram\u00f3n P\u00e9rez y Marta Ley (El Confidencial) y Kriszti\u00e1n Szab\u00f3 (\u00c1tl\u00e1tsz\u00f3, Hungr\u00eda), Konstantina Maltepioti y Kostas Zafeiropoulos (MIIR, Grecia)<\/strong><\/p>\n\n\n\n<p>FOTO:  <a href=\"https:\/\/www.flickr.com\/photos\/unidadmilitardeemergencias\/54104910458\/\" target=\"_blank\" rel=\"noreferrer noopener\">UME | Flick<\/a><\/p>\n\n\n\n<p><a href=\"https:\/\/civio.es\/medio-ambiente\/2025\/03\/31\/la-dana-de-valencia-frente-a-las-grandes-inundaciones-europeas-de-los-ultimos-anos\/?utm_source=Lista+General+de+Civio&amp;utm_campaign=dcc83a6456-Inundaciones+en+Europa&amp;utm_medium=email&amp;utm_term=0_-dcc83a6456-394924976&amp;mc_cid=dcc83a6456&amp;mc_eid=e1ad62923d\">https:\/\/civio.es\/medio-ambiente\/2025\/03\/31\/la-dana-de-valencia-frente-a-las-grandes-inundaciones-europeas-de-los-ultimos-anos\/?utm_source=Lista+General+de+Civio&amp;utm_campaign=dcc83a6456-Inundaciones+en+Europa&amp;utm_medium=email&amp;utm_term=0_-dcc83a6456-394924976&amp;mc_cid=dcc83a6456&amp;mc_eid=e1ad62923d<\/a><\/p>\n","protected":false},"excerpt":{"rendered":"<p>Los da\u00f1os personales y materiales la colocan como una de las m\u00e1s destructivas, aun sin&#8230;<\/p>\n","protected":false},"author":1,"featured_media":75768,"comment_status":"closed","ping_status":"closed","sticky":false,"template":"","format":"standard","meta":{"_coblocks_attr":"","_coblocks_dimensions":"","_coblocks_responsive_height":"","_coblocks_accordion_ie_support":"","jetpack_post_was_ever_published":false,"_jetpack_newsletter_access":"","_jetpack_dont_email_post_to_subs":false,"_jetpack_newsletter_tier_id":0,"_jetpack_memberships_contains_paywalled_content":false,"_jetpack_memberships_contains_paid_content":false,"footnotes":"","jetpack_publicize_message":"","jetpack_publicize_feature_enabled":true,"jetpack_social_post_already_shared":true,"jetpack_social_options":{"image_generator_settings":{"template":"highway","default_image_id":0,"enabled":false},"version":2}},"categories":[10797,1161,9,44,7671],"tags":[],"class_list":["post-75764","post","type-post","status-publish","format-standard","has-post-thumbnail","hentry","category-ciencia","category-ciudadania","category-medio-ambiente","category-noticias-de-hoy","category-politica"],"jetpack_publicize_connections":[],"jetpack_featured_media_url":"https:\/\/i0.wp.com\/miradordeatarfe.es\/wp-content\/uploads\/2025\/04\/Screenshot-2025-04-01-at-10-38-31-La-DANA-de-Valencia-frente-a-las-grandes-inundaciones-europeas-de-los-ultimos-anos-Civio.png?fit=1016%2C337&ssl=1","jetpack_likes_enabled":true,"jetpack_sharing_enabled":true,"_links":{"self":[{"href":"https:\/\/miradordeatarfe.es\/index.php?rest_route=\/wp\/v2\/posts\/75764","targetHints":{"allow":["GET"]}}],"collection":[{"href":"https:\/\/miradordeatarfe.es\/index.php?rest_route=\/wp\/v2\/posts"}],"about":[{"href":"https:\/\/miradordeatarfe.es\/index.php?rest_route=\/wp\/v2\/types\/post"}],"author":[{"embeddable":true,"href":"https:\/\/miradordeatarfe.es\/index.php?rest_route=\/wp\/v2\/users\/1"}],"replies":[{"embeddable":true,"href":"https:\/\/miradordeatarfe.es\/index.php?rest_route=%2Fwp%2Fv2%2Fcomments&post=75764"}],"version-history":[{"count":2,"href":"https:\/\/miradordeatarfe.es\/index.php?rest_route=\/wp\/v2\/posts\/75764\/revisions"}],"predecessor-version":[{"id":75770,"href":"https:\/\/miradordeatarfe.es\/index.php?rest_route=\/wp\/v2\/posts\/75764\/revisions\/75770"}],"wp:featuredmedia":[{"embeddable":true,"href":"https:\/\/miradordeatarfe.es\/index.php?rest_route=\/wp\/v2\/media\/75768"}],"wp:attachment":[{"href":"https:\/\/miradordeatarfe.es\/index.php?rest_route=%2Fwp%2Fv2%2Fmedia&parent=75764"}],"wp:term":[{"taxonomy":"category","embeddable":true,"href":"https:\/\/miradordeatarfe.es\/index.php?rest_route=%2Fwp%2Fv2%2Fcategories&post=75764"},{"taxonomy":"post_tag","embeddable":true,"href":"https:\/\/miradordeatarfe.es\/index.php?rest_route=%2Fwp%2Fv2%2Ftags&post=75764"}],"curies":[{"name":"wp","href":"https:\/\/api.w.org\/{rel}","templated":true}]}}