{"id":7580,"date":"2016-03-15T10:05:33","date_gmt":"2016-03-15T09:05:33","guid":{"rendered":"http:\/\/miradordeatarfe.es\/?p=7580"},"modified":"2020-06-26T13:05:44","modified_gmt":"2020-06-26T11:05:44","slug":"el-primer-8-de-marzo-de-atarfe-por-jose-enrique-granados","status":"publish","type":"post","link":"https:\/\/miradordeatarfe.es\/?p=7580","title":{"rendered":"El primer 8 de marzo de ATARFE, por Jos\u00e9 Enrique Granados"},"content":{"rendered":"<p style=\"text-align: justify;\"><strong>El<\/strong> 8 de marzo se celebra el D\u00eda Internacional de la Mujer trabajadora, declarado como tal por la ONU en 1975.<!--more--><\/p>\n<p style=\"text-align: justify;\">Dos a\u00f1os m\u00e1s tarde se convirti\u00f3 en el D\u00eda Internacional de la Mujer y la Paz Internacional. Sus or\u00edgenes se remontan al 19 de marzo de 1911 fecha en la que en algunos pa\u00edses de Centroeuropa (Alemania, Suiza, Dinamarca, etc) se celebr\u00f3 este d\u00eda por primera vez.<\/p>\n<p style=\"text-align: justify;\">La fecha tiene sus or\u00edgenes en el movimiento internacional de mujeres socialistas de finales del siglo XIX<span class=\"text_exposed_show\">, en plena revoluci\u00f3n industrial, que promov\u00eda la igualdad de derechos sociales, civiles y laborales entre el hombre y la mujer. En particular, durante la Revoluci\u00f3n francesa donde las mujeres parisinas marcharon hacia Versalles para exigir el sufragio femenino. Sin embargo, la fecha elegida para conmemorarlo coincide con dos grandes eventos en los que las mujeres trabajadoras fueron v\u00edctimas y protagonistas.<\/span><\/p>\n<div class=\"text_exposed_show\">\n<p style=\"text-align: justify;\">Uno de ellos, fue el movimiento de protesta por la falta de alimentos iniciado por las mujeres rusas el 8 de marzo de 1917 que desembocar\u00eda en el proceso revolucionario de octubre de ese a\u00f1o. El otro acontecimiento fue el incendio intencional en Nueva York de la f\u00e1brica textil Cotton el 8 de marzo de 1908, en el que resultaron calcinadas 146 obreras que hab\u00edan ocupado las instalaciones en protesta por los bajos salarios y las inhumanas condiciones en que desempe\u00f1aban su labor.<\/p>\n<p style=\"text-align: justify;\">En Espa\u00f1a se celebr\u00f3 por primera vez en 1936 quedando totalmente anuladas las reivindicaciones laborales de las mujeres durante la dictadura franquista. Una vez recuperadas las libertades, coincidiendo con la declaraci\u00f3n del 8 de marzo por la ONU y con el advenimiento de la democracia volvi\u00f3 con \u00edmpetu a celebrarse este d\u00eda reivindicativo.<\/p>\n<p style=\"text-align: justify;\">Las primeras celebraciones de este d\u00eda <strong>en nuestro pueblo se remontan a 1984 cuando la concejal\u00eda de Servicios Sociales, edit\u00f3 este d\u00edptico que vemos en las im\u00e1genes de la Gacetilla de hoy.<a href=\"https:\/\/i0.wp.com\/miradordeatarfe.es\/wp-content\/uploads\/2016\/03\/12813909_973014352784580_8074797962419910224_n.jpg?ssl=1\" rel=\"attachment wp-att-7581\"><img data-recalc-dims=\"1\" loading=\"lazy\" decoding=\"async\" class=\"alignnone size-full wp-image-7581\" src=\"https:\/\/i0.wp.com\/miradordeatarfe.es\/wp-content\/uploads\/2016\/03\/12813909_973014352784580_8074797962419910224_n.jpg?resize=640%2C442&#038;ssl=1\" alt=\"12813909_973014352784580_8074797962419910224_n\" width=\"640\" height=\"442\" srcset=\"https:\/\/i0.wp.com\/miradordeatarfe.es\/wp-content\/uploads\/2016\/03\/12813909_973014352784580_8074797962419910224_n.jpg?w=960&amp;ssl=1 960w, https:\/\/i0.wp.com\/miradordeatarfe.es\/wp-content\/uploads\/2016\/03\/12813909_973014352784580_8074797962419910224_n.jpg?resize=300%2C207&amp;ssl=1 300w, https:\/\/i0.wp.com\/miradordeatarfe.es\/wp-content\/uploads\/2016\/03\/12813909_973014352784580_8074797962419910224_n.jpg?resize=768%2C530&amp;ssl=1 768w, https:\/\/i0.wp.com\/miradordeatarfe.es\/wp-content\/uploads\/2016\/03\/12813909_973014352784580_8074797962419910224_n.jpg?resize=600%2C414&amp;ssl=1 600w\" sizes=\"auto, (max-width: 640px) 100vw, 640px\" \/><\/a><\/strong><\/p>\n<p>Curiosidades elvirenses.<\/p>\n<p>NOTA: La concejala era TERESA GARC\u00cdA DEL MORAL<\/p>\n<\/div>\n","protected":false},"excerpt":{"rendered":"<p>El 8 de marzo se celebra el D\u00eda Internacional de la Mujer trabajadora, declarado como&#8230;<\/p>\n","protected":false},"author":1,"featured_media":7582,"comment_status":"closed","ping_status":"closed","sticky":false,"template":"","format":"standard","meta":{"_coblocks_attr":"","_coblocks_dimensions":"","_coblocks_responsive_height":"","_coblocks_accordion_ie_support":"","jetpack_post_was_ever_published":false,"_jetpack_newsletter_access":"","_jetpack_dont_email_post_to_subs":false,"_jetpack_newsletter_tier_id":0,"_jetpack_memberships_contains_paywalled_content":false,"_jetpack_memberships_contains_paid_content":false,"footnotes":"","jetpack_publicize_message":"","jetpack_publicize_feature_enabled":true,"jetpack_social_post_already_shared":false,"jetpack_social_options":{"image_generator_settings":{"template":"highway","default_image_id":0,"enabled":false},"version":2}},"categories":[2,14,186,38,44,15],"tags":[47,19],"class_list":["post-7580","post","type-post","status-publish","format-standard","has-post-thumbnail","hentry","category-atarfe","category-feminismo","category-instituciones","category-opinion-de-jose-enrique-granados","category-noticias-de-hoy","category-ultimas-noticias","tag-8-de-marzo","tag-mujeres"],"jetpack_publicize_connections":[],"jetpack_featured_media_url":"https:\/\/i0.wp.com\/miradordeatarfe.es\/wp-content\/uploads\/2016\/03\/dia_mujer_2012.jpg?fit=440%2C216&ssl=1","jetpack_likes_enabled":true,"jetpack_sharing_enabled":true,"_links":{"self":[{"href":"https:\/\/miradordeatarfe.es\/index.php?rest_route=\/wp\/v2\/posts\/7580","targetHints":{"allow":["GET"]}}],"collection":[{"href":"https:\/\/miradordeatarfe.es\/index.php?rest_route=\/wp\/v2\/posts"}],"about":[{"href":"https:\/\/miradordeatarfe.es\/index.php?rest_route=\/wp\/v2\/types\/post"}],"author":[{"embeddable":true,"href":"https:\/\/miradordeatarfe.es\/index.php?rest_route=\/wp\/v2\/users\/1"}],"replies":[{"embeddable":true,"href":"https:\/\/miradordeatarfe.es\/index.php?rest_route=%2Fwp%2Fv2%2Fcomments&post=7580"}],"version-history":[{"count":4,"href":"https:\/\/miradordeatarfe.es\/index.php?rest_route=\/wp\/v2\/posts\/7580\/revisions"}],"predecessor-version":[{"id":40777,"href":"https:\/\/miradordeatarfe.es\/index.php?rest_route=\/wp\/v2\/posts\/7580\/revisions\/40777"}],"wp:featuredmedia":[{"embeddable":true,"href":"https:\/\/miradordeatarfe.es\/index.php?rest_route=\/wp\/v2\/media\/7582"}],"wp:attachment":[{"href":"https:\/\/miradordeatarfe.es\/index.php?rest_route=%2Fwp%2Fv2%2Fmedia&parent=7580"}],"wp:term":[{"taxonomy":"category","embeddable":true,"href":"https:\/\/miradordeatarfe.es\/index.php?rest_route=%2Fwp%2Fv2%2Fcategories&post=7580"},{"taxonomy":"post_tag","embeddable":true,"href":"https:\/\/miradordeatarfe.es\/index.php?rest_route=%2Fwp%2Fv2%2Ftags&post=7580"}],"curies":[{"name":"wp","href":"https:\/\/api.w.org\/{rel}","templated":true}]}}