{"id":75814,"date":"2025-04-03T11:00:00","date_gmt":"2025-04-03T09:00:00","guid":{"rendered":"https:\/\/miradordeatarfe.es\/?p=75814"},"modified":"2025-04-03T11:59:17","modified_gmt":"2025-04-03T09:59:17","slug":"tercer-domingo-solidario-en-atarfe","status":"publish","type":"post","link":"https:\/\/miradordeatarfe.es\/?p=75814","title":{"rendered":"TERCER DOMINGO SOLIDARIO EN ATARFE"},"content":{"rendered":"\n<p class=\"has-medium-font-size\">\u00a1<strong>El pr\u00f3ximo 6 de abril tienes una cita con la solidaridad!<\/strong><\/p>\n\n\n\n<p>Desde las <strong>12:00h en el Parque Ram\u00f3n Gard\u00f3n, celebramos el 3\u00ba Domingo Solidario<\/strong> a beneficio de la Asociaci\u00f3n Espa\u00f1ola Contra el C\u00e1ncer. Este evento est\u00e1 dedicado a apoyar la important\u00edsima labor de la Asociaci\u00f3n Espa\u00f1ola Contra el C\u00e1ncer. Es una oportunidad perfecta para disfrutar de una jornada llena de solidaridad, amistad y compromiso con una causa que nos toca a todos.<\/p>\n\n\n\n<p>En 2024, un total de 290.441 personas recibieron un diagn\u00f3stico de c\u00e1ncer en Espa\u00f1a, seg\u00fan datos de la Asociaci\u00f3n Espa\u00f1ola Contra el C\u00e1ncer. Estas cifras ponen de manifiesto la magnitud de esta enfermedad y la necesidad de seguir avanzando en investigaci\u00f3n para mejorar la detecci\u00f3n, el tratamiento y la calidad de vida de los pacientes.<\/p>\n\n\n\n<p>En la Asociaci\u00f3 se han fijado el objetivo de alcanzar al menos el 70% de supervivencia de las personas con c\u00e1ncer en el a\u00f1o 2030.<br \/>Para conseguirlo, en a\u00f1os anteriores han  dado un impulso decisivo a la internacionalizaci\u00f3n de los  proyectos de investigaci\u00f3n en c\u00e1ncer en colaboraci\u00f3n con otras entidades, uniendo fuerzas con los mejores equipos de investigadores mundiales para afrontar los mayores retos que plantea la<br \/>investigaci\u00f3n en c\u00e1ncer. Este trabajo en redes internacionales ofrece una oportunidad \u00fanica a los investigadores de nuestro pa\u00eds de colaborar en proyectos que impactan en millones de pacientes en todo el mundo.<\/p>\n\n\n\n<p>ESTE DOMINGO SOLIDARIO CONLLEVA :<\/p>\n\n\n\n<p> <strong>Ticket solidario: 5\u20ac<\/strong><\/p>\n\n\n\n<p>Toda la recaudaci\u00f3n ir\u00e1 destinada a la<strong> lucha contra el c\u00e1ncer.<\/strong> La Asociaci\u00f3n Atarfe\u00f1a  lidera el esfuerzo de la sociedad de nuestro municipio para disminuir el impacto causado por el c\u00e1ncer y mejorar la vida de las personas.<\/p>\n\n\n\n<p class=\"has-large-font-size\"><strong>ACTUACIONES:<\/strong><\/p>\n\n\n\n<p>&#8211; <strong>Zumba Fitness <\/strong>c<strong>on Juan Pedro Titos Lechuga<\/strong><br \/>&#8211; <strong>Majorettes de D\u00farcal y la Asociaci\u00f3n Musical Granamusic<\/strong><br \/>&#8211; <strong>Asociaci\u00f3n Feeling Good<br \/>&#8211; Comparsa de las ni\u00f1as: \u00abLa culpa fue del reggaet\u00f3n\u00bb<br \/>&#8211; Grupo de Rock Dn@die<br \/>&#8211; DJ Manu para animar la jornada<\/strong><\/p>\n\n\n\n<p>En esta jornada podr\u00e1s disfrutar de una comida solidaria:  Paella, raciones, bocadillos, refrescos y mucho m\u00e1s. Encontrar\u00e1s Stands con productos oficiales y artesanales y se desarrollar\u00e1n Actividades infantiles con la<strong> Pandilla del Iris Blanco<\/strong><br \/><br \/>Presenta el acto: <strong>M\u00aa Paz Torres<\/strong><br \/>Colabora: <strong>Ayuntamiento de Atarfe<\/strong><br \/><br \/>\u00a1Ven, disfruta y colabora!<\/p>\n\n\n\n<figure class=\"wp-block-image size-large\"><img data-recalc-dims=\"1\" loading=\"lazy\" decoding=\"async\" width=\"640\" height=\"910\" src=\"https:\/\/i0.wp.com\/miradordeatarfe.es\/wp-content\/uploads\/2025\/04\/Imagen-de-WhatsApp-2025-04-01-a-las-13.14.47_64f7867b.jpg?resize=640%2C910&#038;ssl=1\" alt=\"\" class=\"wp-image-75818\" srcset=\"https:\/\/i0.wp.com\/miradordeatarfe.es\/wp-content\/uploads\/2025\/04\/Imagen-de-WhatsApp-2025-04-01-a-las-13.14.47_64f7867b.jpg?resize=720%2C1024&amp;ssl=1 720w, https:\/\/i0.wp.com\/miradordeatarfe.es\/wp-content\/uploads\/2025\/04\/Imagen-de-WhatsApp-2025-04-01-a-las-13.14.47_64f7867b.jpg?resize=211%2C300&amp;ssl=1 211w, https:\/\/i0.wp.com\/miradordeatarfe.es\/wp-content\/uploads\/2025\/04\/Imagen-de-WhatsApp-2025-04-01-a-las-13.14.47_64f7867b.jpg?resize=768%2C1093&amp;ssl=1 768w, https:\/\/i0.wp.com\/miradordeatarfe.es\/wp-content\/uploads\/2025\/04\/Imagen-de-WhatsApp-2025-04-01-a-las-13.14.47_64f7867b.jpg?resize=1024%2C1457&amp;ssl=1 1024w, https:\/\/i0.wp.com\/miradordeatarfe.es\/wp-content\/uploads\/2025\/04\/Imagen-de-WhatsApp-2025-04-01-a-las-13.14.47_64f7867b.jpg?w=1065&amp;ssl=1 1065w\" sizes=\"auto, (max-width: 640px) 100vw, 640px\" \/><\/figure>\n","protected":false},"excerpt":{"rendered":"<p>\u00a1El pr\u00f3ximo 6 de abril tienes una cita con la solidaridad! Desde las 12:00h en&#8230;<\/p>\n","protected":false},"author":1,"featured_media":75817,"comment_status":"closed","ping_status":"closed","sticky":false,"template":"","format":"standard","meta":{"_coblocks_attr":"","_coblocks_dimensions":"","_coblocks_responsive_height":"","_coblocks_accordion_ie_support":"","jetpack_post_was_ever_published":false,"_jetpack_newsletter_access":"","_jetpack_dont_email_post_to_subs":false,"_jetpack_newsletter_tier_id":0,"_jetpack_memberships_contains_paywalled_content":false,"_jetpack_memberships_contains_paid_content":false,"footnotes":"","jetpack_publicize_message":"","jetpack_publicize_feature_enabled":true,"jetpack_social_post_already_shared":true,"jetpack_social_options":{"image_generator_settings":{"template":"highway","default_image_id":0,"enabled":false},"version":2}},"categories":[1161,186,44,10,10799],"tags":[],"class_list":["post-75814","post","type-post","status-publish","format-standard","has-post-thumbnail","hentry","category-ciudadania","category-instituciones","category-noticias-de-hoy","category-salud","category-voluntariado"],"jetpack_publicize_connections":[],"jetpack_featured_media_url":"https:\/\/i0.wp.com\/miradordeatarfe.es\/wp-content\/uploads\/2025\/04\/340893194_538313704896382_3199279824555478310_n-2.webp?fit=474%2C268&ssl=1","jetpack_likes_enabled":true,"jetpack_sharing_enabled":true,"_links":{"self":[{"href":"https:\/\/miradordeatarfe.es\/index.php?rest_route=\/wp\/v2\/posts\/75814","targetHints":{"allow":["GET"]}}],"collection":[{"href":"https:\/\/miradordeatarfe.es\/index.php?rest_route=\/wp\/v2\/posts"}],"about":[{"href":"https:\/\/miradordeatarfe.es\/index.php?rest_route=\/wp\/v2\/types\/post"}],"author":[{"embeddable":true,"href":"https:\/\/miradordeatarfe.es\/index.php?rest_route=\/wp\/v2\/users\/1"}],"replies":[{"embeddable":true,"href":"https:\/\/miradordeatarfe.es\/index.php?rest_route=%2Fwp%2Fv2%2Fcomments&post=75814"}],"version-history":[{"count":2,"href":"https:\/\/miradordeatarfe.es\/index.php?rest_route=\/wp\/v2\/posts\/75814\/revisions"}],"predecessor-version":[{"id":75821,"href":"https:\/\/miradordeatarfe.es\/index.php?rest_route=\/wp\/v2\/posts\/75814\/revisions\/75821"}],"wp:featuredmedia":[{"embeddable":true,"href":"https:\/\/miradordeatarfe.es\/index.php?rest_route=\/wp\/v2\/media\/75817"}],"wp:attachment":[{"href":"https:\/\/miradordeatarfe.es\/index.php?rest_route=%2Fwp%2Fv2%2Fmedia&parent=75814"}],"wp:term":[{"taxonomy":"category","embeddable":true,"href":"https:\/\/miradordeatarfe.es\/index.php?rest_route=%2Fwp%2Fv2%2Fcategories&post=75814"},{"taxonomy":"post_tag","embeddable":true,"href":"https:\/\/miradordeatarfe.es\/index.php?rest_route=%2Fwp%2Fv2%2Ftags&post=75814"}],"curies":[{"name":"wp","href":"https:\/\/api.w.org\/{rel}","templated":true}]}}