{"id":75877,"date":"2025-04-06T11:01:55","date_gmt":"2025-04-06T09:01:55","guid":{"rendered":"https:\/\/miradordeatarfe.es\/?p=75877"},"modified":"2025-04-06T11:04:59","modified_gmt":"2025-04-06T09:04:59","slug":"atarfe-se-convierte-en-epicentro-de-la-ciencia-con-la-xvi-edicion-de-la-feria","status":"publish","type":"post","link":"https:\/\/miradordeatarfe.es\/?p=75877","title":{"rendered":"Atarfe se convierte en epicentro de la ciencia con la XVI edici\u00f3n de la Feria"},"content":{"rendered":"\n<p class=\"has-medium-font-size\"><strong>Atarfe se prepara para vivir una semana llena de ciencia, innovaci\u00f3n y aprendizaje con la celebraci\u00f3n de la XVI Feria de la Ciencia, un evento que a\u00f1o tras a\u00f1o se consolida como un referente en la divulgaci\u00f3n cient\u00edfica y el fomento de las vocaciones entre los m\u00e1s j\u00f3venes. Del 7 al 10 de abril de 2025, el municipio se transformar\u00e1 en un gran laboratorio donde la comunidad educativa y la ciudadan\u00eda en general podr\u00e1n disfrutar de un amplio programa de actividades dise\u00f1adas para acercar la ciencia de manera amena y participativa<\/strong>.<\/p>\n\n\n\n<p><strong>Un proyecto que transforma la educaci\u00f3n<\/strong><\/p>\n\n\n\n<p>La Feria de la Ciencia de Atarfe es mucho m\u00e1s que un evento puntual. Es el resultado de un proyecto de innovaci\u00f3n inter-centros que se desarrolla a lo largo de todo el curso escolar, involucrando a los centros educativos de la localidad en la creaci\u00f3n de talleres, centros de inter\u00e9s, proyectos y situaciones de aprendizaje donde el alumnado sea el verdadero protagonista. Como destaca, \u00abse trata de que el alumnado se convierta en verdadero divulgador cient\u00edfico \/ cient\u00edfica\u00bb.<\/p>\n\n\n\n<p><strong>Objetivos claros y ambiciosos<\/strong><\/p>\n\n\n\n<p>La XVI Feria de la Ciencia de Atarfe se marca tres objetivos principales:<\/p>\n\n\n\n<ul class=\"wp-block-list\">\n<li><strong>Divulgaci\u00f3n cient\u00edfica:<\/strong>&nbsp;Sacar la ciencia de las aulas y mostrarla a la comunidad como un producto final del trabajo realizado durante el curso.<\/li>\n\n\n\n<li><strong>Despertar vocaciones cient\u00edficas:<\/strong>&nbsp;Inspirar a los j\u00f3venes a seguir carreras cient\u00edficas, contando para ello con la participaci\u00f3n de cient\u00edficos y cient\u00edficas locales como referentes cercanos.<\/li>\n\n\n\n<li><strong>Movilizar a la comunidad educativa:<\/strong>&nbsp;Implicar a docentes, alumnado, familias y otros agentes sociales en un cambio hacia pr\u00e1cticas educativas m\u00e1s innovadoras y colaborativas.<\/li>\n<\/ul>\n\n\n\n<p><strong>Un programa para todos los p\u00fablicos<\/strong><\/p>\n\n\n\n<p>El programa de la feria incluye una gran variedad de actividades para todas las edades:<\/p>\n\n\n\n<ul class=\"wp-block-list\">\n<li><strong>Encuentro de Cient\u00edficas y Cient\u00edficos de Atarfe:<\/strong>&nbsp;Un espacio para el di\u00e1logo y el intercambio entre cient\u00edficos, cient\u00edficas locales y la comunidad educativa.<\/li>\n<\/ul>\n\n\n\n<p><strong>Exposici\u00f3n de experiencias cient\u00edficas:<\/strong>&nbsp;El alumnado de los centros educativos de Atarfe y de otros municipios, en esta ocasi\u00f3n (CEIP Cristo de la Salud N\u00edvar, CEIP&nbsp; San Isidoro Deifontes, TREE SCHOOL La Herradura, CPR AL DEHEC\u00daR Dehesas de Guadix, M\u00e9xico, CES RAM\u00d3N Y CAJAL Granada, CPIFP Hurtado de Mendoza Granada, adem\u00e1s de contar con la Unidad de Cultura Cient\u00edfica de la Universidad de Granada, Facultad de Ciencia de la Educaci\u00f3n, SOLACYT, INFOCA, AGUASVIRA\/CRUZ ROJA, Protecci\u00f3n Civil de Atarfe, Salvemos La Vega\/VegaEduca, Atarfe Sostenible, AMPA LA ERMITA\u2026),&nbsp;&nbsp;mostrar\u00e1n sus proyectos e investigaciones en el Coliseo de Atarfe.<\/p>\n\n\n\n<ul class=\"wp-block-list\">\n<li><strong>Ciencia sobre ruedas:<\/strong>&nbsp;Un tren recorrer\u00e1 las calles de Atarfe mostrando el patrimonio cient\u00edfico, cultural e hist\u00f3rico del municipio.<\/li>\n\n\n\n<li><strong>Teatro CienciAtarfe:<\/strong>&nbsp;Una obra teatral que acercar\u00e1 la ciencia al p\u00fablico de forma divertida y original.<\/li>\n\n\n\n<li><strong>Talleres y ponencias:<\/strong>&nbsp;Actividades formativas para el profesorado y el p\u00fablico en general.<\/li>\n\n\n\n<li><strong>Pleno Infantil:<\/strong>&nbsp;Los ni\u00f1os y ni\u00f1as de Atarfe tendr\u00e1n la oportunidad de expresar sus opiniones y propuestas sobre temas de inter\u00e9s.<\/li>\n<\/ul>\n\n\n\n<p>Adem\u00e1s, la feria tendr\u00e1 una amplia repercusi\u00f3n con retransmisiones en directo en Radio Iliberis y participaci\u00f3n en eventos como las Jornadas de puertas abiertas del Parque de las Ciencias, las Jornadas CreInnovaEduca y la Noche Europea de los Investigadores.<\/p>\n\n\n\n<p><strong>Atarfe, un referente en la divulgaci\u00f3n cient\u00edfica<\/strong><\/p>\n\n\n\n<p>La Feria de la Ciencia de Atarfe se ha convertido en un referente a nivel local, provincial, auton\u00f3mico, nacional e incluso internacional. El proyecto ha recibido numerosos reconocimientos y premios, como el programa Ciencia en Acci\u00f3n. En 2024, Atarfe fue sede de la XXII edici\u00f3n de Ciencia en Acci\u00f3n, con la participaci\u00f3n de pa\u00edses como Andorra, Bulgaria, Ir\u00e1n, Italia, Portugal y Ruman\u00eda.<\/p>\n\n\n\n<p>La XVI Feria de la Ciencia de Atarfe promete ser un evento inolvidable que acercar\u00e1 la ciencia a la ciudadan\u00eda, fomentar\u00e1 las vocaciones cient\u00edficas y promover\u00e1 la innovaci\u00f3n educativa. \u00a1No te lo pierdas!<\/p>\n\n\n\n<figure class=\"wp-block-image size-large is-resized\"><img data-recalc-dims=\"1\" loading=\"lazy\" decoding=\"async\" width=\"640\" height=\"661\" src=\"https:\/\/i0.wp.com\/miradordeatarfe.es\/wp-content\/uploads\/2025\/04\/programa.jpg?resize=640%2C661&#038;ssl=1\" alt=\"\" class=\"wp-image-75879\" style=\"width:847px;height:auto\" srcset=\"https:\/\/i0.wp.com\/miradordeatarfe.es\/wp-content\/uploads\/2025\/04\/programa.jpg?resize=991%2C1024&amp;ssl=1 991w, https:\/\/i0.wp.com\/miradordeatarfe.es\/wp-content\/uploads\/2025\/04\/programa.jpg?resize=290%2C300&amp;ssl=1 290w, https:\/\/i0.wp.com\/miradordeatarfe.es\/wp-content\/uploads\/2025\/04\/programa.jpg?resize=768%2C793&amp;ssl=1 768w, https:\/\/i0.wp.com\/miradordeatarfe.es\/wp-content\/uploads\/2025\/04\/programa.jpg?resize=1487%2C1536&amp;ssl=1 1487w, https:\/\/i0.wp.com\/miradordeatarfe.es\/wp-content\/uploads\/2025\/04\/programa.jpg?resize=1024%2C1058&amp;ssl=1 1024w, https:\/\/i0.wp.com\/miradordeatarfe.es\/wp-content\/uploads\/2025\/04\/programa.jpg?resize=1320%2C1364&amp;ssl=1 1320w, https:\/\/i0.wp.com\/miradordeatarfe.es\/wp-content\/uploads\/2025\/04\/programa.jpg?w=1510&amp;ssl=1 1510w\" sizes=\"auto, (max-width: 640px) 100vw, 640px\" \/><\/figure>\n\n\n\n<figure class=\"wp-block-image size-large\"><img data-recalc-dims=\"1\" loading=\"lazy\" decoding=\"async\" width=\"640\" height=\"661\" src=\"https:\/\/i0.wp.com\/miradordeatarfe.es\/wp-content\/uploads\/2025\/04\/contraportada.jpg?resize=640%2C661&#038;ssl=1\" alt=\"\" class=\"wp-image-75882\" srcset=\"https:\/\/i0.wp.com\/miradordeatarfe.es\/wp-content\/uploads\/2025\/04\/contraportada.jpg?resize=991%2C1024&amp;ssl=1 991w, https:\/\/i0.wp.com\/miradordeatarfe.es\/wp-content\/uploads\/2025\/04\/contraportada.jpg?resize=290%2C300&amp;ssl=1 290w, https:\/\/i0.wp.com\/miradordeatarfe.es\/wp-content\/uploads\/2025\/04\/contraportada.jpg?resize=768%2C793&amp;ssl=1 768w, https:\/\/i0.wp.com\/miradordeatarfe.es\/wp-content\/uploads\/2025\/04\/contraportada.jpg?resize=1487%2C1536&amp;ssl=1 1487w, https:\/\/i0.wp.com\/miradordeatarfe.es\/wp-content\/uploads\/2025\/04\/contraportada.jpg?resize=1024%2C1058&amp;ssl=1 1024w, https:\/\/i0.wp.com\/miradordeatarfe.es\/wp-content\/uploads\/2025\/04\/contraportada.jpg?resize=1320%2C1364&amp;ssl=1 1320w, https:\/\/i0.wp.com\/miradordeatarfe.es\/wp-content\/uploads\/2025\/04\/contraportada.jpg?w=1510&amp;ssl=1 1510w\" sizes=\"auto, (max-width: 640px) 100vw, 640px\" \/><\/figure>\n","protected":false},"excerpt":{"rendered":"<p>Atarfe se prepara para vivir una semana llena de ciencia, innovaci\u00f3n y aprendizaje con la&#8230;<\/p>\n","protected":false},"author":1,"featured_media":75880,"comment_status":"closed","ping_status":"closed","sticky":false,"template":"","format":"standard","meta":{"_coblocks_attr":"","_coblocks_dimensions":"","_coblocks_responsive_height":"","_coblocks_accordion_ie_support":"","jetpack_post_was_ever_published":false,"_jetpack_newsletter_access":"","_jetpack_dont_email_post_to_subs":false,"_jetpack_newsletter_tier_id":0,"_jetpack_memberships_contains_paywalled_content":false,"_jetpack_memberships_contains_paid_content":false,"footnotes":"","jetpack_publicize_message":"","jetpack_publicize_feature_enabled":true,"jetpack_social_post_already_shared":false,"jetpack_social_options":{"image_generator_settings":{"template":"highway","default_image_id":0,"enabled":false},"version":2}},"categories":[9597,10778,186,44],"tags":[],"class_list":["post-75877","post","type-post","status-publish","format-standard","has-post-thumbnail","hentry","category-cientificos-atarfenos","category-feria-de-la-ciencia-atarfe","category-instituciones","category-noticias-de-hoy"],"jetpack_publicize_connections":[],"jetpack_featured_media_url":"https:\/\/i0.wp.com\/miradordeatarfe.es\/wp-content\/uploads\/2025\/04\/portada.jpg?fit=1107%2C1560&ssl=1","jetpack_likes_enabled":true,"jetpack_sharing_enabled":true,"_links":{"self":[{"href":"https:\/\/miradordeatarfe.es\/index.php?rest_route=\/wp\/v2\/posts\/75877","targetHints":{"allow":["GET"]}}],"collection":[{"href":"https:\/\/miradordeatarfe.es\/index.php?rest_route=\/wp\/v2\/posts"}],"about":[{"href":"https:\/\/miradordeatarfe.es\/index.php?rest_route=\/wp\/v2\/types\/post"}],"author":[{"embeddable":true,"href":"https:\/\/miradordeatarfe.es\/index.php?rest_route=\/wp\/v2\/users\/1"}],"replies":[{"embeddable":true,"href":"https:\/\/miradordeatarfe.es\/index.php?rest_route=%2Fwp%2Fv2%2Fcomments&post=75877"}],"version-history":[{"count":2,"href":"https:\/\/miradordeatarfe.es\/index.php?rest_route=\/wp\/v2\/posts\/75877\/revisions"}],"predecessor-version":[{"id":75883,"href":"https:\/\/miradordeatarfe.es\/index.php?rest_route=\/wp\/v2\/posts\/75877\/revisions\/75883"}],"wp:featuredmedia":[{"embeddable":true,"href":"https:\/\/miradordeatarfe.es\/index.php?rest_route=\/wp\/v2\/media\/75880"}],"wp:attachment":[{"href":"https:\/\/miradordeatarfe.es\/index.php?rest_route=%2Fwp%2Fv2%2Fmedia&parent=75877"}],"wp:term":[{"taxonomy":"category","embeddable":true,"href":"https:\/\/miradordeatarfe.es\/index.php?rest_route=%2Fwp%2Fv2%2Fcategories&post=75877"},{"taxonomy":"post_tag","embeddable":true,"href":"https:\/\/miradordeatarfe.es\/index.php?rest_route=%2Fwp%2Fv2%2Ftags&post=75877"}],"curies":[{"name":"wp","href":"https:\/\/api.w.org\/{rel}","templated":true}]}}