{"id":75947,"date":"2025-04-10T10:30:00","date_gmt":"2025-04-10T08:30:00","guid":{"rendered":"https:\/\/miradordeatarfe.es\/?p=75947"},"modified":"2025-04-13T17:03:37","modified_gmt":"2025-04-13T15:03:37","slug":"celebrando-el-94-aniversario-de-la-proclamacion-de-la-ii-republica-espanola","status":"publish","type":"post","link":"https:\/\/miradordeatarfe.es\/?p=75947","title":{"rendered":"\u00abCELEBRANDO EL 94 ANIVERSARIO DE LA PROCLAMACI\u00d3N DE LA II REP\u00daBLICA ESPA\u00d1OLA\u00bb poe Carmen Morente"},"content":{"rendered":"\n<p><strong>Como el d\u00eda 14 de abril resulta ser lunes de Semana Santa, se ha decidido adelantar la conmemoraci\u00f3n al S\u00c1BADO, 12 DE ABRIL, A LAS 12 HORAS, EN LA PLAZA DE LA MARIANA EN GRANADA.<\/strong><\/p>\n\n\n\n<p>Como todos los a\u00f1os, la Asociaci\u00f3n \u201cPlataforma C\u00edvica para la Rep\u00fablica\u201d (Granada) conmemorar\u00e1 el aniversario de la proclamaci\u00f3n el 14 de abril de 1931 de la II Rep\u00fablica Espa\u00f1ola. En esta ocasi\u00f3n, como el d\u00eda 14 de abril resulta ser lunes de Semana Santa, se ha decidido adelantar <strong>la conmemoraci\u00f3n al S\u00c1BADO, 12 DE ABRIL, A LAS 12 HORAS, EN LA PLAZA DE LA MARIANA EN GRANADA<\/strong>.<br \/><\/p>\n\n\n\n<p>El 12 de abril de 1931 se celebraron elecciones municipales en toda Espa\u00f1a.<\/p>\n\n\n\n<p>Del resultado de dichas elecciones result\u00f3 la proclamaci\u00f3n de la Rep\u00fablica. El pr\u00f3ximo s\u00e1bado d\u00eda 12, se va a rendir homenaje a los 35 concejales que fueron electos en Granada por la coalici\u00f3n republicano-socialista. <\/p>\n\n\n\n<p>Algunos nombres son muy conocidos, pero otros han ca\u00eddo totalmente en el olvido. Sobre cada uno de ellos se leer\u00e1 en la Plaza de la Mariana una micro biograf\u00eda.<\/p>\n\n\n\n<p>El resultado de las elecciones municipales de 1931 fue una aut\u00e9ntica revoluci\u00f3n democr\u00e1tica. Por primera vez, tres trabajadores manuales ser\u00edan elegidos como concejales; ellos fueron: Jos\u00e9 Valenzuela Mar\u00edn (dependiente), Rafael G\u00f3mez Ju\u00e1rez (camarero) y Federico Garc\u00eda Ponce (factor ferroviario).<br \/><\/p>\n\n\n\n<p>Un acto que pretende tambi\u00e9n rememorar que aquel 14 de abril de 1931 las plazas de toda Espa\u00f1a se llenaron de pueblo jubiloso y alegre. Lo haremos mediante la actuaci\u00f3n de Alberto al saxo, quien nos deleitar\u00e1 con la m\u00fasica del Himno de Riego, la Internacional, la Marsellesa o el himno de Andaluc\u00eda.<br \/><\/p>\n\n\n\n<p>Recordando, por \u00faltimo, que en el Art\u00edculo 6\u00ba de la Constituci\u00f3n de 1931 se consagraba que \u201cEspa\u00f1a renuncia a la guerra como instrumento de pol\u00edtica nacional\u201d, alzaremos nuestra voz para decir: POR LA PAZ: NO AL GENOCIDIO EN PALESTINA. NO AL REARME\u201d.<br \/><\/p>\n\n\n\n<p>Esas peque\u00f1as cosas que se convierten en grandes ante el riesgo de guerra y de destrucci\u00f3n que nos envuelven.<br \/><strong>Carmen Morente Mu\u00f1oz<\/strong><br \/><strong>Asociaci\u00f3n \u201cPlataforma C\u00edvica por la Rep\u00fablica\u201d (Granada)<\/strong><\/p>\n","protected":false},"excerpt":{"rendered":"<p>Como el d\u00eda 14 de abril resulta ser lunes de Semana Santa, se ha decidido&#8230;<\/p>\n","protected":false},"author":1,"featured_media":75948,"comment_status":"closed","ping_status":"closed","sticky":false,"template":"","format":"standard","meta":{"_coblocks_attr":"","_coblocks_dimensions":"","_coblocks_responsive_height":"","_coblocks_accordion_ie_support":"","jetpack_post_was_ever_published":false,"_jetpack_newsletter_access":"","_jetpack_dont_email_post_to_subs":false,"_jetpack_newsletter_tier_id":0,"_jetpack_memberships_contains_paywalled_content":false,"_jetpack_memberships_contains_paid_content":false,"footnotes":"","jetpack_publicize_message":"","jetpack_publicize_feature_enabled":true,"jetpack_social_post_already_shared":true,"jetpack_social_options":{"image_generator_settings":{"template":"highway","default_image_id":0,"enabled":false},"version":2}},"categories":[10707,1161,186,44],"tags":[],"class_list":["post-75947","post","type-post","status-publish","format-standard","has-post-thumbnail","hentry","category-la-opinion-de-carmen-morente","category-ciudadania","category-instituciones","category-noticias-de-hoy"],"jetpack_publicize_connections":[],"jetpack_featured_media_url":"https:\/\/miradordeatarfe.es\/wp-content\/uploads\/2025\/04\/CARTEL-REPUBLICA-DIA-121-pdf.jpg","jetpack_likes_enabled":true,"jetpack_sharing_enabled":true,"_links":{"self":[{"href":"https:\/\/miradordeatarfe.es\/index.php?rest_route=\/wp\/v2\/posts\/75947","targetHints":{"allow":["GET"]}}],"collection":[{"href":"https:\/\/miradordeatarfe.es\/index.php?rest_route=\/wp\/v2\/posts"}],"about":[{"href":"https:\/\/miradordeatarfe.es\/index.php?rest_route=\/wp\/v2\/types\/post"}],"author":[{"embeddable":true,"href":"https:\/\/miradordeatarfe.es\/index.php?rest_route=\/wp\/v2\/users\/1"}],"replies":[{"embeddable":true,"href":"https:\/\/miradordeatarfe.es\/index.php?rest_route=%2Fwp%2Fv2%2Fcomments&post=75947"}],"version-history":[{"count":4,"href":"https:\/\/miradordeatarfe.es\/index.php?rest_route=\/wp\/v2\/posts\/75947\/revisions"}],"predecessor-version":[{"id":76135,"href":"https:\/\/miradordeatarfe.es\/index.php?rest_route=\/wp\/v2\/posts\/75947\/revisions\/76135"}],"wp:featuredmedia":[{"embeddable":true,"href":"https:\/\/miradordeatarfe.es\/index.php?rest_route=\/wp\/v2\/media\/75948"}],"wp:attachment":[{"href":"https:\/\/miradordeatarfe.es\/index.php?rest_route=%2Fwp%2Fv2%2Fmedia&parent=75947"}],"wp:term":[{"taxonomy":"category","embeddable":true,"href":"https:\/\/miradordeatarfe.es\/index.php?rest_route=%2Fwp%2Fv2%2Fcategories&post=75947"},{"taxonomy":"post_tag","embeddable":true,"href":"https:\/\/miradordeatarfe.es\/index.php?rest_route=%2Fwp%2Fv2%2Ftags&post=75947"}],"curies":[{"name":"wp","href":"https:\/\/api.w.org\/{rel}","templated":true}]}}