{"id":75951,"date":"2025-04-10T11:00:00","date_gmt":"2025-04-10T09:00:00","guid":{"rendered":"https:\/\/miradordeatarfe.es\/?p=75951"},"modified":"2025-04-09T20:51:50","modified_gmt":"2025-04-09T18:51:50","slug":"sin-corazon-por-juande-dios-villanueva-roa","status":"publish","type":"post","link":"https:\/\/miradordeatarfe.es\/?p=75951","title":{"rendered":"\u00abSin coraz\u00f3n\u00bb por Juande Dios Villanueva Roa"},"content":{"rendered":"\n<p>Han pasado ya meses desde que comenz\u00f3 este a\u00f1o. Pareciese que el personal pol\u00edtico estaba cambiando el paso, que iba a dedicarse a trabajar por ocuparse del pueblo que lo paga. Ni hablar. <\/p>\n\n\n\n<p>Se siguen anteponiendo los despertares de instintos m\u00e1s pr\u00f3ximos: los bajos, los que incluso reptan bajo tierra. Desde mi optimismo, hab\u00eda llegado a creer que ser\u00eda posible que para estos que comen de lo que les pagamos \u2013algunos incluso se han subido el sueldo por encima, muy por encima, del resto del personal, \u00bfverdad, presidente?\u2013 iban a priorizar la esencia del humano, la atenci\u00f3n y cuidados a ni\u00f1os y ancianos, a desfavorecidos y a quienes de verdad necesitan de la sociedad en estos tiempos tan raros, de que iban a mejorar las residencias de la tercera edad y atenciones domiciliarias; de que quienes est\u00e1n en su \u00faltima \u00e9poca vital de forma real no tendr\u00edan que esperar hasta despu\u00e9s de la misma muerte para recibir solidaridad, cuidados, ayudas que precisan para llevar con dignidad soledad, dolores, recuerdos\u2026 <\/p>\n\n\n\n<p>Pens\u00e9 que de coraz\u00f3n se ocupar\u00edan de estas cosas que nos hacen avanzar de verdad en la historia. No. <\/p>\n\n\n\n<p>Siguen con sus mentiras, manipulaciones, con todos los intereses puestos en llegar a mandar o seguir mandando, a gobernar para primar sus intereses de hoy, ayer y ma\u00f1ana. <\/p>\n\n\n\n<p>Si no fuera por lo que cost\u00f3 llegar hasta aqu\u00ed, uno dir\u00eda que estamos fracasando con estas gentes que cada d\u00eda agarran los micr\u00f3fonos para decir lo que dicen; porque hacer, no hacen nada m\u00e1s que avergonzarnos. Espero que la cordura regrese, porque el coraz\u00f3n lo perdieron hace mucho tiempo. Y mientras los abuelos siguen esperando a que alguien les d\u00e9 la dignidad que estos mangurrinos les roban.<\/p>\n\n\n\n<p>PUBLICADO EN IDEAL<\/p>\n\n\n\n<p>FOTO: https:\/\/www.salud.mapfre.es<\/p>\n\n\n\n<p><a href=\"https:\/\/www.ideal.es\/opinion\/juan-de-dios-villanueva-roa-corazon-20250409234826-nt.html\">https:\/\/www.ideal.es\/opinion\/juan-de-dios-villanueva-roa-corazon-20250409234826-nt.html<\/a><\/p>\n","protected":false},"excerpt":{"rendered":"<p>Han pasado ya meses desde que comenz\u00f3 este a\u00f1o. Pareciese que el personal pol\u00edtico estaba&#8230;<\/p>\n","protected":false},"author":1,"featured_media":75952,"comment_status":"closed","ping_status":"closed","sticky":false,"template":"","format":"standard","meta":{"_coblocks_attr":"","_coblocks_dimensions":"","_coblocks_responsive_height":"","_coblocks_accordion_ie_support":"","jetpack_post_was_ever_published":false,"_jetpack_newsletter_access":"","_jetpack_dont_email_post_to_subs":false,"_jetpack_newsletter_tier_id":0,"_jetpack_memberships_contains_paywalled_content":false,"_jetpack_memberships_contains_paid_content":false,"footnotes":"","jetpack_publicize_message":"","jetpack_publicize_feature_enabled":true,"jetpack_social_post_already_shared":true,"jetpack_social_options":{"image_generator_settings":{"template":"highway","default_image_id":0,"enabled":false},"version":2}},"categories":[1161,186,9772,44,1],"tags":[],"class_list":["post-75951","post","type-post","status-publish","format-standard","has-post-thumbnail","hentry","category-ciudadania","category-instituciones","category-opinion-de-juan-de-dios-villanueva","category-noticias-de-hoy","category-uncategorized"],"jetpack_publicize_connections":[],"jetpack_featured_media_url":"https:\/\/i0.wp.com\/miradordeatarfe.es\/wp-content\/uploads\/2025\/04\/atencion-comunidad-ambulatoria-domiciliaria-3.jpg?fit=1104%2C408&ssl=1","jetpack_likes_enabled":true,"jetpack_sharing_enabled":true,"_links":{"self":[{"href":"https:\/\/miradordeatarfe.es\/index.php?rest_route=\/wp\/v2\/posts\/75951","targetHints":{"allow":["GET"]}}],"collection":[{"href":"https:\/\/miradordeatarfe.es\/index.php?rest_route=\/wp\/v2\/posts"}],"about":[{"href":"https:\/\/miradordeatarfe.es\/index.php?rest_route=\/wp\/v2\/types\/post"}],"author":[{"embeddable":true,"href":"https:\/\/miradordeatarfe.es\/index.php?rest_route=\/wp\/v2\/users\/1"}],"replies":[{"embeddable":true,"href":"https:\/\/miradordeatarfe.es\/index.php?rest_route=%2Fwp%2Fv2%2Fcomments&post=75951"}],"version-history":[{"count":1,"href":"https:\/\/miradordeatarfe.es\/index.php?rest_route=\/wp\/v2\/posts\/75951\/revisions"}],"predecessor-version":[{"id":75953,"href":"https:\/\/miradordeatarfe.es\/index.php?rest_route=\/wp\/v2\/posts\/75951\/revisions\/75953"}],"wp:featuredmedia":[{"embeddable":true,"href":"https:\/\/miradordeatarfe.es\/index.php?rest_route=\/wp\/v2\/media\/75952"}],"wp:attachment":[{"href":"https:\/\/miradordeatarfe.es\/index.php?rest_route=%2Fwp%2Fv2%2Fmedia&parent=75951"}],"wp:term":[{"taxonomy":"category","embeddable":true,"href":"https:\/\/miradordeatarfe.es\/index.php?rest_route=%2Fwp%2Fv2%2Fcategories&post=75951"},{"taxonomy":"post_tag","embeddable":true,"href":"https:\/\/miradordeatarfe.es\/index.php?rest_route=%2Fwp%2Fv2%2Ftags&post=75951"}],"curies":[{"name":"wp","href":"https:\/\/api.w.org\/{rel}","templated":true}]}}