{"id":75992,"date":"2025-04-16T11:09:00","date_gmt":"2025-04-16T09:09:00","guid":{"rendered":"https:\/\/miradordeatarfe.es\/?p=75992"},"modified":"2025-04-16T09:49:39","modified_gmt":"2025-04-16T07:49:39","slug":"el-sorteo-de-quintas-por-jose-enrique-granados","status":"publish","type":"post","link":"https:\/\/miradordeatarfe.es\/?p=75992","title":{"rendered":"\u00bb EL SORTEO DE QUINTAS\u00bb por Jos\u00e9 Enrique Granados"},"content":{"rendered":"\n<p class=\"has-medium-font-size\"><strong>Hemos rescatado una cr\u00f3nica period\u00edstica de Anto\u00f1ito \u201cel de la Tienda de la Esquina\u201d, relativa al sorteo de Quintas de 1975. Su lectura nos aporta informaci\u00f3n del Atarfe de hace 50 a\u00f1os.<\/strong><\/p>\n\n\n\n<p>&lt;&lt;<em>Ayer domingo, a las once de la ma\u00f1ana se constituy\u00f3 en sesi\u00f3n p\u00fablica la Junta Municipal de Reclutamiento, para proceder a la clasificaci\u00f3n, reconocimiento, talla y dem\u00e1s operaciones relacionadas con los mozos alistados del Reemplazo de 1975.<\/em><\/p>\n\n\n\n<p><em>Presidi\u00f3 el acto en las Salas Capitulares, el primer teniente de Alcalde, Alcalde en funciones, Don Antonio S\u00e1nchez L\u00f3pez, quien a la hora convenida abri\u00f3 el acto con todas las formalidades de rigor y se dio a la lectura a los art\u00edculos 88 al 109, ambos inclusive, de la vigente Ley o Reglamento General del Servicio Militar. Asisti\u00f3 una mayor\u00eda de se\u00f1ores concejales y p\u00fablico.<\/em><\/p>\n\n\n\n<p><em>Por cierto, la quinta result\u00f3 muy lucida, ya que hubo 99 mozos alistados, que dicho sea con satisfacci\u00f3n, se ve le creciente movimiento demogr\u00e1fico de Atarfe; adem\u00e1s resultaron casi todos \u00fatiles, y muy pocos con exenciones, las cuales son motivadas principalmente por solicitud de pr\u00f3rroga de 1\u00aa y 2\u00aa clase.<\/em><\/p>\n\n\n\n<p><em>Con verdadera complacencia se hace resaltar el dato que van desapareciendo el personal que no sabe firmar, y que antes hab\u00edan de firmar dos testigos; todos los mozos de este reemplazo saben leer y escribir, lo que nos congratula el decirlo, ya que este detalle pone de manifiesto el avance cultural que en escasos a\u00f1os ha tenido Atarfe; y tambi\u00e9n en lo que respecta a las tallas y constitu<\/em>ci\u00f3n f\u00edsica han mejorado, lo que representa una vida higi\u00e9nica, sana y mejor que en a\u00f1os que ya pasaron.<\/p>\n\n\n\n<p><em>Por lo tanto, estos mozos todos est\u00e1n dispuestos a servir bien y con cari\u00f1o a la Madre Patria, y a remedar las viejas glorias de aquellos tercios que hicieron inmortal, \u00ednclita y ub\u00e9rrima a la raza espa\u00f1ola.<\/em><\/p>\n\n\n\n<p>T<em>erminado el acto, el Sr. Alcalde, Sres. Concejales y Secretario General hicieron constar un voto de gracias y felicitaci\u00f3n al personal del ayuntamiento y expresamente, de manera muy marcada, al Sr. Jefe del Negociado de Quintas, D. Antonio Rajoy Castellanos, habi\u00e9ndose demostrado en todo momento una pr\u00e1ctica y perfect\u00edsima organizaci\u00f3n en los actos de clasificaci\u00f3n y talla, ya acreditada su competencia en sus cincuenta y tantos a\u00f1os de servicio que lleva en el Ayuntamiento.>><\/em><\/p>\n\n\n\n<p>En la fotograf\u00eda, cortes\u00eda de Mar\u00eda Victoria Correa, soldado de reemplazo, anterior al relatado en la cr\u00f3nica.<\/p>\n\n\n\n<p>Gacetilla y curiosidades elvirenses.<\/p>\n","protected":false},"excerpt":{"rendered":"<p>Hemos rescatado una cr\u00f3nica period\u00edstica de Anto\u00f1ito \u201cel de la Tienda de la Esquina\u201d, relativa&#8230;<\/p>\n","protected":false},"author":1,"featured_media":75993,"comment_status":"closed","ping_status":"closed","sticky":false,"template":"","format":"standard","meta":{"_coblocks_attr":"","_coblocks_dimensions":"","_coblocks_responsive_height":"","_coblocks_accordion_ie_support":"","jetpack_post_was_ever_published":false,"_jetpack_newsletter_access":"","_jetpack_dont_email_post_to_subs":false,"_jetpack_newsletter_tier_id":0,"_jetpack_memberships_contains_paywalled_content":false,"_jetpack_memberships_contains_paid_content":false,"footnotes":"","jetpack_publicize_message":"","jetpack_publicize_feature_enabled":true,"jetpack_social_post_already_shared":true,"jetpack_social_options":{"image_generator_settings":{"template":"highway","default_image_id":0,"enabled":false},"version":2}},"categories":[12,186,38,44],"tags":[],"class_list":["post-75992","post","type-post","status-publish","format-standard","has-post-thumbnail","hentry","category-cultura","category-instituciones","category-opinion-de-jose-enrique-granados","category-noticias-de-hoy"],"jetpack_publicize_connections":[],"jetpack_featured_media_url":"https:\/\/i0.wp.com\/miradordeatarfe.es\/wp-content\/uploads\/2025\/04\/482252056_1173528584780622_8631669397864085801_n.jpg?fit=526%2C876&ssl=1","jetpack_likes_enabled":true,"jetpack_sharing_enabled":true,"_links":{"self":[{"href":"https:\/\/miradordeatarfe.es\/index.php?rest_route=\/wp\/v2\/posts\/75992","targetHints":{"allow":["GET"]}}],"collection":[{"href":"https:\/\/miradordeatarfe.es\/index.php?rest_route=\/wp\/v2\/posts"}],"about":[{"href":"https:\/\/miradordeatarfe.es\/index.php?rest_route=\/wp\/v2\/types\/post"}],"author":[{"embeddable":true,"href":"https:\/\/miradordeatarfe.es\/index.php?rest_route=\/wp\/v2\/users\/1"}],"replies":[{"embeddable":true,"href":"https:\/\/miradordeatarfe.es\/index.php?rest_route=%2Fwp%2Fv2%2Fcomments&post=75992"}],"version-history":[{"count":1,"href":"https:\/\/miradordeatarfe.es\/index.php?rest_route=\/wp\/v2\/posts\/75992\/revisions"}],"predecessor-version":[{"id":75994,"href":"https:\/\/miradordeatarfe.es\/index.php?rest_route=\/wp\/v2\/posts\/75992\/revisions\/75994"}],"wp:featuredmedia":[{"embeddable":true,"href":"https:\/\/miradordeatarfe.es\/index.php?rest_route=\/wp\/v2\/media\/75993"}],"wp:attachment":[{"href":"https:\/\/miradordeatarfe.es\/index.php?rest_route=%2Fwp%2Fv2%2Fmedia&parent=75992"}],"wp:term":[{"taxonomy":"category","embeddable":true,"href":"https:\/\/miradordeatarfe.es\/index.php?rest_route=%2Fwp%2Fv2%2Fcategories&post=75992"},{"taxonomy":"post_tag","embeddable":true,"href":"https:\/\/miradordeatarfe.es\/index.php?rest_route=%2Fwp%2Fv2%2Ftags&post=75992"}],"curies":[{"name":"wp","href":"https:\/\/api.w.org\/{rel}","templated":true}]}}