{"id":76215,"date":"2025-04-22T11:23:00","date_gmt":"2025-04-22T09:23:00","guid":{"rendered":"https:\/\/miradordeatarfe.es\/?p=76215"},"modified":"2025-04-15T17:23:52","modified_gmt":"2025-04-15T15:23:52","slug":"atarfe-manana-recital-poetico-a-dos-voces","status":"publish","type":"post","link":"https:\/\/miradordeatarfe.es\/?p=76215","title":{"rendered":"ATARFE:  ma\u00f1ana \u00abRecital po\u00e9tico a dos voces\u00bb"},"content":{"rendered":"\n<p class=\"has-medium-font-size\"><strong>Seguimos informando de las actividades programadas para la semana del libro. El D\u00eda 23 de abril, a las 20:30 horas, en el Centro Cultural Medina Elvira, disfrutaremos del recital po\u00e9tico a dos voces: \u201cLlamarnos como \u00e9ramos \u201c Un gran final , para cerrar este d\u00eda de Cultura en la calle, al que est\u00e1is todos y todas invitados.<\/strong><\/p>\n\n\n\n<p>Paco Checa (Lanteira, 1960) es poeta, casi siempre por obligaci\u00f3n. Y la vida le ha forzado a menudo: reencuentros, la muerte de un hermano, pandemia inesperada, quiz\u00e1 el amor\u2026 (atesora ya seis poemarios). Fil\u00f3sofo de formaci\u00f3n y antrop\u00f3logo de vocaci\u00f3n, su mirada se filtra desde las perspectivas que dan el conocimiento y la raz\u00f3n, la experiencia y la cultura sentida. Nunca ha perdido el sentido cr\u00edtico de la existencia, como exigencia vital. Su ant\u00eddoto para los embistes de las derechas reaccionarias y populistas contin\u00faa siendo la deconstrucci\u00f3n de lo pol\u00edticamente correcto desde las aulas universitarias.<\/p>\n\n\n\n<p>Antonio Beas  se muestra brotando poemas llenos de verdad, que sin mucha ret\u00f3rica llegan directos al lector y lectora. Escribe en su facebook: <\/p>\n\n\n\n<p><em>Andamos buscando vida para transmutarnos en versos cual alquimistas herrarentes.<br \/>Expuestos al mundo, nos dejamos herir para que tenga un sentido el sangrar de tan a menudo.<br \/>La po\u00e9tica de la cicatriz que antes fue herida sirvi\u00f3 para hilar de rojo las noches m\u00e1s aciagas.<br \/>Si te vas en la demolici\u00f3n nunca ver\u00e1s lo que se vino arriba despu\u00e9s del desorden.<br \/>Si fu\u00e9ramos poetas&#8230; ser\u00eda m\u00e1s f\u00e1cil abrir en silencio los recovecos del alma que si somos<\/em>.<\/p>\n\n\n\n<p>A estos dos grandes poetas le acompa\u00f1ar\u00e1 Olena Shadrina profesora de violin, viola,piano y lenguaje musical. en Huercal de Almeria escuela de musica y Arte. Musica profesional con amplia experiencia en la interpretaci\u00f3n y la ense\u00f1anza. He realizado muchos conciertos como solista, con orquesta y con m\u00fasica de c\u00e1mara. Ha tenido el placer de colaborar con m\u00fasicos de todo el mundo. Tambi\u00e9n tiene experiencia en eventos a domicilio. Hablo espa\u00f1ol, ingles, ruso y ucraniano.<\/p>\n\n\n\n<figure class=\"wp-block-image size-large\"><img data-recalc-dims=\"1\" loading=\"lazy\" decoding=\"async\" width=\"640\" height=\"905\" src=\"https:\/\/i0.wp.com\/miradordeatarfe.es\/wp-content\/uploads\/2025\/04\/489411866_663068236476931_9142012329770547220_n.jpg?resize=640%2C905&#038;ssl=1\" alt=\"\" class=\"wp-image-76216\" srcset=\"https:\/\/i0.wp.com\/miradordeatarfe.es\/wp-content\/uploads\/2025\/04\/489411866_663068236476931_9142012329770547220_n.jpg?resize=724%2C1024&amp;ssl=1 724w, https:\/\/i0.wp.com\/miradordeatarfe.es\/wp-content\/uploads\/2025\/04\/489411866_663068236476931_9142012329770547220_n.jpg?resize=212%2C300&amp;ssl=1 212w, https:\/\/i0.wp.com\/miradordeatarfe.es\/wp-content\/uploads\/2025\/04\/489411866_663068236476931_9142012329770547220_n.jpg?resize=768%2C1086&amp;ssl=1 768w, https:\/\/i0.wp.com\/miradordeatarfe.es\/wp-content\/uploads\/2025\/04\/489411866_663068236476931_9142012329770547220_n.jpg?resize=1086%2C1536&amp;ssl=1 1086w, https:\/\/i0.wp.com\/miradordeatarfe.es\/wp-content\/uploads\/2025\/04\/489411866_663068236476931_9142012329770547220_n.jpg?resize=1024%2C1448&amp;ssl=1 1024w, https:\/\/i0.wp.com\/miradordeatarfe.es\/wp-content\/uploads\/2025\/04\/489411866_663068236476931_9142012329770547220_n.jpg?resize=1320%2C1867&amp;ssl=1 1320w, https:\/\/i0.wp.com\/miradordeatarfe.es\/wp-content\/uploads\/2025\/04\/489411866_663068236476931_9142012329770547220_n.jpg?w=1414&amp;ssl=1 1414w\" sizes=\"auto, (max-width: 640px) 100vw, 640px\" \/><\/figure>\n","protected":false},"excerpt":{"rendered":"<p>Seguimos informando de las actividades programadas para la semana del libro. El D\u00eda 23 de&#8230;<\/p>\n","protected":false},"author":1,"featured_media":76217,"comment_status":"closed","ping_status":"closed","sticky":false,"template":"","format":"standard","meta":{"_coblocks_attr":"","_coblocks_dimensions":"","_coblocks_responsive_height":"","_coblocks_accordion_ie_support":"","jetpack_post_was_ever_published":false,"_jetpack_newsletter_access":"","_jetpack_dont_email_post_to_subs":false,"_jetpack_newsletter_tier_id":0,"_jetpack_memberships_contains_paywalled_content":false,"_jetpack_memberships_contains_paid_content":false,"footnotes":"","jetpack_publicize_message":"","jetpack_publicize_feature_enabled":true,"jetpack_social_post_already_shared":true,"jetpack_social_options":{"image_generator_settings":{"template":"highway","default_image_id":0,"enabled":false},"version":2}},"categories":[12,186,44,1],"tags":[],"class_list":["post-76215","post","type-post","status-publish","format-standard","has-post-thumbnail","hentry","category-cultura","category-instituciones","category-noticias-de-hoy","category-uncategorized"],"jetpack_publicize_connections":[],"jetpack_featured_media_url":"https:\/\/i0.wp.com\/miradordeatarfe.es\/wp-content\/uploads\/2025\/04\/489411866_663068236476931_9142012329770547220_n-1.jpg?fit=1414%2C850&ssl=1","jetpack_likes_enabled":true,"jetpack_sharing_enabled":true,"_links":{"self":[{"href":"https:\/\/miradordeatarfe.es\/index.php?rest_route=\/wp\/v2\/posts\/76215","targetHints":{"allow":["GET"]}}],"collection":[{"href":"https:\/\/miradordeatarfe.es\/index.php?rest_route=\/wp\/v2\/posts"}],"about":[{"href":"https:\/\/miradordeatarfe.es\/index.php?rest_route=\/wp\/v2\/types\/post"}],"author":[{"embeddable":true,"href":"https:\/\/miradordeatarfe.es\/index.php?rest_route=\/wp\/v2\/users\/1"}],"replies":[{"embeddable":true,"href":"https:\/\/miradordeatarfe.es\/index.php?rest_route=%2Fwp%2Fv2%2Fcomments&post=76215"}],"version-history":[{"count":1,"href":"https:\/\/miradordeatarfe.es\/index.php?rest_route=\/wp\/v2\/posts\/76215\/revisions"}],"predecessor-version":[{"id":76218,"href":"https:\/\/miradordeatarfe.es\/index.php?rest_route=\/wp\/v2\/posts\/76215\/revisions\/76218"}],"wp:featuredmedia":[{"embeddable":true,"href":"https:\/\/miradordeatarfe.es\/index.php?rest_route=\/wp\/v2\/media\/76217"}],"wp:attachment":[{"href":"https:\/\/miradordeatarfe.es\/index.php?rest_route=%2Fwp%2Fv2%2Fmedia&parent=76215"}],"wp:term":[{"taxonomy":"category","embeddable":true,"href":"https:\/\/miradordeatarfe.es\/index.php?rest_route=%2Fwp%2Fv2%2Fcategories&post=76215"},{"taxonomy":"post_tag","embeddable":true,"href":"https:\/\/miradordeatarfe.es\/index.php?rest_route=%2Fwp%2Fv2%2Ftags&post=76215"}],"curies":[{"name":"wp","href":"https:\/\/api.w.org\/{rel}","templated":true}]}}