{"id":76243,"date":"2025-04-17T12:24:17","date_gmt":"2025-04-17T10:24:17","guid":{"rendered":"https:\/\/miradordeatarfe.es\/?p=76243"},"modified":"2025-04-17T12:24:20","modified_gmt":"2025-04-17T10:24:20","slug":"atarfe-contratacion-externa-del-servicio-de-ayuda-a-domicilio","status":"publish","type":"post","link":"https:\/\/miradordeatarfe.es\/?p=76243","title":{"rendered":"ATARFE: CONTRATACI\u00d3N EXTERNA DEL SERVICIO DE AYUDA A DOMICILIO"},"content":{"rendered":"\n<p><strong>AYER FUE APROBADA CON LOS VOTOS DE PSOE, PP Y VOZ (15 votos) Y LA ABSTENCI\u00d3N DE iZQUIERDA UNIDA (2 votos) EN UN PLENO EXTRAORDINARIO<\/strong><\/p>\n\n\n\n<p>Tal como se puede leer en EL INDEPENDIENTE DE GRANADA: <em>\u00abEl Ayuntamiento de Atarfe, gobernado por PSOE e Izquierda Unida, ha aprobado este mi\u00e9rcoles la contrataci\u00f3n externa del servicio de ayuda a domicilio en un pleno extraordinario. Seg\u00fan ha explicado la alcaldesa, Yolanda Fern\u00e1ndez (PSOE), la decisi\u00f3n se debe a la \u00abimposibilidad\u00bb de gestionar el servicio de forma municipal \u00abcon la agilidad y la dignidad que requiere\u00bb, y se ha excusado en \u00ablas limitaciones de la reforma laboral\u00bb para contratar con rapidez el personal necesario y en \u00ablas limitaciones de la normativa presupuestaria\u00bb<\/em>.&nbsp;<\/p>\n\n\n\n<p><em>Al haber superado los 20.000 habitantes, el Ayuntamiento de Atarfe se ha hecho cargo por ley de las competencias de servicios sociales, pero \u00abtras encargar estudios a expertos y consultar a otros ayuntamientos\u00bb la alcaldesa asegura que \u00abnos vemos abocados a contratar el servicio\u00bb de forma externa. \u00abHa sido la decisi\u00f3n m\u00e1s dif\u00edcil que hemos tomado desde que llegamos a la Alcald\u00eda\u00bb, ha reconocido Yolanda Fern\u00e1ndez, que se lleg\u00f3 al cargo en junio de 2023 tras un acuerdo con IU.&nbsp;<\/em><\/p>\n\n\n\n<p><em>La aprobaci\u00f3n en pleno se ha producido con el voto a favor de todos los grupos pol\u00edticos, excepto los dos concejales de Izquierda Unida, que se han abstenido.<\/em>&nbsp;<\/p>\n\n\n\n<p><em>Seg\u00fan datos aportados por la alcaldesa, el servicio de ayuda a domicilio presta asistencia a 392 usuarios, pero tiene 23 personas con resoluci\u00f3n aprobada que llevan m\u00e1s de tres meses esperando a que se le d\u00e9 asistencia, y existen 346 usuarios pendientes de valorar y otros 137 esperando la revisi\u00f3n de su grado de dependencia.<\/em><\/p>\n\n\n\n<p><strong>JAVIER ARENAS <\/strong>Concejal de Bienestar Social y Participaci\u00f3n expuso sus motivos de aprobaci\u00f3n de la siguiente manera:<\/p>\n\n\n\n<p> <em>Tal y como ha comentado la Alcaldesa, nos encontramos ante la decisi\u00f3n m\u00e1s dif\u00edcil que hemos tenido que tomar como Equipo de Gobierno hasta el momento, pero, a la vez, es una decisi\u00f3n responsable y necesaria, teniendo presente el bienestar de los m\u00e1s de 415 usuarios y usuarias del SAD de nuestro municipio. A pesar de los esfuerzos por parte de todo el Equipo T\u00e9cnico del \u00c1rea de Bienestar Social a lo largo de estos casi dos a\u00f1os, nos enfrentamos, diariamente, a limitaciones que nos impiden continuar con el modelo de gesti\u00f3n directa que est\u00e1bamos llevando hasta el momento.<\/em><\/p>\n\n\n\n<p><em>De forma resumida, ya que en la comisi\u00f3n informativa del pasado jueves se trat\u00f3 este tema con mucho detalle, estas limitaciones se podr\u00edan resumir en dos grandes bloques: el elevado aumento del n\u00famero de casos y horas y el Convenio Colectivo del Personal Laboral del Ayuntamiento de Atarfe, ambos con un mismo denominador com\u00fan: una normativa laboral muy restrictiva para nuevas contrataciones por parte de la Administraci\u00f3n P\u00fablica. Tras superar los 20.000 habitantes, asumimos las competencias de Servicios Sociales y eso conlleva que se reciban, de forma directa y m\u00e1s r\u00e1pida, resoluciones por parte de la Junta de Andaluc\u00eda que, en cumplimiento del art. 9 de la Orden de 27 de julio de 2023 reguladora del SAD de Andaluc\u00eda, deben ser dadas de alta en el plazo m\u00e1ximo de un mes. <\/em><\/p>\n\n\n\n<p><em>Sin embargo, actualmente, cumpliendo rigurosamente la legislaci\u00f3n laboral, los plazos m\u00ednimos con los que contamos las Administraciones P\u00fablicas para contratar nuevo personal es de 3 meses, incumpliendo, por tanto, las prescripciones t\u00e9cnicas de la Orden. Sumado a esto, actualmente contamos con un elevado n\u00famero de bajas e incidencias diarias para las cuales ser\u00eda necesario tambi\u00e9n requerir de procedimientos administrativos agiles de contrataci\u00f3n con los cuales la Administraci\u00f3n Local no cuenta, provocando as\u00ed, en ambos casos (nuevos usuarios e incidencias del d\u00eda a d\u00eda), la indefensi\u00f3n del usuario o usuaria ante un derecho subjetivo que tiene reconocido ante ley y limitando al \u00c1rea de Bienestar Social a tener opciones de continuar llevando a cabo una gesti\u00f3n eficiente de los recursos. Adem\u00e1s, y ya en referencia al segundo de los bloques, el propio Convenio Colectivo del Personal Laboral de este Ayuntamiento, tiene serias incompatibilidades con las necesidades que el SAD requiere y que vienen recogidas de forma exhaustiva en la Orden anteriormente se\u00f1alada. <\/em><\/p>\n\n\n\n<p><em>Por estas limitaciones, y teniendo como prioridad a los usuarios y usuarias, entendemos que recurrir a la gesti\u00f3n mixta del SAD es la \u00fanica soluci\u00f3n para establecer un modelo que les garantice estabilidad, continuidad y mejoras significativas respecto al servicio actual ya que, con este nuevo modelo de gesti\u00f3n, se <strong>cumplir\u00e1n todos los plazos legalmente establecidos, se les va a mejorar la cobertura horaria, se limitar\u00e1n los cambios de auxiliar de forma sistem\u00e1tica, se implantar\u00e1 el horario de tardes, los servicios los s\u00e1bados y festivos, y se incluir\u00e1n nuevo servicios complementarios de mejora como, por ejemplo, ayudas t\u00e9cnicas como gr\u00faas o camas articuladas; servicio de peluquer\u00eda, podolog\u00eda o fisioterapia a domicilio con prescripci\u00f3n t\u00e9cnica, limpiezas de choque que permitan hacer del hogar del usuario\/a un espacio m\u00e1s saludable, etc.<\/strong> <\/em><\/p>\n\n\n\n<p><em>Por ello, y a pesar de lo dif\u00edcil que nos resulta, este cambio en el modelo de gesti\u00f3n no es m\u00e1s que un compromiso de todos nosotros, con independencia de nuestro signo pol\u00edtico, con la dignidad y el cuidado de las personas m\u00e1s vulnerables de nuestro pueblo porque los derechos sociales no pueden esperar y porque, nuestros mayores, despu\u00e9s de todo cuanto han vivido, merecen cuidados dignos, oportunos y m\u00e1s humanos.<\/em><\/p>\n\n\n\n<p>Todos los grupos pol\u00edticos del Ayuntamiento de Atarfe han reconocido en el pleno que \u00abno est\u00e1n capacitados para gestionar el SAD, por lo que van a destinar el dinero p\u00fablico para que lo gestione una empresa privada, lo que va a conllevar el despido de m\u00e1s del 55% de la plantilla de las trabajadoras que actualmente est\u00e1n prestando el servicio como funcionarias interinas. Esta nueva situaci\u00f3n implicar\u00e1 que existan trabajadoras de primera y de segunda, ya que al privatizar parte del SAD, m\u00e1s del 60% de las trabajadoras tendr\u00edan unas condiciones diferentes a las que actualmente se encuentran prestando sus servicios para el Ayuntamiento, siendo aquellas las que facilitar\u00edan a la empresa externa el obtener beneficio comercial\u00bb, seg\u00fan UGT.<\/p>\n\n\n\n<p>Tanto el portavoz del PP Antonio Diaz como el de Vox Fran Alvarez hicieron p\u00fablico que hace dos legislaturas se llevo a pleno una propuesta de privatizaci\u00f3n parecida que no sali\u00f3 adelante con un voto del Psoe y el grupo de gobierno Pasi . As\u00ed como expresar su sorpresa y exigencias a la portavoz de Izquierda Unida por su contradiccion con lo expresado en su campa\u00f1a por una Ayuda a domicilio p\u00fablica y su postura abstencionista actualmente siendo equipo de gobierno.<\/p>\n","protected":false},"excerpt":{"rendered":"<p>AYER FUE APROBADA CON LOS VOTOS DE PSOE, PP Y VOZ (15 votos) Y LA&#8230;<\/p>\n","protected":false},"author":1,"featured_media":76244,"comment_status":"closed","ping_status":"closed","sticky":false,"template":"","format":"standard","meta":{"_coblocks_attr":"","_coblocks_dimensions":"","_coblocks_responsive_height":"","_coblocks_accordion_ie_support":"","jetpack_post_was_ever_published":false,"_jetpack_newsletter_access":"","_jetpack_dont_email_post_to_subs":false,"_jetpack_newsletter_tier_id":0,"_jetpack_memberships_contains_paywalled_content":false,"_jetpack_memberships_contains_paid_content":false,"footnotes":"","jetpack_publicize_message":"","jetpack_publicize_feature_enabled":true,"jetpack_social_post_already_shared":true,"jetpack_social_options":{"image_generator_settings":{"template":"highway","default_image_id":0,"enabled":false},"version":2}},"categories":[6916,1161,186,44,1],"tags":[],"class_list":["post-76243","post","type-post","status-publish","format-standard","has-post-thumbnail","hentry","category-ayuntamiento-de-atarfe","category-ciudadania","category-instituciones","category-noticias-de-hoy","category-uncategorized"],"jetpack_publicize_connections":[],"jetpack_featured_media_url":"https:\/\/i0.wp.com\/miradordeatarfe.es\/wp-content\/uploads\/2025\/04\/votacion_buena_atarf.jpg?fit=699%2C398&ssl=1","jetpack_likes_enabled":true,"jetpack_sharing_enabled":true,"_links":{"self":[{"href":"https:\/\/miradordeatarfe.es\/index.php?rest_route=\/wp\/v2\/posts\/76243","targetHints":{"allow":["GET"]}}],"collection":[{"href":"https:\/\/miradordeatarfe.es\/index.php?rest_route=\/wp\/v2\/posts"}],"about":[{"href":"https:\/\/miradordeatarfe.es\/index.php?rest_route=\/wp\/v2\/types\/post"}],"author":[{"embeddable":true,"href":"https:\/\/miradordeatarfe.es\/index.php?rest_route=\/wp\/v2\/users\/1"}],"replies":[{"embeddable":true,"href":"https:\/\/miradordeatarfe.es\/index.php?rest_route=%2Fwp%2Fv2%2Fcomments&post=76243"}],"version-history":[{"count":1,"href":"https:\/\/miradordeatarfe.es\/index.php?rest_route=\/wp\/v2\/posts\/76243\/revisions"}],"predecessor-version":[{"id":76245,"href":"https:\/\/miradordeatarfe.es\/index.php?rest_route=\/wp\/v2\/posts\/76243\/revisions\/76245"}],"wp:featuredmedia":[{"embeddable":true,"href":"https:\/\/miradordeatarfe.es\/index.php?rest_route=\/wp\/v2\/media\/76244"}],"wp:attachment":[{"href":"https:\/\/miradordeatarfe.es\/index.php?rest_route=%2Fwp%2Fv2%2Fmedia&parent=76243"}],"wp:term":[{"taxonomy":"category","embeddable":true,"href":"https:\/\/miradordeatarfe.es\/index.php?rest_route=%2Fwp%2Fv2%2Fcategories&post=76243"},{"taxonomy":"post_tag","embeddable":true,"href":"https:\/\/miradordeatarfe.es\/index.php?rest_route=%2Fwp%2Fv2%2Ftags&post=76243"}],"curies":[{"name":"wp","href":"https:\/\/api.w.org\/{rel}","templated":true}]}}