{"id":76258,"date":"2025-04-21T11:10:00","date_gmt":"2025-04-21T09:10:00","guid":{"rendered":"https:\/\/miradordeatarfe.es\/?p=76258"},"modified":"2025-04-20T11:16:37","modified_gmt":"2025-04-20T09:16:37","slug":"regreso-al-pasado-por-remedios-sanchez","status":"publish","type":"post","link":"https:\/\/miradordeatarfe.es\/?p=76258","title":{"rendered":"\u00abREGRESO AL PASADO\u00bb por Remedios S\u00e1nchez"},"content":{"rendered":"\n<p class=\"has-medium-font-size\"><strong>Lo que ha sucedido con la ministra de Educaci\u00f3n Pilar Alegr\u00eda no es que las redes sociales las cargue el diablo, con su anonimato de chulos escondidos detr\u00e1s de una X para proteger su vileza; es mucho m\u00e1s profundo y trasciende al intento de atacar a una persona con responsabilidad de gobierno. <\/strong><\/p>\n\n\n\n<p>La vituperan y la denigran por ser una mujer ostentando un poder que antes s\u00f3lo era accesible para hombres. Ah\u00ed es donde le duele a la carcundia patria desatada en su furor mis\u00f3gino. Se fundan en el hecho circunstancial de que Alegr\u00eda, en aquel tiempo Delegada del Gobierno, se hospedara en el Parador de Teruel donde tambi\u00e9n pernoct\u00f3 \u00c1balos, dicen que supuestamente acompa\u00f1ado de varias prostitutas que destrozaron la habitaci\u00f3n. Y reiteramos lo de supuestamente, porque hasta el momento nadie ha podido probar que este hecho se produjera. Pero lo grave es que la causa no va contra un vivales que pudiera haber usado dinero p\u00fablico para sus deleznables juergas privadas. \u00a0Aqu\u00ed, quien ha recibido los insultos con perversa ruindad es la ministra Alegr\u00eda, que tuvo la mala suerte de quedarse a dormir en el mismo hotel y que es una mujer, vaya por Dios.<\/p>\n\n\n\n<p>No la acusan de mala gesti\u00f3n, sino de haber llegado al ministerio por medios tan repugnantes y de una vulgaridad tan extrema que no merece la pena mencionar. Esta situaci\u00f3n demuestra que las estructuras patriarcales y la mirada androc\u00e9ntrica que han distorsionado la verdad hist\u00f3rica siguen presentes y parece que a\u00fan no encontramos la manera de superarlas. No hace mucho rele\u00eda la \u2018Historia de la misoginia\u2019, el brillante ensayo de Anna Caball\u00e9 en el que recupera, entre otras, las afirmaciones del doctor Gregorio Mara\u00f1\u00f3n afirmando que \u201cla mujer corriente est\u00e1 hecha para el amor y la maternidad, pero no para intervenir -si no es accidentalmente- en las luchas sociales, ni para cambiar el curso de las cosas con las creaciones de su cerebro\u201d. &nbsp;Entre otras razones, arg\u00fc\u00eda, porque somos unas hist\u00e9ricas. &nbsp;Era 1924 y lo aplaudieron, como a otros. Pero, precisamente por eso, ahora, cuando las evidencias de su desatino llenar\u00edan una enciclopedia s\u00f3lo con las biograf\u00edas de las mujeres silenciadas en su \u00e9poca esgrimiendo tal cretinez, no se puede tolerar que demos ni un paso atr\u00e1s. &nbsp;Es urgente frenar a estas hordas de odiadores profesionales que buscan restringir los espacios de la mujer por el medio que sea.<\/p>\n\n\n\n<p>Resulta imprescindible trabajar para formar personas completas y complejas, capaces de construir sus relaciones fund\u00e1ndose en el respeto y la normalizaci\u00f3n de la igualdad. La clave seguramente est\u00e1 en empezar a hacer cambios significativos precisamente en el Ministerio de Educaci\u00f3n para erradicar cualquier patr\u00f3n sexista y visibilizar en las aulas lo que han representado a lo largo de las Historia de Espa\u00f1a las mujeres que han ido en vanguardia, aquellas que pueden ejercer como referentes excepcionales para que las nuevas generaciones no sigan replicando estos comportamientos deleznables fruto de la estulticia mis\u00f3gina. Cada d\u00eda est\u00e1 m\u00e1s claro que seguimos rodeadas de un machismo latente, disfrazado con buenas palabras&nbsp;en p\u00fablico, pero rotundo en su perfidia cuando se enconde entre las sombras donde no existe control. Ah\u00ed es donde se revela tal cual es, donde despliega esa podredumbre \u00e9tica a la que tiene la obligaci\u00f3n de enfrentarse con inteligencia y cohesionadamente un Estado de Derecho digno de cualquier sociedad moderna y civilizada.<\/p>\n","protected":false},"excerpt":{"rendered":"<p>Lo que ha sucedido con la ministra de Educaci\u00f3n Pilar Alegr\u00eda no es que las&#8230;<\/p>\n","protected":false},"author":1,"featured_media":76259,"comment_status":"closed","ping_status":"closed","sticky":false,"template":"","format":"standard","meta":{"_coblocks_attr":"","_coblocks_dimensions":"","_coblocks_responsive_height":"","_coblocks_accordion_ie_support":"","jetpack_post_was_ever_published":false,"_jetpack_newsletter_access":"","_jetpack_dont_email_post_to_subs":false,"_jetpack_newsletter_tier_id":0,"_jetpack_memberships_contains_paywalled_content":false,"_jetpack_memberships_contains_paid_content":false,"footnotes":"","jetpack_publicize_message":"","jetpack_publicize_feature_enabled":true,"jetpack_social_post_already_shared":true,"jetpack_social_options":{"image_generator_settings":{"template":"highway","default_image_id":0,"enabled":false},"version":2}},"categories":[14,44,6914,6937],"tags":[],"class_list":["post-76258","post","type-post","status-publish","format-standard","has-post-thumbnail","hentry","category-feminismo","category-noticias-de-hoy","category-opinion-de-reme-sanchez","category-sociedad"],"jetpack_publicize_connections":[],"jetpack_featured_media_url":"https:\/\/i0.wp.com\/miradordeatarfe.es\/wp-content\/uploads\/2025\/04\/hq720.jpg?fit=686%2C386&ssl=1","jetpack_likes_enabled":true,"jetpack_sharing_enabled":true,"_links":{"self":[{"href":"https:\/\/miradordeatarfe.es\/index.php?rest_route=\/wp\/v2\/posts\/76258","targetHints":{"allow":["GET"]}}],"collection":[{"href":"https:\/\/miradordeatarfe.es\/index.php?rest_route=\/wp\/v2\/posts"}],"about":[{"href":"https:\/\/miradordeatarfe.es\/index.php?rest_route=\/wp\/v2\/types\/post"}],"author":[{"embeddable":true,"href":"https:\/\/miradordeatarfe.es\/index.php?rest_route=\/wp\/v2\/users\/1"}],"replies":[{"embeddable":true,"href":"https:\/\/miradordeatarfe.es\/index.php?rest_route=%2Fwp%2Fv2%2Fcomments&post=76258"}],"version-history":[{"count":1,"href":"https:\/\/miradordeatarfe.es\/index.php?rest_route=\/wp\/v2\/posts\/76258\/revisions"}],"predecessor-version":[{"id":76260,"href":"https:\/\/miradordeatarfe.es\/index.php?rest_route=\/wp\/v2\/posts\/76258\/revisions\/76260"}],"wp:featuredmedia":[{"embeddable":true,"href":"https:\/\/miradordeatarfe.es\/index.php?rest_route=\/wp\/v2\/media\/76259"}],"wp:attachment":[{"href":"https:\/\/miradordeatarfe.es\/index.php?rest_route=%2Fwp%2Fv2%2Fmedia&parent=76258"}],"wp:term":[{"taxonomy":"category","embeddable":true,"href":"https:\/\/miradordeatarfe.es\/index.php?rest_route=%2Fwp%2Fv2%2Fcategories&post=76258"},{"taxonomy":"post_tag","embeddable":true,"href":"https:\/\/miradordeatarfe.es\/index.php?rest_route=%2Fwp%2Fv2%2Ftags&post=76258"}],"curies":[{"name":"wp","href":"https:\/\/api.w.org\/{rel}","templated":true}]}}