{"id":76266,"date":"2025-04-21T10:30:00","date_gmt":"2025-04-21T08:30:00","guid":{"rendered":"https:\/\/miradordeatarfe.es\/?p=76266"},"modified":"2025-04-20T12:00:15","modified_gmt":"2025-04-20T10:00:15","slug":"quien-esta-detras-de-las-universidades-privada","status":"publish","type":"post","link":"https:\/\/miradordeatarfe.es\/?p=76266","title":{"rendered":"\u00bfQui\u00e9n est\u00e1 detr\u00e1s de las universidades privada?"},"content":{"rendered":"\n<p class=\"has-medium-font-size\"><strong>Qui\u00e9n est\u00e1 detr\u00e1s de las universidades privadas: un negocio en el que irrumpen los fondos, pero controla la Iglesia<\/strong>.<strong>Organizaciones como los Jesuitas, el Opus Dei o la Asociaci\u00f3n Cat\u00f3lica de Propagandistas, entre otras, son due\u00f1as de un porcentaje significativo de universidades privadas, en un mercado donde fondos como Permira, EQT, CVC o Portobello ya han protagonizado &#8216;megaoperaciones&#8217;, algunas valoradas en m\u00e1s de 2.000 millones de euros<\/strong><\/p>\n\n\n\n<p>En los \u00faltimos a\u00f1os, <strong>los fondos de capital privado han irrumpido en el sector de las universidades privadas en Espa\u00f1a<\/strong>, ahora en boga por la intenci\u00f3n del Gobierno de endurecer la proliferaci\u00f3n de nuevas entidades. Hablamos de un mercado que genera una cifra de negocio de unos 3.700 millones de euros, que ha registrado importantes crecimientos en los \u00faltimos a\u00f1os y que est\u00e1 conformado por poco m\u00e1s de cuarenta instituciones, en su mayor\u00eda controladas por fundaciones o asociaciones vinculadas a la Iglesia cat\u00f3lica y algunas de sus ramificaciones, como los Jesuitas o el Opus Dei.<\/p>\n\n\n\n<p>Aunque parezca lo contrario, <strong>la irrupci\u00f3n de los fondos en este negocio es relativamente reciente<\/strong>. Sin ir m\u00e1s lejos, Permira (accionista de eDreams), que compr\u00f3 la Europea de Madrid hace siete a\u00f1os, traspas\u00f3 en abril de 2024 el 60% de la entidad al sueco EQT (antiguo due\u00f1o de <a href=\"https:\/\/www.elperiodico.com\/es\/economia\/20240628\/cinven-adquiere-idealista-2-900-104434902\" target=\"_blank\" rel=\"noreferrer noopener\">Idealista<\/a>), hito que demuestra el fuerte apetito existente por desembarcar en este mercado. No es la \u00fanica &#8216;megaoperaci\u00f3n&#8217; de estas caracter\u00edsticas en los \u00faltimos a\u00f1os: CVC (accionista de Naturgy o la aceitera Deoleo) pag\u00f3 630 millones de euros por el 70% de la Universidad Alfonso X El Sabio en 2019 y Sofina y Portobello Capital (propietario de las gasolineras Plenoil o Supermercados Condis) han adquirido hace solo dos meses el 24% de Proeduca, grupo detr\u00e1s de la Universidad Internacional de La Rioja, valorando la compa\u00f1\u00eda en 1.400 millones.<\/p>\n\n\n\n<h2 class=\"wp-block-heading\">Los fondos detectan una oportunidad<\/h2>\n\n\n\n<p>Los fondos de capital privado han visto una oportunidad en el mercado de las universidades privadas. \u00bfPor qu\u00e9? Guillermo Padilla, socio de Strategy &amp; Value Creation de KPMG en Espa\u00f1a, responde: \u00ab<strong>El sector educativo privado espa\u00f1ol est\u00e1 a\u00fan muy fragmentado<\/strong>, tanto en formaci\u00f3n reglada como no reglada, y eso da espacio a formar grupos con ofertas m\u00e1s completas en todas las \u00e1reas de estudio, incrementar la eficiencia a trav\u00e9s de un modelo m\u00e1s profesional y sofisticado, y crear marcas nacionales reconocidas y de prestigio.<strong> Es un mercado con capacidad de crecimiento y de diversificaci\u00f3n, es resistente a los ciclos econ\u00f3micos<\/strong>, donde a\u00fan se puede aportar innovaci\u00f3n y tecnolog\u00eda para transformar la experiencia de los alumnos y diferenciarse, y que tiene potencial de internacionalizarse con operaciones en otros pa\u00edses y atrayendo estudiantes extranjeros\u00bb.<\/p>\n\n\n\n<p>Actualmente, seg\u00fan el Observatorio Sectorial DBK, elaborado por la empresa estatal Informa, <strong>el conjunto de las universidades privadas y escuelas de negocios registraron una cifra negocio en 2023 de 3.700 millones de euros<\/strong>, despu\u00e9s de registrar crecimientos por encima del doble d\u00edgito en los \u00faltimos dos a\u00f1os. Sin embargo, su facturaci\u00f3n supone solo de un tercio del dinero que mueve otro negocio similar, el de los colegios privados, con un volumen acumulado de 13.650 millones de euros en el curso 2022\/2023. Fuentes privadas consultadas explican que se trata de un <strong>mercado que exige a los gestores una gran especializaci\u00f3n para una correcta gesti\u00f3n<\/strong> \u2014que a su vez es compleja\u2014, pero que <strong>maneja unos m\u00e1rgenes muy altos<\/strong>. La forma de crear valor y obtener retorno para los fondos es crecer de forma org\u00e1nica, incrementando la oferta acad\u00e9mica con nuevas titulaciones, e inorg\u00e1nica, seg\u00fan Padilla de <a href=\"https:\/\/www.elperiodico.com\/es\/economia\/20241217\/kpmg-factura-36-576-millones-112697965\" target=\"_blank\" rel=\"noreferrer noopener\">KPMG<\/a>.<\/p>\n\n\n\n<h2 class=\"wp-block-heading\">El control de la Iglesia<\/h2>\n\n\n\n<p><strong>El mercado de la educaci\u00f3n privada en Espa\u00f1a est\u00e1 controlado en su mayor\u00eda, aunque no de forma monopol\u00edstica, por tres grupos de influencia dentro de la Iglesia cat\u00f3lica<\/strong>. Por un lado, est\u00e1n los <strong>Jesuitas<\/strong>, uno de los pioneros de la educaci\u00f3n en Espa\u00f1a. Esta orden religiosa est\u00e1 detr\u00e1s de universidades como la Pontificia de Comillas en Madrid, Deusto en Pa\u00eds Vasco, Loyola en Andaluc\u00eda o ESADE en Catalu\u00f1a. El segundo grupo son las instituciones en manos del<strong> Opus Dei<\/strong>, principalmente la Universidad de Navarra y la Universitat Internacional de Catalunya. Por \u00faltimo est\u00e1 la <strong>Asociaci\u00f3n Cat\u00f3lica de Propagandistas<\/strong>, que controla a trav\u00e9s de la Fundaci\u00f3n Universitaria San Pablo CEU la propia Universidad CEU San Pablo (Madrid), Universidad CEU Cardenal Herrera (Comunidad Valenciana), la Universitat Abat Oliba CEU (Catalu\u00f1a) o Universidad Fernando III (Andaluc\u00eda).<\/p>\n\n\n\n<p><strong>No son las \u00fanicas fracciones dentro de la Iglesia en la educaci\u00f3n superior privada<\/strong>. Tambi\u00e9n est\u00e1 presente la congregaci\u00f3n de los Legionarios de Cristo, titulares de la Universidad Francisco de Vitoria; el Arzobispado de Valencia, due\u00f1o de Universidad Cat\u00f3lica de Valencia (UCV); la Conferencia Episcopal Espa\u00f1ola, que controla la Universidad Pontificia de Salamanca; los Sacerdotes del Sagrado Coraz\u00f3n de Jes\u00fas, congregaci\u00f3n detr\u00e1s de la fundaci\u00f3n propietaria de ESIC University; el instituto secular de los Cruzados de Santa Mar\u00eda, la Universidad Cat\u00f3lica de \u00c1vila, mientras tres fundaciones ideol\u00f3gicamente pr\u00f3ximas al Opus Dei \u2014pero que no pertenecen a la prelatura\u2014, son las impulsoras de la Universidad Villanueva o una fundaci\u00f3n.<\/p>\n\n\n\n<h2 class=\"wp-block-heading\">Un peque\u00f1o grupo, en manos de fundaciones laicas y propietarios privados<\/h2>\n\n\n\n<p>Dentro del ecosistema espa\u00f1ol, <strong>hay otro grupo de entidades que est\u00e1n en manos de fundaciones o asociaciones con un perfil laico, as\u00ed como otras de familias o inversores privados<\/strong>. Este \u00faltimo caso es el de la Universidad Camilo Jos\u00e9 Cela, propiedad de un grupo educativo de la familia Segovia, SEK Education, due\u00f1o de varios colegios privados en Espa\u00f1a, Francia, Irlanda, Catar y Arabia Saud\u00ed.&nbsp;Tambi\u00e9n de Grupo Planeta, controlado por la familia Lara, titular de la Universidad Internacional de la Empresa, o <a href=\"https:\/\/www.elperiodico.com\/es\/economia\/20241229\/juan-jose-guemes-ie-university-112985222\" target=\"_blank\" rel=\"noreferrer noopener\">IE University<\/a>, que pr\u00f3ximamente recibir\u00e1 la clasificaci\u00f3n de universidad y que fue fundada y est\u00e1 participada por la familia Del Alc\u00e1zar.<\/p>\n\n\n\n<p>Entre las asociaciones y fundaciones propietarias de instituciones educativas destaca la Asociaci\u00f3n Espa\u00f1ola de Banca, instituci\u00f3n detr\u00e1s de CUNEF, la Fundaci\u00f3n Universitaria San Antonio, due\u00f1a de la Universidad Cat\u00f3lica San Antonio de Murcia (que tiene un car\u00e1cter cat\u00f3lico, pero su gesti\u00f3n est\u00e1 fuera del \u00e1mbito religioso), o la Universidad Ram\u00f3n Llull, propiedad de una fundaci\u00f3n que comparte nombre. Por \u00faltimo, hay un<strong> peque\u00f1o grupo con f\u00f3rmulas de propiedad diferentes<\/strong>.<strong> Por ejemplo, la Mondrag\u00f3n Universitatea, ubicada en Pa\u00eds Vasco, es de una cooperativa sin \u00e1nimo de lucro<\/strong> conformada por sus trabajadores. Otro rara avis es la Universitat Oberta de Catalunya, aunque propiedad de la Fundaci\u00f3n para la Universidad Abierta de Catalu\u00f1a, es una universidad de mandato p\u00fablico y con precios p\u00fablicos.<\/p>\n\n\n\n<p><a><strong>Gabriel Santamarina<\/strong><\/a><\/p>\n\n\n\n<p>Campus del IESE a las afueras de Madrid \/ IESE<\/p>\n\n\n\n<p><a href=\"https:\/\/www.elperiodico.com\/es\/economia\/20250413\/duenos-negocio-universidades-privadas-116294875\">https:\/\/www.elperiodico.com\/es\/economia\/20250413\/duenos-negocio-universidades-privadas-116294875<\/a><\/p>\n","protected":false},"excerpt":{"rendered":"<p>Qui\u00e9n est\u00e1 detr\u00e1s de las universidades privadas: un negocio en el que irrumpen los fondos,&#8230;<\/p>\n","protected":false},"author":1,"featured_media":76267,"comment_status":"closed","ping_status":"closed","sticky":false,"template":"","format":"standard","meta":{"_coblocks_attr":"","_coblocks_dimensions":"","_coblocks_responsive_height":"","_coblocks_accordion_ie_support":"","jetpack_post_was_ever_published":false,"_jetpack_newsletter_access":"","_jetpack_dont_email_post_to_subs":false,"_jetpack_newsletter_tier_id":0,"_jetpack_memberships_contains_paywalled_content":false,"_jetpack_memberships_contains_paid_content":false,"footnotes":"","jetpack_publicize_message":"","jetpack_publicize_feature_enabled":true,"jetpack_social_post_already_shared":true,"jetpack_social_options":{"image_generator_settings":{"template":"highway","default_image_id":0,"enabled":false},"version":2}},"categories":[10791,10797,1161,44],"tags":[],"class_list":["post-76266","post","type-post","status-publish","format-standard","has-post-thumbnail","hentry","category-andalucia","category-ciencia","category-ciudadania","category-noticias-de-hoy"],"jetpack_publicize_connections":[],"jetpack_featured_media_url":"https:\/\/i0.wp.com\/miradordeatarfe.es\/wp-content\/uploads\/2025\/04\/07aa6d60-8986-49c3-b698-c2dbee496107_16-9-discover-aspect-ratio_default_0.webp?fit=1200%2C675&ssl=1","jetpack_likes_enabled":true,"jetpack_sharing_enabled":true,"_links":{"self":[{"href":"https:\/\/miradordeatarfe.es\/index.php?rest_route=\/wp\/v2\/posts\/76266","targetHints":{"allow":["GET"]}}],"collection":[{"href":"https:\/\/miradordeatarfe.es\/index.php?rest_route=\/wp\/v2\/posts"}],"about":[{"href":"https:\/\/miradordeatarfe.es\/index.php?rest_route=\/wp\/v2\/types\/post"}],"author":[{"embeddable":true,"href":"https:\/\/miradordeatarfe.es\/index.php?rest_route=\/wp\/v2\/users\/1"}],"replies":[{"embeddable":true,"href":"https:\/\/miradordeatarfe.es\/index.php?rest_route=%2Fwp%2Fv2%2Fcomments&post=76266"}],"version-history":[{"count":2,"href":"https:\/\/miradordeatarfe.es\/index.php?rest_route=\/wp\/v2\/posts\/76266\/revisions"}],"predecessor-version":[{"id":76270,"href":"https:\/\/miradordeatarfe.es\/index.php?rest_route=\/wp\/v2\/posts\/76266\/revisions\/76270"}],"wp:featuredmedia":[{"embeddable":true,"href":"https:\/\/miradordeatarfe.es\/index.php?rest_route=\/wp\/v2\/media\/76267"}],"wp:attachment":[{"href":"https:\/\/miradordeatarfe.es\/index.php?rest_route=%2Fwp%2Fv2%2Fmedia&parent=76266"}],"wp:term":[{"taxonomy":"category","embeddable":true,"href":"https:\/\/miradordeatarfe.es\/index.php?rest_route=%2Fwp%2Fv2%2Fcategories&post=76266"},{"taxonomy":"post_tag","embeddable":true,"href":"https:\/\/miradordeatarfe.es\/index.php?rest_route=%2Fwp%2Fv2%2Ftags&post=76266"}],"curies":[{"name":"wp","href":"https:\/\/api.w.org\/{rel}","templated":true}]}}