{"id":76315,"date":"2025-05-02T11:24:00","date_gmt":"2025-05-02T09:24:00","guid":{"rendered":"https:\/\/miradordeatarfe.es\/?p=76315"},"modified":"2025-04-29T13:43:13","modified_gmt":"2025-04-29T11:43:13","slug":"las-gabias-y-atarfe-pugnan-por-ser-villa-europea-del-deporte-2026","status":"publish","type":"post","link":"https:\/\/miradordeatarfe.es\/?p=76315","title":{"rendered":"Quedan pocos dias para que Las Gabias y Atarfe se eval\u00faen  para ser Villa Europea del Deporte 2026"},"content":{"rendered":"\n<h2 class=\"wp-block-heading has-medium-font-size\">La asociaci\u00f3n ACES Europe tomar\u00e1 la decisi\u00f3n de otorgar el t\u00edtulo en base a la inversi\u00f3n, la implicaci\u00f3n ciudadana o el proyecto deportivo local<\/h2>\n\n\n\n<p>El diputado de Deportes e Instalaciones Deportivas, Eric Escobedo, junto a la alcaldesa de Las Gabias, Mar\u00eda Merinda S\u00e1daba, y la primera edil de Atarfe, Yolanda Fern\u00e1ndez, han presentado las candidaturas de ambos municipios a Villa Europea del Deporte 2026. La instituci\u00f3n provincial dar\u00e1 apoyo institucional y econ\u00f3mico a estas localidades para la obtenci\u00f3n de este t\u00edtulo otorgado por la asociaci\u00f3n internacional ACES Europe. Se trata de un hecho in\u00e9dito en Espa\u00f1a, ya que por primera vez dos municipios de una misma provincia presentan su candidatura de forma simult\u00e1nea. No se trata de una competici\u00f3n entre ellos, sino de procesos independientes y complementarios, con el objetivo de demostrar el compromiso con el deporte, la salud y la participaci\u00f3n ciudadana.<\/p>\n\n\n\n<p>Escobedo ha indicado que \u00abdesde la Diputaci\u00f3n, creemos en el deporte como motor de desarrollo, como herramienta de cambio y como pol\u00edtica social de primer orden. Por eso, hemos querido apoyar activamente ambas candidaturas, tanto desde el punto de vista econ\u00f3mico como institucional. Creemos firmemente en este proyecto y lo respaldamos con orgullo. Estamos convencidos de que el deporte no es un gasto, sino que es una inversi\u00f3n en salud, en educaci\u00f3n y en convivencia\u00bb.<\/p>\n\n\n\n<p>La alcaldesa de Las Gabias, Mar\u00eda Merinda S\u00e1daba, ha se\u00f1alado que \u00abla instituci\u00f3n provincial al completo est\u00e1 apoyando a dos municipios que son referentes y que optan a un galard\u00f3n muy importante. Para Las Gabias es un honor contar con ese respaldo porque nos permite ir m\u00e1s fuertes a por este objetivo que nos hemos marcado. Venimos trabajando desde hace m\u00e1s de un a\u00f1o en este proyecto y queremos conseguirlo. Las personas y vecinos que disfrutan en nuestras instalaciones deportivas son nuestro mayor aval para la candidatura, ya que son miles las que cada semana pasan por ellas. La provincia de Granada es un ejemplo que queda claro que la excelencia deportiva est\u00e1 por encima de todo\u00bb.<\/p>\n\n\n\n<p>La primera edil de Atarfe, Yolanda Fern\u00e1ndez, ha puesto de manifiesto que \u00abpara nuestra localidad es un reconocimiento al esfuerzo de muchos a\u00f1os. Agradecemos a la Diputaci\u00f3n su apoyo, ya que es muy importante que vayamos de la mano en un proyecto as\u00ed. El deporte en nuestro municipio es fundamental y por ello tenemos instalaciones muy preparadas. Queremos seguir trabajando para mejorar el deporte en nuestro pueblo y ojal\u00e1 los dos municipios podamos representar a la provincia\u00bb.<\/p>\n\n\n\n<h3 class=\"wp-block-heading\">Requisitos<\/h3>\n\n\n\n<p>Entre los criterios que eval\u00faa ACES Europe se encuentran la inversi\u00f3n, la implicaci\u00f3n ciudadana, el proyecto deportivo local, las instalaciones y la colaboraci\u00f3n entre instituciones. En este \u00faltimo punto, la Diputaci\u00f3n de Granada tendr\u00e1 un papel clave, ya que en Las Gabias, se financiar\u00e1n programas de formaci\u00f3n y tecnificaci\u00f3n en centros escolares y clubes deportivos, adem\u00e1s de actividades con deportistas ol\u00edmpicas como Carlota Garc\u00eda y Alejandra Quereda.<\/p>\n\n\n\n<p>Por su parte, en Atarfe se impulsar\u00e1 una conferencia motivacional y marcha solidaria con \u00c1lex Roca, referente mundial del deporte adaptado, adem\u00e1s de cubrir los gastos del comit\u00e9 evaluador que visitar\u00e1 ambos municipios del 6 al 8 de mayo.<\/p>\n\n\n\n<p>Durante esas fechas, el comit\u00e9 internacional de ACES Europe comprobar\u00e1 las instalaciones, mantendr\u00e1 encuentros con las corporaciones municipales y valorar\u00e1 el impacto social y deportivo de ambos proyectos. La entrega del galard\u00f3n, en caso de ser concedido, tendr\u00e1 lugar en el Parlamento Europeo de Bruselas en diciembre de este a\u00f1o. Este reconocimiento supondr\u00eda un importante impulso econ\u00f3mico, tur\u00edstico, social y deportivo para ambos municipios, consolidando a Granada como un territorio l\u00edder en promoci\u00f3n deportiva.<\/p>\n\n\n\n<p>R. I.<\/p>\n\n\n\n<p>FOTO: La Diputaci\u00f3n de Granada, en apoyo a las candidaturas de Las Gabias y Atarfe. R. I<\/p>\n\n\n\n<p><a href=\"https:\/\/www.ideal.es\/deportes\/provincial-granada\/gabias-atarfe-pugnan-villa-europea-deporte-2026-20250421132756-nt.html\">https:\/\/www.ideal.es\/deportes\/provincial-granada\/gabias-atarfe-pugnan-villa-europea-deporte-2026-20250421132756-nt.html<\/a><\/p>\n","protected":false},"excerpt":{"rendered":"<p>La asociaci\u00f3n ACES Europe tomar\u00e1 la decisi\u00f3n de otorgar el t\u00edtulo en base a la&#8230;<\/p>\n","protected":false},"author":1,"featured_media":76312,"comment_status":"closed","ping_status":"closed","sticky":false,"template":"","format":"standard","meta":{"_coblocks_attr":"","_coblocks_dimensions":"","_coblocks_responsive_height":"","_coblocks_accordion_ie_support":"","jetpack_post_was_ever_published":false,"_jetpack_newsletter_access":"","_jetpack_dont_email_post_to_subs":false,"_jetpack_newsletter_tier_id":0,"_jetpack_memberships_contains_paywalled_content":false,"_jetpack_memberships_contains_paid_content":false,"footnotes":"","jetpack_publicize_message":"","jetpack_publicize_feature_enabled":true,"jetpack_social_post_already_shared":true,"jetpack_social_options":{"image_generator_settings":{"template":"highway","default_image_id":0,"enabled":false},"version":2}},"categories":[6916,1161,182,44,1],"tags":[],"class_list":["post-76315","post","type-post","status-publish","format-standard","has-post-thumbnail","hentry","category-ayuntamiento-de-atarfe","category-ciudadania","category-deportes","category-noticias-de-hoy","category-uncategorized"],"jetpack_publicize_connections":[],"jetpack_featured_media_url":"https:\/\/i0.wp.com\/miradordeatarfe.es\/wp-content\/uploads\/2025\/04\/Candidaturas-Villa-Europea-del-Deporte-2026.jpeg?fit=850%2C480&ssl=1","jetpack_likes_enabled":true,"jetpack_sharing_enabled":true,"_links":{"self":[{"href":"https:\/\/miradordeatarfe.es\/index.php?rest_route=\/wp\/v2\/posts\/76315","targetHints":{"allow":["GET"]}}],"collection":[{"href":"https:\/\/miradordeatarfe.es\/index.php?rest_route=\/wp\/v2\/posts"}],"about":[{"href":"https:\/\/miradordeatarfe.es\/index.php?rest_route=\/wp\/v2\/types\/post"}],"author":[{"embeddable":true,"href":"https:\/\/miradordeatarfe.es\/index.php?rest_route=\/wp\/v2\/users\/1"}],"replies":[{"embeddable":true,"href":"https:\/\/miradordeatarfe.es\/index.php?rest_route=%2Fwp%2Fv2%2Fcomments&post=76315"}],"version-history":[{"count":2,"href":"https:\/\/miradordeatarfe.es\/index.php?rest_route=\/wp\/v2\/posts\/76315\/revisions"}],"predecessor-version":[{"id":76367,"href":"https:\/\/miradordeatarfe.es\/index.php?rest_route=\/wp\/v2\/posts\/76315\/revisions\/76367"}],"wp:featuredmedia":[{"embeddable":true,"href":"https:\/\/miradordeatarfe.es\/index.php?rest_route=\/wp\/v2\/media\/76312"}],"wp:attachment":[{"href":"https:\/\/miradordeatarfe.es\/index.php?rest_route=%2Fwp%2Fv2%2Fmedia&parent=76315"}],"wp:term":[{"taxonomy":"category","embeddable":true,"href":"https:\/\/miradordeatarfe.es\/index.php?rest_route=%2Fwp%2Fv2%2Fcategories&post=76315"},{"taxonomy":"post_tag","embeddable":true,"href":"https:\/\/miradordeatarfe.es\/index.php?rest_route=%2Fwp%2Fv2%2Ftags&post=76315"}],"curies":[{"name":"wp","href":"https:\/\/api.w.org\/{rel}","templated":true}]}}