{"id":76390,"date":"2025-04-24T11:10:56","date_gmt":"2025-04-24T09:10:56","guid":{"rendered":"https:\/\/miradordeatarfe.es\/?p=76390"},"modified":"2025-04-24T11:10:58","modified_gmt":"2025-04-24T09:10:58","slug":"atarfe-defendamos-la-sanidad-publica","status":"publish","type":"post","link":"https:\/\/miradordeatarfe.es\/?p=76390","title":{"rendered":"ATARFE: \u00a1Defendamos la Sanidad P\u00fablica!"},"content":{"rendered":"\n<p class=\"has-medium-font-size\"><strong>La Plataforma en Defensa de la Sanidad P\u00fablica de Atarfe se suma a la campa\u00f1a impulsada por la Coordinadora Andaluza de Mareas Blancas, en apoyo a la Iniciativa Legislativa Popular (ILP) para la:\u00bbProposici\u00f3n de Ley de Recuperaci\u00f3n de los Niveles de Calidad del Sistema Sanitario P\u00fablico en Andaluc\u00eda\u00bb<\/strong><\/p>\n\n\n\n<p class=\"has-medium-font-size\">Una Iniciativa Legislativa Popular (ILP) para solucionar la crisis de la sanidad p\u00fablica en Andaluc\u00eda<\/p>\n\n\n\n<p class=\"has-medium-font-size\">Pensamos que su exposici\u00f3n y defensa p\u00fablica va a servir para explicar en cada barrio y en cada pueblo andaluz la necesidad de la uni\u00f3n de la mayor\u00eda de los andaluces, en contra de los que quieren acabar con la tranquilidad y seguridad que nos da una sanidad p\u00fablica igualitaria y bien dotada en la que los intereses privados no sean los que manden<\/p>\n\n\n\n<p class=\"has-medium-font-size\">Objetivos de la ILP:<br \/>-> Blindar la financiaci\u00f3n del sistema p\u00fablico de salud <br \/>-> Garantizar la participaci\u00f3n ciudadana en los Consejos de Salud <br \/>-> Frenar la deriva de fondos p\u00fablicos hacia la sanidad privada <\/p>\n\n\n\n<p class=\"has-medium-font-size\">Actualmente hay un sentimiento generalizado de preocupaci\u00f3n en amplias capas de la poblaci\u00f3n andaluza porque nuestra sanidad p\u00fablica est\u00e1 en franca crisis. Esta percepci\u00f3n se basa principalmente en las insoportables demoras en la atenci\u00f3n sanitaria a la ciudadan\u00eda, que <a href=\"https:\/\/www.eldiario.es\/andalucia\/en-abierto\/desastrosa-situacion-listas-espera-sanitarias-andalucia_132_11907482.html\" target=\"_blank\" rel=\"noreferrer noopener\">se sit\u00faan entre las mayores del pa\u00eds<\/a>: la espera media para conseguir una cita en Atenci\u00f3n Primaria ha pasado de 10 d\u00edas, hace un a\u00f1o, a m\u00e1s de 15, actualmente; las listas de espera para especialistas hospitalarios y cirug\u00eda, superaron el mill\u00f3n de personas en junio de 2024 (\u00faltima cifra conocida), muchas de ellas demoradas por encima de los plazos legales establecidos; adem\u00e1s, la Junta no facilita las cifras de pacientes en demora para pruebas complementarias, necesarias para el diagn\u00f3stico de sus afecciones. En conjunto, es posible que la poblaci\u00f3n en espera para alg\u00fan tipo de asistencia sanitaria estos d\u00edas est\u00e9 ya cercana a los dos millones. Esta situaci\u00f3n dura ya a\u00f1os y va empeorando progresivamente. Este intenso proceso de deterioro, al que no se le ha puesto remedio, se intuye como intencionado, y <a href=\"https:\/\/fadsp.es\/wp-content\/uploads\/2024\/05\/PrivatCCAA24.pdf\" target=\"_blank\" rel=\"noreferrer noopener\">solo beneficia a las empresas de seguros sanitarios privados<\/a>, a los que acude la poblaci\u00f3n desatendida que puede permit\u00edrselos, aunque la mayor\u00eda de estos seguros no son ninguna panacea.<\/p>\n\n\n\n<p class=\"has-medium-font-size\"><strong>\u00abSi los sobrecostes que actualmente paga la Junta al sector privado se aplicaran en implementar un plan de reforzamiento de las plantillas de Atenci\u00f3n Primaria y Hospitalaria p\u00fablicas, se paliar\u00eda claramente la actual crisis\u00bb<\/strong><\/p>\n\n\n\n<p class=\"has-large-font-size\"><strong>Jornada de mesa informativa y recogida de firmas<\/strong><br \/>&#x1f4cd; Centro de Salud de Atarfe<br \/>&#x1f5d3; Viernes 25 de abril de 2025<br \/>&#x1f559; De 10:00 a 12:OO H.<\/p>\n\n\n\n<p class=\"has-large-font-size\"><strong>\u00a1\u00a1\u00a1 DEFENDAMOS NUESTRA SANIDAD !!!<\/strong><\/p>\n\n\n\n\n","protected":false},"excerpt":{"rendered":"<p>La Plataforma en Defensa de la Sanidad P\u00fablica de Atarfe se suma a la campa\u00f1a&#8230;<\/p>\n","protected":false},"author":1,"featured_media":76391,"comment_status":"closed","ping_status":"closed","sticky":false,"template":"","format":"standard","meta":{"_coblocks_attr":"","_coblocks_dimensions":"","_coblocks_responsive_height":"","_coblocks_accordion_ie_support":"","jetpack_post_was_ever_published":false,"_jetpack_newsletter_access":"","_jetpack_dont_email_post_to_subs":false,"_jetpack_newsletter_tier_id":0,"_jetpack_memberships_contains_paywalled_content":false,"_jetpack_memberships_contains_paid_content":false,"footnotes":"","jetpack_publicize_message":"","jetpack_publicize_feature_enabled":true,"jetpack_social_post_already_shared":true,"jetpack_social_options":{"image_generator_settings":{"template":"highway","default_image_id":0,"enabled":false},"version":2}},"categories":[10791,186,44,10805],"tags":[],"class_list":["post-76390","post","type-post","status-publish","format-standard","has-post-thumbnail","hentry","category-andalucia","category-instituciones","category-noticias-de-hoy","category-plataforma-por-la-sanidad-de-atarfe"],"jetpack_publicize_connections":[],"jetpack_featured_media_url":"https:\/\/i0.wp.com\/miradordeatarfe.es\/wp-content\/uploads\/2025\/04\/Imagen-de-WhatsApp-2025-04-24-a-las-07.44.21_6a4225b9.jpg?fit=1080%2C1080&ssl=1","jetpack_likes_enabled":true,"jetpack_sharing_enabled":true,"_links":{"self":[{"href":"https:\/\/miradordeatarfe.es\/index.php?rest_route=\/wp\/v2\/posts\/76390","targetHints":{"allow":["GET"]}}],"collection":[{"href":"https:\/\/miradordeatarfe.es\/index.php?rest_route=\/wp\/v2\/posts"}],"about":[{"href":"https:\/\/miradordeatarfe.es\/index.php?rest_route=\/wp\/v2\/types\/post"}],"author":[{"embeddable":true,"href":"https:\/\/miradordeatarfe.es\/index.php?rest_route=\/wp\/v2\/users\/1"}],"replies":[{"embeddable":true,"href":"https:\/\/miradordeatarfe.es\/index.php?rest_route=%2Fwp%2Fv2%2Fcomments&post=76390"}],"version-history":[{"count":1,"href":"https:\/\/miradordeatarfe.es\/index.php?rest_route=\/wp\/v2\/posts\/76390\/revisions"}],"predecessor-version":[{"id":76392,"href":"https:\/\/miradordeatarfe.es\/index.php?rest_route=\/wp\/v2\/posts\/76390\/revisions\/76392"}],"wp:featuredmedia":[{"embeddable":true,"href":"https:\/\/miradordeatarfe.es\/index.php?rest_route=\/wp\/v2\/media\/76391"}],"wp:attachment":[{"href":"https:\/\/miradordeatarfe.es\/index.php?rest_route=%2Fwp%2Fv2%2Fmedia&parent=76390"}],"wp:term":[{"taxonomy":"category","embeddable":true,"href":"https:\/\/miradordeatarfe.es\/index.php?rest_route=%2Fwp%2Fv2%2Fcategories&post=76390"},{"taxonomy":"post_tag","embeddable":true,"href":"https:\/\/miradordeatarfe.es\/index.php?rest_route=%2Fwp%2Fv2%2Ftags&post=76390"}],"curies":[{"name":"wp","href":"https:\/\/api.w.org\/{rel}","templated":true}]}}