{"id":76472,"date":"2025-05-01T08:29:00","date_gmt":"2025-05-01T06:29:00","guid":{"rendered":"https:\/\/miradordeatarfe.es\/?p=76472"},"modified":"2025-04-30T10:53:37","modified_gmt":"2025-04-30T08:53:37","slug":"javier-cercas-creo-que-el-papa-francisco-no-hizo-lo-suficiente-y-creo-que-el-tambien-creia-que-no-parte-1","status":"publish","type":"post","link":"https:\/\/miradordeatarfe.es\/?p=76472","title":{"rendered":"Javier Cercas: \u00abCreo que el Papa Francisco no hizo lo suficiente y creo que \u00e9l tambi\u00e9n cre\u00eda que no\u00bb (parte 1)"},"content":{"rendered":"\n<p class=\"has-medium-font-size\">J<strong>avier Cercas es un escritor de grandes batallas, pero esta \u00faltima que ha librado con el Vaticano y con el Papa Francisco ha sido la m\u00e1s grande y, adem\u00e1s, ha salido victorioso. <em>El loco de Dios en el fin del mundo<\/em> es un librazo, a d\u00eda de hoy el m\u00e1s vendido, en el que despliega sus artes de cronista, bi\u00f3grafo, indagador y fil\u00f3sofo. En el libro tambi\u00e9n se confiesa y en esta entrevista, antes de que muriera Bergoglio, a\u00fan m\u00e1s<\/strong><\/p>\n\n\n\n<p>Desde que se ha muerto <a href=\"https:\/\/www.esquire.com\/es\/actualidad\/libros\/a64542221\/muere-papa-francisco-mejor-libro-esperanza\/\">el Papa<\/a>, no dejo de escuchar: \u201c\u00a1Qu\u00e9 suerte ha tenido Javier Cercas!\u201d Y no estoy de acuerdo, porque la suerte, si existe, la ha tenido el Vaticano por enterrar a Jorge Bergoglio con un libro reci\u00e9n publicado que es lo m\u00e1s honesto que se ha escrito en mucho tiempo sobre las virtudes, los pecados y los esfuerzos de un Vicario de Dios en la Tierra y su Iglesia. Y digo honesto porque <a href=\"https:\/\/www.amazon.es\/loco-Dios-mundo-Random-House\/dp\/843974529X\/ref=sr_1_1?__mk_es_ES=%C3%85M%C3%85%C5%BD%C3%95%C3%91&amp;crid=152DSJHX5M87N&amp;dib=eyJ2IjoiMSJ9.QUfDH0jPvrHkvyM5L-F3BoTh0xpxdSaXnoQDNcyIYdNO1RRnhZfv5NoopVPJbxiWtfcnmSyZUg9VXthRNJwxX3Gqi6YpUAQmjMto2mJRyvo.-w-F0WSm4EEBCw1ol79Kvuvzn-mcINwrxJxYfgzUMW0&amp;dib_tag=se&amp;keywords=El+loco+de+Dios+en+el+fin+del+mundo&amp;qid=1745513717&amp;sprefix=el+loco+de+dios+en+el+fin+del+mundo%2Caps%2C144&amp;sr=8-1&amp;ufe=app_do%3Aamzn1.fos.fde3827e-5b32-4544-acac-9bcf8407a6a6&amp;linkCode=ogi&amp;tag=esquirespain-21&amp;ascsubtag=%5Bartid%7C2119.a.64579281%5Bsrc%7C%5Bch%7C%5Blt%7C%5Bpid%7C082d792d-e62b-40ac-b853-b0ed00ccc2ff%5Baxid%7Cc21f5881-792d-4987-89a4-4b3809de37f9\" target=\"_blank\" rel=\"noreferrer noopener\"><em>El loco de Dios en el fin del mundo<\/em> (Random House)<\/a> tiene tantos puntos de vista como p\u00e1ginas \u2013casi 500\u2013 y es un libro mestizo que desde la cr\u00f3nica, la biograf\u00eda, el ensayo, la reflexi\u00f3n, las entrevistas, la investigaci\u00f3n, la historia y hasta un \u201cyo confieso\u201d del autor, el citado Javier Cercas (Ibahernando, C\u00e1ceres, 1962), trata de resolver el descomunal enigma de la resurrecci\u00f3n de la carne y la vida eterna. As\u00ed que tambi\u00e9n es un thriller.<\/p>\n\n\n\n<p>Todo empez\u00f3 el d\u00eda que el escritor acept\u00f3, despu\u00e9s de mucho cavilar, el reto que le propuso por sorpresa el Vaticano de acompa\u00f1ar al Papa Francisco en su viaje a Mongolia para que escribiera de lo que quisiera y como quisiera, y publicara donde le diera la gana. Para un escritor que se confiesa \u201cateo, anticlerical, laicista militante, racionalista contumaz e imp\u00edo riguroso\u201d la propuesta le son\u00f3 a chino, pero \u00bfqui\u00e9n en su sano juicio la iba a rechazar? Nadie. Recordar, adem\u00e1s, que la obligaci\u00f3n del que piensa \u2018de verdad\u2019 consiste en intentar entender a quien no piensa como \u00e9l fue otro de sus alicientes, aunque no el primordial.<\/p>\n\n\n\n<p>\u00bfPor qu\u00e9 dijo finalmente \u201cs\u00ed\u201d este se\u00f1or tan sensato, tan culto y tan talentoso, autor de \u00e9xitos literarios como <a href=\"https:\/\/www.amazon.es\/Soldados-Salamina-CONTEMPORANEA-Javier-Cercas\/dp\/8466329374\/ref=sr_1_1?__mk_es_ES=%C3%85M%C3%85%C5%BD%C3%95%C3%91&amp;crid=1QS22ECMBWHU&amp;dib=eyJ2IjoiMSJ9.6yDzOCcZ9bDUAMoUQY0EbUY60mKOednx4En9Xqu0EqWosMj3tCmYYQkoH89AZBNiQbcdLZB6QzWKnvrmw0RljsPlh7ktS7a0UQBK1Xp3iMm4UlD9QT5zKMEJkDkd_6hNopy6KZTSIVHcgV0W4pe0elJhlwRH2XUGJ4nomDDqm4K2kVo_Bl__DEKiXDioNPwJax79NJiwTA8A6y1pw7PRzNGQGj9wUofUmz6Lh11TjBZ-fduMf5Li6yqm8thXPcMl2MQ9VdoeugxU22-2R_RfKOirw5AbwCMyZgZZtR_IaSg.PlaHC3Z0vSzO5iV-3m749mnAr3S0a2BqozSXKoRCeDE&amp;dib_tag=se&amp;keywords=Soldados+de+Salamina&amp;qid=1745514215&amp;sprefix=soldados+de+salamina%2Caps%2C154&amp;sr=8-1&amp;linkCode=ogi&amp;tag=esquirespain-21&amp;ascsubtag=%5Bartid%7C2119.a.64579281%5Bsrc%7C%5Bch%7C%5Blt%7C%5Bpid%7C2efe1c95-37ea-48c7-8981-41109464cc94%5Baxid%7C0b94a3e1-80cc-4852-8863-f667b766b91a\" target=\"_blank\" rel=\"noreferrer noopener\"><em>Soldados de Salamina<\/em> (2001)<\/a>, <a href=\"https:\/\/www.amazon.es\/Anatom%C3%ADa-instante-CONTEMPORANEA-Javier-Cercas\/dp\/849062349X\/ref=sr_1_1?__mk_es_ES=%C3%85M%C3%85%C5%BD%C3%95%C3%91&amp;crid=12BDFUCYO66FH&amp;dib=eyJ2IjoiMSJ9.XKrT7gBH8QkY0ZLd8gQ0JAsbLBqm5cPGV-AMWe0R0nVdRPzsjqsZtHBUXzPDCdYEayb54_7a8-43UAze7a04pw3-dZs4KCs2cyjZ2kdkmR7CkGmuyHt2SCAAU1-bXZFu-4nmHFJHYhvBv0MjslrnRXJ4nVb54GuOnrebBfg9A4sLHDJpnY0u65zs3wWD3SlTpYpnMGzVCkTihaJV7yJL5vh0CMO_yiHZf-rHpu4Xwin4E9iN8A8QLsEdMc0Pb9znHk3WfnHdovmUXbGqsXOwOqoUrfuG0aQUnwmWXxpWhf0.z7B57FQikvCyaCvjMVYtc3FRVxnmjC8n08IlkjDXNlY&amp;dib_tag=se&amp;keywords=Anatom%C3%ADa+de+un+instante&amp;qid=1745514516&amp;sprefix=anatom%C3%ADa+de+un+instante%2Caps%2C151&amp;sr=8-1&amp;linkCode=ogi&amp;tag=esquirespain-21&amp;ascsubtag=%5Bartid%7C2119.a.64579281%5Bsrc%7C%5Bch%7C%5Blt%7C%5Bpid%7Cf6f05ae8-343b-4243-a861-1bf7dbb06855%5Baxid%7C9792a41e-c7fb-466e-9a6d-f4985ef5a4c3\" target=\"_blank\" rel=\"noreferrer noopener\"><em>Anatom\u00eda de un instante<\/em> (2009)<\/a>, <a href=\"https:\/\/www.amazon.es\/leyes-frontera-CONTEMPORANEA-Javier-Cercas\/dp\/8490326398\/ref=sr_1_1?__mk_es_ES=%C3%85M%C3%85%C5%BD%C3%95%C3%91&amp;crid=32BFYXSBSDQ00&amp;dib=eyJ2IjoiMSJ9.7QJqXSwqOnCcerJ6cV6GxEDg185AQygWYKXa7sVYoqo2gJ6sP1eXeNyo4AqW1Avryma6hocBCTJDpyZN6tHI2V4q9KWXs0SrFdSLoc9VwK_v99DSdf5HkXNPoY_SlAImuJAaF93SOTa0trY7GA9P_g.FmjXrK63jY-dLWaU4MpSsDJNZuahH5cmQCps0c78vM8&amp;dib_tag=se&amp;keywords=Las+leyes+de+la+frontera&amp;qid=1745514559&amp;sprefix=las+leyes+de+la+frontera%2Caps%2C179&amp;sr=8-1&amp;linkCode=ogi&amp;tag=esquirespain-21&amp;ascsubtag=%5Bartid%7C2119.a.64579281%5Bsrc%7C%5Bch%7C%5Blt%7C%5Bpid%7C50afd60e-327c-421a-b813-1a330b0bbc2d%5Baxid%7C0d2e04c8-d3dc-4f26-b9f4-42f144e12696\" target=\"_blank\" rel=\"noreferrer noopener\"><em>Las leyes de la frontera<\/em> (2012)<\/a>, <a href=\"https:\/\/www.amazon.es\/El-impostor-CONTEMPORANEA-Javier-Cercas\/dp\/8490627509\/ref=sr_1_1?crid=32R6KZN1Z4Z59&amp;dib=eyJ2IjoiMSJ9.Iql_wjE-CDjT6dsjN2vmTwdCcteOPDNKdAs2wz-AzvZgF6X_SpKYx9ECB5JZaTeP-DYBNA48FoYOnmupvb2TrwXbFS-UfcrYYvlDrr6pY5scBUmcdKBbyea4ZeoqF_TiG27xcZneDFTwdkFxZQq-zb6JHxqyTcYxUvb8fUvExso2eCFDHFe_qS2Tjlc7jCGydwN3Pmht_smkrLJG6qn-u7dHVo5DYG3n7y1ZCKZftmp8c2aGp28Cq44i3EHB4ZUpLJh00USphvBP19tqN4xhU2l_f6mBDvwdHZzTsPMalT8.5cpJ7n4SQtKsSou-DM2tfTRcn4Ar8ylGXX8L8RQgdG4&amp;dib_tag=se&amp;keywords=el+impostor+javier+cercas&amp;qid=1745514595&amp;sprefix=El+impostor%2Caps%2C201&amp;sr=8-1&amp;linkCode=ogi&amp;tag=esquirespain-21&amp;ascsubtag=%5Bartid%7C2119.a.64579281%5Bsrc%7C%5Bch%7C%5Blt%7C%5Bpid%7C6aeb4b67-f743-41dd-9072-b164d1d1653a%5Baxid%7C9d830f19-aa93-447d-80f1-6f890fd5eaf3\" target=\"_blank\" rel=\"noreferrer noopener\"><em>El impostor<\/em> (2014)<\/a> o la trilog\u00eda <a href=\"https:\/\/www.amazon.es\/Estuche-Terra-Alta-Independencia-castillo\/dp\/8411070913\/ref=sr_1_1?crid=20SKJT6SIK70S&amp;dib=eyJ2IjoiMSJ9.eGpjeUQ6uRt8SJ61VGv93s-KvI8nrmG_BV1iUkFBQVu_iPbw43qci5KNF3mxheS_l4HBuwpjB5mG-NvZqoeF6K8focdH2SL8sk4ERKMs20aTwabm6VZXYNz2Xzl_p0s9o-EjBi7VqFbUV8ArCfMtJKvIjBH_P3jB2-oIfmXGJHGDRRgD99Mx-RT37nIrcMR9.5w4DNUJWl4jjcWhpsQR1o7k1QrYhXc3JtWBF-Memlv4&amp;dib_tag=se&amp;keywords=javier+cercas+trilogia+terra+alta&amp;qid=1745514652&amp;sprefix=Terra+Alta+javier+cercas%2Caps%2C139&amp;sr=8-1&amp;ufe=app_do%3Aamzn1.fos.fde3827e-5b32-4544-acac-9bcf8407a6a6&amp;linkCode=ogi&amp;tag=esquirespain-21&amp;ascsubtag=%5Bartid%7C2119.a.64579281%5Bsrc%7C%5Bch%7C%5Blt%7C%5Bpid%7C69d42f57-ef91-40bc-ab21-e2081583fdf8%5Baxid%7C4d6f9080-425b-47c6-9c76-2ee9a3864e66\" target=\"_blank\" rel=\"noreferrer noopener\"><em>Terra Alta<\/em> \u2013<em>Terra Alta<\/em> (2019), <em>Independencia<\/em> (2021) y <em>El castillo de Barbazul<\/em> (2022)<\/a>\u2013, cargado de premios, honores y reciente acad\u00e9mico de la RAE? Por un sentimiento tan humano como es el amor a los suyos, en concreto a su madre viuda, tan cat\u00f3lica como su padre. \u201c\u00bfMi madre ver\u00e1 a mi padre m\u00e1s all\u00e1 de la muerte\u201d? Esta es la pregunta que, seg\u00fan \u00e9l, har\u00eda un ni\u00f1o y con la que parti\u00f3 a ese viaje, hace ya dos a\u00f1os, para hac\u00e9rsela al Papa Francisco. Traer la respuesta a su progenitora era lo \u00fanico que le importaba. El resto es un librazo donde el autor despliega sus artes indagatorias, period\u00edsticas y filos\u00f3ficas, a veces con la soberbia del que se cree mejor por no creer y otras con la humildad del que escucha. A continuaci\u00f3n, la entrevista que me concedi\u00f3 unos d\u00edas antes de que el Papa Francisco muriera.<\/p>\n\n\n\n<p><strong>\u00abSoy m\u00e1s anticlerical que antes porque Francisco tambi\u00e9n es anticlerical. Que el Vaticano me eligiera a m\u00ed, ateo y racionalista, para escribir un libro sobre Bergoglio, y no a un escritor cat\u00f3lico, tiene que ver precisamente con la visi\u00f3n del Papa enfocada a hacer apostolado en la periferia. La periferia es adonde hay que ir. Ese es su objetivo\u00bb<\/strong><\/p>\n\n\n\n<p><strong>\u00bfPor qu\u00e9 cree que le eligen precisamente a usted, ateo y racionalista, para escribir un libro sobre el Papa y el Vaticano?<br \/><\/strong>Tr\u00e1tame de t\u00fa, por favor, gracias&#8230; Pues esa es la \u00fanica pregunta que no he hecho en estos dos a\u00f1os, aunque puedo tener mis hip\u00f3tesis.<\/p>\n\n\n\n<p><strong>Comparte alguna, por favor.<br \/><\/strong>Supongo que es porque soy un escritor conocido aqu\u00ed y en otros pa\u00edses, incluida Italia. Luego hay un factor que es el hecho de que soy un hombre ateo y anticlerical. Soy cat\u00f3lico como t\u00fa y como la gran mayor\u00eda que nos lee porque esta ha sido nuestra educaci\u00f3n. Como dice Benedetto Croce, el fil\u00f3sofo italiano, \u201cno podemos no llamarnos cristianos\u201d, todos venimos de Jesucristo, de S\u00f3crates, de Atenas y de Jerusal\u00e9n. Adem\u00e1s, conozco las claves porque estudi\u00e9 en un colegio de curas. Pero soy ateo y anticlerical, y ahora, despu\u00e9s de haber viajado con el Papa Francisco a Mongolia y haber escrito <a href=\"https:\/\/www.amazon.es\/loco-Dios-mundo-Random-House\/dp\/843974529X\/ref=sr_1_1?crid=3ZBB9ATA45MH&amp;dib=eyJ2IjoiMSJ9.QUfDH0jPvrHkvyM5L-F3BoTh0xpxdSaXnoQDNcyIYdNO1RRnhZfv5NoopVPJbxiWtfcnmSyZUg9VXthRNJwxX3Gqi6YpUAQmjMto2mJRyvo.-w-F0WSm4EEBCw1ol79Kvuvzn-mcINwrxJxYfgzUMW0&amp;dib_tag=se&amp;keywords=el+loco+de+dios+en+el+fin+del+mundo&amp;qid=1745514807&amp;sprefix=el+loco+de+%2Caps%2C105&amp;sr=8-1&amp;ufe=app_do%3Aamzn1.fos.fde3827e-5b32-4544-acac-9bcf8407a6a6&amp;linkCode=ogi&amp;tag=esquirespain-21&amp;ascsubtag=%5Bartid%7C2119.a.64579281%5Bsrc%7C%5Bch%7C%5Blt%7C%5Bpid%7C796ca060-601f-4c3f-804c-d6aaccdca642%5Baxid%7C085b4ab5-35a0-40b9-9d95-f5f6ded4c514\" target=\"_blank\" rel=\"noreferrer noopener\"><em>El loco de Dios en el fin del mundo<\/em> (Ramdon House)<\/a>, soy m\u00e1s anticlerical todav\u00eda porque Francisco tambi\u00e9n es anticlerical. Esto es muy importante decirlo. Y que el Vaticano me eligiera a m\u00ed para escribir un libro sobre Bergoglio, y no a un escritor cat\u00f3lico, tiene que ver precisamente con la visi\u00f3n del Papa enfocada a hacer apostolado en la periferia. La periferia es adonde hay que ir. \u00c9l piensa que la Iglesia no puede quedarse encerrada en sus muros, sino que tiene que llegar a la periferia de la pobreza, a la periferia social, a la periferia pol\u00edtica y tambi\u00e9n a la periferia de los que no piensan como \u201cnosotros\u201d: budistas, musulmanes, ateos\u2026 Y yo formo parte de eso. Esa es su visi\u00f3n, la de una Iglesia perif\u00e9rica y misionera. Para Francisco el cristiano ideal es el misionero.<\/p>\n\n\n\n<p><strong>O sea, que te eligieron a ti para dejar claro ese mensaje de volver a los or\u00edgenes y reparar de paso el desencanto que sentimos por la Iglesia actual.<br \/><\/strong>Eso que dices es exacto. El desencanto en Occidente, en Europa y en Espa\u00f1a, en particular, se debe a la p\u00e9rdida de los or\u00edgenes, de lo que era el cristianismo realmente. Por eso creo que han buscado a alguien que viene de donde vienen ellos, pero que no es como ellos. Yo era muy creyente de peque\u00f1o y luego perd\u00ed la fe. Lo cuento en el libro. As\u00ed que entiendo que buscaban una mirada que les observara desde fuera, una mirada limpia, pero corriendo un inmenso riesgo.<\/p>\n\n\n\n<p><strong>Creo que han sido muy listos y tambi\u00e9n muy valientes al contar contigo.<br \/><\/strong>Tontos no son (risas) y valientes lo han sido mucho, es verdad. Cuando el director de la editorial del Vaticano me hace la propuesta, lo primero que le dije fue: \u201c\u00bfPero ustedes no saben que yo soy un tipo peligroso?\u201d Ellos han corrido un riesgo muy grande y yo he tenido una libertad absoluta en todo. Ni siquiera han querido leer el libro una vez escrito.<\/p>\n\n\n\n<p><strong>No me lo creo.<br \/><\/strong>Bueno, es verdad, ped\u00ed que al menos uno lo leyera antes de publicarlo porque tambi\u00e9n me gusta verificar con otros ojos fechas, nombres y otros datos, como hago con todos mis libros. Pero tuve que pedirlo yo. Este es el Vaticano de Bergoglio, donde se nota que han cambiado cosas.<\/p>\n\n\n\n<p><strong>\u00bfPor qu\u00e9 aceptas la propuesta movido solo por una motivaci\u00f3n: preguntarle al Papa si tu madre se reencontrar\u00e1 con tu padre cuando muera?, \u00bfno te interesaba preguntarle alguna cosa m\u00e1s?<br \/><\/strong>A ver, s\u00ed, pero eso era lo fundamental porque me interesa personalmente. Yo soy muy ego\u00edsta como escritor. Yo busco resolver mis propios enigmas, las cosas que me intrigan, siempre he sido as\u00ed. Por el camino, claro que me interesan otras cosas del Vaticano, a qui\u00e9n no le interesa el Vaticano. No s\u00e9 por qu\u00e9 me eligieron a m\u00ed, pero s\u00ed s\u00e9 que ning\u00fan escritor en su sano juicio hubiera rechazado esta propuesta por un motivo muy sencillo: porque es la primera vez que proponen algo as\u00ed a un escritor. Suena muy bestia, pero es as\u00ed. No hay nada parecido. Por eso yo me siento un privilegiado total. Tampoco me imagino a ning\u00fan Papa anterior haciendo esta propuesta y menos a un escritor ateo.<\/p>\n\n\n\n<p><strong>\u00bfY esa misma pregunta te la has hecho alguna vez a ti mismo o tienes la respuesta clar\u00edsima?<br \/><\/strong>Yo ateo, con eso te digo todo. Pero hay una cosa de este Papa que siempre me ha asombrado mucho. Los Papas antes no conced\u00edan entrevistas, nunca. Solo la idea resultaba extravagante e impensable. Y llega este hombre y empieza a dar entrevistas a todo el mundo, hablando de la guerra de Ucrania, de Gaza y de otros temas de actualidad. Como l\u00edder del cristianismo, est\u00e1 claro que quiere conectar con el mundo en el que vive. Pero el Papa tambi\u00e9n es una autoridad religiosa, la autoridad del cristianismo, y \u00bfcu\u00e1l es el eje del cristianismo?: la resurrecci\u00f3n de la carne y la vida eterna. Sin eso, no existe el cristianismo. Ni siquiera lo dice Francisco, sino San Pablo, quien crea el cristianismo. Nosotros resucitamos porque Cristo resucit\u00f3 y si Cristo no resucit\u00f3, vana es nuestra fe. Este dogma tan incre\u00edble de que existe otra vida es el coraz\u00f3n del cristianismo. Yo no fui a preguntarle al Papa esto por motivos teol\u00f3gicos, sino por motivos personales. Intento contestar a tu pregunta dici\u00e9ndote que alguien me dijo que esa es la pregunta que le har\u00eda un ni\u00f1o a la persona que esta m\u00e1s autorizada en esta materia. Y por eso creo que mi libro es un libro fronterizo que tiene muchos libros dentro: ensayo, cr\u00f3nica, reflexi\u00f3n, biograf\u00eda\u2026 En el fondo tambi\u00e9n es una novela policial.<\/p>\n\n\n\n<p><strong>Y qu\u00e9 mejor lugar que el Vaticano, \u00bfno?<br \/><\/strong>S\u00ed, pero adem\u00e1s el real y con alguien que intenta descifrar un enigma, como en todas mis novelas. Lo que pasa es que aqu\u00ed el enigma es descomunal. Podemos decir que hay que estar loco para creer en ello, y es verdad que hay que estar un poco loco. Por eso este libro tambi\u00e9n es muy loco. De hecho, se titula <em>El loco de Dios en el fin del mundo<\/em>, hay un loco sin Dios que es el narrador y est\u00e1 lleno de locos de Dios [risas].<\/p>\n\n\n\n<p><strong>Pues yo no s\u00e9 si hay que estar muy loco o muy cuerdo para creer en la vida eterna, la verdad.<br \/><\/strong>S\u00ed, tienes raz\u00f3n. De hecho ha habido gente muy seria e inteligente que ha cre\u00eddo en Dios, aunque no todos en el sentido tradicional: Newton, Kant, <a href=\"https:\/\/www.esquire.com\/es\/ciencia\/a27164629\/albert-einstein-frases-vida\/\">Einstein<\/a> y su Dios c\u00f3smico de Spinoza\u2026 Esto no es una cosa de cuatro tontos.<\/p>\n\n\n\n<p>CONTINUAR\u00c1<\/p>\n\n\n\n<p><strong>Por <a href=\"https:\/\/www.esquire.com\/es\/author\/228247\/ana-trasobares\/\">Ana Trasobares<\/a><\/strong><\/p>\n\n\n\n<p><a href=\"https:\/\/www.esquire.com\/es\/actualidad\/libros\/a64579281\/javier-cercas-libro-el-papa-entrevista-fotos\">https:\/\/www.esquire.com\/es\/actualidad\/libros\/a64579281\/javier-cercas-libro-el-papa-entrevista-fotos<\/a><\/p>\n","protected":false},"excerpt":{"rendered":"<p>Javier Cercas es un escritor de grandes batallas, pero esta \u00faltima que ha librado con&#8230;<\/p>\n","protected":false},"author":1,"featured_media":76473,"comment_status":"closed","ping_status":"closed","sticky":false,"template":"","format":"standard","meta":{"_coblocks_attr":"","_coblocks_dimensions":"","_coblocks_responsive_height":"","_coblocks_accordion_ie_support":"","jetpack_post_was_ever_published":false,"_jetpack_newsletter_access":"","_jetpack_dont_email_post_to_subs":false,"_jetpack_newsletter_tier_id":0,"_jetpack_memberships_contains_paywalled_content":false,"_jetpack_memberships_contains_paid_content":false,"footnotes":"","jetpack_publicize_message":"","jetpack_publicize_feature_enabled":true,"jetpack_social_post_already_shared":true,"jetpack_social_options":{"image_generator_settings":{"template":"highway","default_image_id":0,"enabled":false},"version":2}},"categories":[1161,44,6937],"tags":[],"class_list":["post-76472","post","type-post","status-publish","format-standard","has-post-thumbnail","hentry","category-ciudadania","category-noticias-de-hoy","category-sociedad"],"jetpack_publicize_connections":[],"jetpack_featured_media_url":"https:\/\/miradordeatarfe.es\/wp-content\/uploads\/2025\/04\/javier-cercas-marta-calvo-680a927287d1d.avif","jetpack_likes_enabled":true,"jetpack_sharing_enabled":true,"_links":{"self":[{"href":"https:\/\/miradordeatarfe.es\/index.php?rest_route=\/wp\/v2\/posts\/76472","targetHints":{"allow":["GET"]}}],"collection":[{"href":"https:\/\/miradordeatarfe.es\/index.php?rest_route=\/wp\/v2\/posts"}],"about":[{"href":"https:\/\/miradordeatarfe.es\/index.php?rest_route=\/wp\/v2\/types\/post"}],"author":[{"embeddable":true,"href":"https:\/\/miradordeatarfe.es\/index.php?rest_route=\/wp\/v2\/users\/1"}],"replies":[{"embeddable":true,"href":"https:\/\/miradordeatarfe.es\/index.php?rest_route=%2Fwp%2Fv2%2Fcomments&post=76472"}],"version-history":[{"count":2,"href":"https:\/\/miradordeatarfe.es\/index.php?rest_route=\/wp\/v2\/posts\/76472\/revisions"}],"predecessor-version":[{"id":76478,"href":"https:\/\/miradordeatarfe.es\/index.php?rest_route=\/wp\/v2\/posts\/76472\/revisions\/76478"}],"wp:featuredmedia":[{"embeddable":true,"href":"https:\/\/miradordeatarfe.es\/index.php?rest_route=\/wp\/v2\/media\/76473"}],"wp:attachment":[{"href":"https:\/\/miradordeatarfe.es\/index.php?rest_route=%2Fwp%2Fv2%2Fmedia&parent=76472"}],"wp:term":[{"taxonomy":"category","embeddable":true,"href":"https:\/\/miradordeatarfe.es\/index.php?rest_route=%2Fwp%2Fv2%2Fcategories&post=76472"},{"taxonomy":"post_tag","embeddable":true,"href":"https:\/\/miradordeatarfe.es\/index.php?rest_route=%2Fwp%2Fv2%2Ftags&post=76472"}],"curies":[{"name":"wp","href":"https:\/\/api.w.org\/{rel}","templated":true}]}}