{"id":76573,"date":"2025-05-02T13:55:19","date_gmt":"2025-05-02T11:55:19","guid":{"rendered":"https:\/\/miradordeatarfe.es\/?p=76573"},"modified":"2025-05-02T13:55:22","modified_gmt":"2025-05-02T11:55:22","slug":"atarfe-3-dias-para-vivir-las-cruces-de-mayo","status":"publish","type":"post","link":"https:\/\/miradordeatarfe.es\/?p=76573","title":{"rendered":"ATARFE : 3 d\u00edas para vivir las CRUCES DE MAYO"},"content":{"rendered":"\n<p><strong>\u00a1Todo listo para celebrar las Cruces de Mayo 2025! <\/strong><\/p>\n\n\n\n<p><strong>Atarfe <\/strong>celebrar\u00e1 el D\u00eda de la Cruz con un concurso. As\u00ed, el Ayuntamiento abri\u00f3 el plazo de inscripci\u00f3n para todas aquellas personas, asociaciones o colectivos que deseasen participar en el certamen.<\/p>\n\n\n\n<p>El concurso establece premios en met\u00e1lico para las cruces mejor valoradas por el jurado. El primer premio ser\u00e1 de 300 euros, el segundo de 200 euros y el tercero de 150 euros.Llega el Concurso de Cruces de Mayo Atarfe 2025 y ya tenemos la lista de participantes que llenar\u00e1n nuestro pueblo de color, arte y ambiente festivo del 2 al 4 de mayo.<\/p>\n\n\n\n<p> Aqu\u00ed tienes el recorrido para que no te pierdas ninguna cruz:<\/p>\n\n\n\n<p>&#x1f538; APIEMA \u2013 C\/ Escuelas s\/n<br \/>&#x1f538; ADRI\u00c1N \u2013 C\/ El Roc\u00edo, Local 1<br \/>&#x1f538; FAISEM \u2013 C\/ La Vega, 6<br \/>&#x1f538; DAVID \u2013 Ronda Lindaraja, 44<br \/>&#x1f538; CASINO LABRADORES \u2013 Av. Andaluc\u00eda, 13<br \/>&#x1f538; MES\u00d3N EL PORT\u00d3N \u2013 Av. Andaluc\u00eda, 122<br \/>&#x1f538; SERGIO \u2013 C\/ Collado de las Ventanas, 1<br \/>&#x1f538; MAR\u00cdA DOLORES \u2013 Av. Andaluc\u00eda, 40<br \/>&#x1f538; ASADOR AINHOA \u2013 Av. Los \u00c1lamos, 176<br \/>&#x1f538; RESTAURANTE MOMA \u2013 Avd. Diputaci\u00f3n s\/n, crta C\u00f3rdoba<br \/>&#x1f538; TARAMBANA \u2013 Paseo Santa Ana, Local 1<\/p>\n\n\n\n<p><strong>\u00bf VOLVEREMOS A LA TRADICI\u00d3N DE ESTOS D\u00cdAS ?<\/strong><\/p>\n\n\n\n<p>La ornamentaci\u00f3n de la Cruz tradicional exig\u00eda la colaboraci\u00f3n de todos los vecinos, quienes expon\u00edan objetos de adorno de sus casas o personales, que muchas veces encontramos conceptuados en la prensa como \u00abjoyas\u00bb. Era una ocasi\u00f3n anual de exteriorizar lo m\u00e1s preciado \u00abde adorno\u00bb en una fiesta grupal y comunal.<\/p>\n\n\n\n<p>No todas las cruces, sin embargo, fueron levantadas por los vecinos; las m\u00e1s distinguidas, aquellas que realizaban los casinos y asociaciones de la \u00abbuena sociedad\u00bb, los Colegios abiertos de par en par. La gente no se iba a Granada y veiamos por las calles de Atarfe a la infancia, jovenes y mayores vestirse con trajes propios de esta fiesta, divirtiendose y yendo de cruz en cruz.<\/p>\n\n\n\n<p>Otros opinan que la queja continuada de los vecinos de esos grupos ebrios que llevaban su desenfreno a una aut\u00e9ntica destrucci\u00f3n de nuestra participaci\u00f3n en estos eventos.<\/p>\n\n\n\n<p>Todo tiene soluci\u00f3n. Hay que regular este tipo de eventos y favorecer la participaci\u00f3n de cruces en plazas y barrios de manera que se pueda vivir ese d\u00eda dentro de nuestro municipio. La diferencia esencial entre las fiestas de ayer y de hoy, creemos encontrarla en aspectos que confluyen en el evento: perdida de la tradici\u00f3n, cambios en los grupo de vecinos y sus relaciones sociales; en la poca participaci\u00f3n de los colectivos, el individuo en soledad y la masa sin rostro.<\/p>\n\n\n\n<p> \u00a1Te invitamos a disfrutar de cada una de ellas, vivir el ambiente en nuestras calles y compartir esta fiesta tan nuestra!<\/p>\n\n\n\n<p>Atarfe debe vivir sus tradiciones\u2026<\/p>\n\n\n\n<figure class=\"wp-block-image size-full is-resized\"><img data-recalc-dims=\"1\" loading=\"lazy\" decoding=\"async\" width=\"600\" height=\"849\" src=\"https:\/\/i0.wp.com\/miradordeatarfe.es\/wp-content\/uploads\/2025\/05\/Imagen-de-WhatsApp-2025-05-02-a-las-12.55.53_5a07c7ca.jpg?resize=600%2C849&#038;ssl=1\" alt=\"\" class=\"wp-image-76574\" style=\"width:678px;height:auto\" srcset=\"https:\/\/i0.wp.com\/miradordeatarfe.es\/wp-content\/uploads\/2025\/05\/Imagen-de-WhatsApp-2025-05-02-a-las-12.55.53_5a07c7ca.jpg?w=600&amp;ssl=1 600w, https:\/\/i0.wp.com\/miradordeatarfe.es\/wp-content\/uploads\/2025\/05\/Imagen-de-WhatsApp-2025-05-02-a-las-12.55.53_5a07c7ca.jpg?resize=212%2C300&amp;ssl=1 212w\" sizes=\"auto, (max-width: 600px) 100vw, 600px\" \/><\/figure>\n","protected":false},"excerpt":{"rendered":"<p>\u00a1Todo listo para celebrar las Cruces de Mayo 2025! Atarfe celebrar\u00e1 el D\u00eda de la&#8230;<\/p>\n","protected":false},"author":1,"featured_media":76575,"comment_status":"closed","ping_status":"closed","sticky":false,"template":"","format":"standard","meta":{"_coblocks_attr":"","_coblocks_dimensions":"","_coblocks_responsive_height":"","_coblocks_accordion_ie_support":"","jetpack_post_was_ever_published":false,"_jetpack_newsletter_access":"","_jetpack_dont_email_post_to_subs":false,"_jetpack_newsletter_tier_id":0,"_jetpack_memberships_contains_paywalled_content":false,"_jetpack_memberships_contains_paid_content":false,"footnotes":"","jetpack_publicize_message":"","jetpack_publicize_feature_enabled":true,"jetpack_social_post_already_shared":true,"jetpack_social_options":{"image_generator_settings":{"template":"highway","default_image_id":0,"enabled":false},"version":2}},"categories":[6916,1161,44,6937],"tags":[],"class_list":["post-76573","post","type-post","status-publish","format-standard","has-post-thumbnail","hentry","category-ayuntamiento-de-atarfe","category-ciudadania","category-noticias-de-hoy","category-sociedad"],"jetpack_publicize_connections":[],"jetpack_featured_media_url":"https:\/\/i0.wp.com\/miradordeatarfe.es\/wp-content\/uploads\/2025\/05\/timthumb.php_.webp?fit=660%2C330&ssl=1","jetpack_likes_enabled":true,"jetpack_sharing_enabled":true,"_links":{"self":[{"href":"https:\/\/miradordeatarfe.es\/index.php?rest_route=\/wp\/v2\/posts\/76573","targetHints":{"allow":["GET"]}}],"collection":[{"href":"https:\/\/miradordeatarfe.es\/index.php?rest_route=\/wp\/v2\/posts"}],"about":[{"href":"https:\/\/miradordeatarfe.es\/index.php?rest_route=\/wp\/v2\/types\/post"}],"author":[{"embeddable":true,"href":"https:\/\/miradordeatarfe.es\/index.php?rest_route=\/wp\/v2\/users\/1"}],"replies":[{"embeddable":true,"href":"https:\/\/miradordeatarfe.es\/index.php?rest_route=%2Fwp%2Fv2%2Fcomments&post=76573"}],"version-history":[{"count":1,"href":"https:\/\/miradordeatarfe.es\/index.php?rest_route=\/wp\/v2\/posts\/76573\/revisions"}],"predecessor-version":[{"id":76576,"href":"https:\/\/miradordeatarfe.es\/index.php?rest_route=\/wp\/v2\/posts\/76573\/revisions\/76576"}],"wp:featuredmedia":[{"embeddable":true,"href":"https:\/\/miradordeatarfe.es\/index.php?rest_route=\/wp\/v2\/media\/76575"}],"wp:attachment":[{"href":"https:\/\/miradordeatarfe.es\/index.php?rest_route=%2Fwp%2Fv2%2Fmedia&parent=76573"}],"wp:term":[{"taxonomy":"category","embeddable":true,"href":"https:\/\/miradordeatarfe.es\/index.php?rest_route=%2Fwp%2Fv2%2Fcategories&post=76573"},{"taxonomy":"post_tag","embeddable":true,"href":"https:\/\/miradordeatarfe.es\/index.php?rest_route=%2Fwp%2Fv2%2Ftags&post=76573"}],"curies":[{"name":"wp","href":"https:\/\/api.w.org\/{rel}","templated":true}]}}