{"id":76606,"date":"2025-05-05T11:20:00","date_gmt":"2025-05-05T09:20:00","guid":{"rendered":"https:\/\/miradordeatarfe.es\/?p=76606"},"modified":"2025-10-16T09:58:48","modified_gmt":"2025-10-16T07:58:48","slug":"dos-maestraspor-remedios-sanchez","status":"publish","type":"post","link":"https:\/\/miradordeatarfe.es\/?p=76606","title":{"rendered":"\u00abDOS MAESTRAS\u00bbpor Remedios S\u00e1nchez"},"content":{"rendered":"\n<p class=\"has-medium-font-size\"><strong>Cuando las flores de los cerezos iluminan el camino de llegada de mayo se nos han marchado serenamente, con la elegante discreci\u00f3n que siempre las ha caracterizado, dos maestras. <\/strong><\/p>\n\n\n\n<p>Yo s\u00e9 que hay gente que cree que el t\u00e9rmino \u201cmaestro\/a\u201d no acaba de adaptarse fuera del \u00e1mbito de las primeras etapas educativas, pero a m\u00ed se me antoja una de las palabras m\u00e1s hermosas del diccionario porque los maestros, los verdaderos maestros, no ense\u00f1an en una etapa concreta, sea la que sea, ni se ocupan s\u00f3lo de explicar una disciplina. Esto se sobreentiende. &nbsp;<\/p>\n\n\n\n<p>Quienes poseen el don m\u00e1gico del magisterio transforman el modo de mirar la vida, aportan ilusi\u00f3n y optimismo a sus discentes para ser part\u00edcipes de la construcci\u00f3n de un mundo mejor, m\u00e1s igualitario, m\u00e1s honesto, m\u00e1s verdadero y comprometido con las personas. Por eso, para m\u00ed, maestras han sido Mar\u00eda Castellano y Lola \u00c1lvarez, ambas catedr\u00e1ticas de la Universidad de Granada. <\/p>\n\n\n\n<p>Mar\u00eda, la primera catedr\u00e1tica de Medicina de Espa\u00f1a, experta en la erradicaci\u00f3n de la lacra que es la violencia familiar y de g\u00e9nero; Lola, catedr\u00e1tica de Did\u00e1ctica de la Expresi\u00f3n Pl\u00e1stica y pilar de la Facultad de Educaci\u00f3n de Granada, que ha estado m\u00e1s de treinta a\u00f1os edificando ilusiones como castillos, formando a las nuevas generaciones de docentes que deben transmitir su pasi\u00f3n por el arte. &nbsp;<\/p>\n\n\n\n<p>Ambas representan dos formas complementarias de ver el mundo: el universo de las ciencias y el universo del arte que, cuando se abordan desde el compromiso humanista, vienen a ser las dos caras de una misma moneda. &nbsp;Por eso, ambas han sido muy queridas y muy respetadas en sus respectivos \u00e1mbitos de actuaci\u00f3n, donde su declarada pasi\u00f3n por hacer posible lo te\u00f3ricamente imposible, de obrar el milagro, ha supuesto la ruptura de eso que llaman el techo de cristal, que a veces se antoja de hormig\u00f3n armado. &nbsp;Y todo con una sonrisa, sin alzar la voz siquiera, desde la exquisita mesura a la que obliga la inteligencia sutil para ser verdaderamente \u00fatil a las dem\u00e1s que vienen detr\u00e1s. <\/p>\n\n\n\n<p>Ellas, las dos, supieron ver que el camino se hace al andar con paso firme y sin da\u00f1ar, reivindicando lo que cada cual tiene de valioso para conformar equipos heterodoxos, dise\u00f1ar aventuras que han culminado en \u00e9xitos rotundos que han consolidado la trascendencia capital de sus trayectorias. <\/p>\n\n\n\n<p>&nbsp;La de Mar\u00eda Castellano, m\u00e1s dilatada en el tiempo, lo que no minimiza lo que implica su p\u00e9rdida, porque escuchar su voz de referente necesario era comprender la Historia verdadera de una generaci\u00f3n de luchadoras infatigables, de pioneras admirables. <\/p>\n\n\n\n<p>La de Lola \u00c1lvarez, cortada en flor en un excepcional momento vital y profesional, mientras presid\u00eda la Sociedad para la Educaci\u00f3n Art\u00edstica y liderando diferentes proyectos. Ejerciendo de mentora que abre senderillos inexplorados a quienes llegan con ilusi\u00f3n y ganas de ser verdaderos universitarios. En su caso, como en los versos hernandianos, \u201ctemprano levant\u00f3 la muerte el vuelo, \/ temprano madrug\u00f3 la madrugada\u201d, se marcha dej\u00e1ndonos con una sensaci\u00f3n extra\u00f1a de lienzo inacabado, pero con el convencimiento de que lo van a continuar sus compa\u00f1eros, sus disc\u00edpulos. <\/p>\n\n\n\n<p>Esa esperanza certera nos salva: comprender que el legado de estas dos maestras, Lola \u00c1lvarez y Mar\u00eda Castellano, inmensas en bondad y sabidur\u00eda, ha sido lluvia fina que cala la tierra f\u00e9rtil y crecer\u00e1 como un \u00e1rbol frondoso, hogar de ruise\u00f1ores y de mirlos, alz\u00e1ndose al azul del cielo.<\/p>\n\n\n\n<p>foto-montaje : mcv<\/p>\n","protected":false},"excerpt":{"rendered":"<p>Cuando las flores de los cerezos iluminan el camino de llegada de mayo se nos&#8230;<\/p>\n","protected":false},"author":1,"featured_media":76607,"comment_status":"closed","ping_status":"closed","sticky":false,"template":"","format":"standard","meta":{"_coblocks_attr":"","_coblocks_dimensions":"","_coblocks_responsive_height":"","_coblocks_accordion_ie_support":"","jetpack_post_was_ever_published":false,"_jetpack_newsletter_access":"","_jetpack_dont_email_post_to_subs":false,"_jetpack_newsletter_tier_id":0,"_jetpack_memberships_contains_paywalled_content":false,"_jetpack_memberships_contains_paid_content":false,"footnotes":"","jetpack_publicize_message":"","jetpack_publicize_feature_enabled":true,"jetpack_social_post_already_shared":true,"jetpack_social_options":{"image_generator_settings":{"template":"highway","default_image_id":0,"enabled":false},"version":2}},"categories":[10797,14,44,6914],"tags":[],"class_list":["post-76606","post","type-post","status-publish","format-standard","has-post-thumbnail","hentry","category-ciencia","category-feminismo","category-noticias-de-hoy","category-opinion-de-reme-sanchez"],"jetpack_publicize_connections":[],"jetpack_featured_media_url":"https:\/\/i0.wp.com\/miradordeatarfe.es\/wp-content\/uploads\/2025\/05\/maria-castellano.webp?fit=797%2C319&ssl=1","jetpack_likes_enabled":true,"jetpack_sharing_enabled":true,"_links":{"self":[{"href":"https:\/\/miradordeatarfe.es\/index.php?rest_route=\/wp\/v2\/posts\/76606","targetHints":{"allow":["GET"]}}],"collection":[{"href":"https:\/\/miradordeatarfe.es\/index.php?rest_route=\/wp\/v2\/posts"}],"about":[{"href":"https:\/\/miradordeatarfe.es\/index.php?rest_route=\/wp\/v2\/types\/post"}],"author":[{"embeddable":true,"href":"https:\/\/miradordeatarfe.es\/index.php?rest_route=\/wp\/v2\/users\/1"}],"replies":[{"embeddable":true,"href":"https:\/\/miradordeatarfe.es\/index.php?rest_route=%2Fwp%2Fv2%2Fcomments&post=76606"}],"version-history":[{"count":2,"href":"https:\/\/miradordeatarfe.es\/index.php?rest_route=\/wp\/v2\/posts\/76606\/revisions"}],"predecessor-version":[{"id":76609,"href":"https:\/\/miradordeatarfe.es\/index.php?rest_route=\/wp\/v2\/posts\/76606\/revisions\/76609"}],"wp:featuredmedia":[{"embeddable":true,"href":"https:\/\/miradordeatarfe.es\/index.php?rest_route=\/wp\/v2\/media\/76607"}],"wp:attachment":[{"href":"https:\/\/miradordeatarfe.es\/index.php?rest_route=%2Fwp%2Fv2%2Fmedia&parent=76606"}],"wp:term":[{"taxonomy":"category","embeddable":true,"href":"https:\/\/miradordeatarfe.es\/index.php?rest_route=%2Fwp%2Fv2%2Fcategories&post=76606"},{"taxonomy":"post_tag","embeddable":true,"href":"https:\/\/miradordeatarfe.es\/index.php?rest_route=%2Fwp%2Fv2%2Ftags&post=76606"}],"curies":[{"name":"wp","href":"https:\/\/api.w.org\/{rel}","templated":true}]}}