{"id":76667,"date":"2025-05-10T08:49:00","date_gmt":"2025-05-10T06:49:00","guid":{"rendered":"https:\/\/miradordeatarfe.es\/?p=76667"},"modified":"2025-05-09T09:39:12","modified_gmt":"2025-05-09T07:39:12","slug":"20-bulos-teorias-sin-pruebas-y-desinformaciones-sobre-el-apagon-en-la-peninsula-iberica","status":"publish","type":"post","link":"https:\/\/miradordeatarfe.es\/?p=76667","title":{"rendered":"20 bulos, teor\u00edas sin pruebas y desinformaciones sobre el apag\u00f3n en la pen\u00ednsula ib\u00e9rica"},"content":{"rendered":"\n<p>El 28 de abril de 2025, toda la pen\u00ednsula ib\u00e9rica sufri\u00f3 un apag\u00f3n el\u00e9ctrico generalizado. Como es habitual en estas crisis, las redes y canales de mensajer\u00eda se han llenado de bulos y desinformaciones. Aqu\u00ed te contamos algunas de las que hemos identificado.&nbsp;<\/p>\n\n\n\n<h2 class=\"wp-block-heading\"><strong>El bulo que relaciona la compra de gas\u00f3leo por parte del Gobierno espa\u00f1ol con el apag\u00f3n<\/strong><\/h2>\n\n\n\n<figure class=\"wp-block-image\"><img data-recalc-dims=\"1\" decoding=\"async\" src=\"https:\/\/i0.wp.com\/files.maldita.es\/maldita\/uploads\/2025\/05\/6819dc51d7e5efile-png.png?w=640&#038;ssl=1\" alt=\"\"\/><\/figure>\n\n\n\n<p>Circulan contenidos que dicen que el Gobierno de Espa\u00f1a ya sab\u00eda que ocurrir\u00eda el <a target=\"_blank\" rel=\"noreferrer noopener\" href=\"https:\/\/maldita.es\/tag\/apagon-28-de-abril\">apag\u00f3n que afect\u00f3 a toda la pen\u00ednsula<\/a> ib\u00e9rica el 28 de abril de 2025 y que por ello hicieron una adquisici\u00f3n de gas\u00f3leo tipo C, para suministrar las instalaciones de las delegaciones y subdelegaciones del Gobierno, por m\u00e1s de 670.000 euros el 15 de abril. Se difunde con mensajes como \u201cel Gobierno conoc\u00eda perfectamente cu\u00e1ndo se iba a producir el apag\u00f3n\u201d o \u201cpor ello se licit\u00f3 15 d\u00edas antes por v\u00eda de urgencia gas\u00f3leo\u201d.<\/p>\n\n\n\n<p><a target=\"_blank\" rel=\"noreferrer noopener\" href=\"https:\/\/maldita.es\/malditobulo\/20250506\/boe-compra-gasoleo-gobierno-apagon\/\">Pero es un bulo.<\/a> La adquisici\u00f3n<strong> se hizo, pero es un contrato que comenzar\u00e1 el 18 de julio de 2025, casi tres meses despu\u00e9s del apag\u00f3n. <\/strong>Adem\u00e1s, en la memoria justificativa se explica que el contrato actual finaliza el 17 de julio de 2025, y que por eso es \u201cnecesaria la tramitaci\u00f3n de un nuevo expediente de contrataci\u00f3n\u201d.&nbsp;<\/p>\n\n\n\n<h2 class=\"wp-block-heading\">Cuidado con las supuestas im\u00e1genes satelitales de la pen\u00ednsula ib\u00e9rica a oscuras por el apag\u00f3n y c\u00f3mo algunas se usan para desinformar<\/h2>\n\n\n\n<figure class=\"wp-block-image\"><img data-recalc-dims=\"1\" decoding=\"async\" src=\"https:\/\/i0.wp.com\/files.maldita.es\/maldita\/uploads\/2025\/04\/68120eb3d5df2image8-webp.webp?w=640&#038;ssl=1\" alt=\"\"\/><\/figure>\n\n\n\n<p>Circulan en redes sociales&nbsp;<strong>supuestas im\u00e1genes satelitales nocturnas en las que la pen\u00ednsula ib\u00e9rica aparece completamente a oscuras<\/strong>.&nbsp;<a target=\"_blank\" rel=\"noreferrer noopener\" href=\"https:\/\/maldita.es\/malditobulo\/20250430\/imagenes-espacio-peninsula-iberica-apagon\/\">Cuidado con estas im\u00e1genes<\/a>. En varias de ellas&nbsp;<strong>aparecen sin luz zonas como Baleares o Francia, donde no se registr\u00f3 ning\u00fan corte el\u00e9ctrico<\/strong>. En las im\u00e1genes satelitales p\u00fablicas, como las de la NASA, no se ve la superficie de la pen\u00ednsula ib\u00e9rica tan oscura como muestran las de los contenidos que est\u00e1n circulando, que no especifican la fuente.<\/p>\n\n\n\n<h2 class=\"wp-block-heading\">No, Ursula von der Leyen no ha dicho que el apag\u00f3n se deba a un ciberataque ruso<\/h2>\n\n\n\n<figure class=\"wp-block-image\"><img data-recalc-dims=\"1\" decoding=\"async\" src=\"https:\/\/i0.wp.com\/files.maldita.es\/maldita\/uploads\/2025\/04\/6810bc3f1440cfile-png.png?w=640&#038;ssl=1\" alt=\"\"\/><\/figure>\n\n\n\n<p>Circulan contenidos que dicen que la presidenta de la Comisi\u00f3n Europea, <strong>Ursula von der Leyen<\/strong>, habr\u00eda confirmado que el apag\u00f3n el\u00e9ctrico generalizado en la pen\u00ednsula Ib\u00e9rica es consecuencia de un ciberataque con origen en Rusia. <a target=\"_blank\" rel=\"noreferrer noopener\" href=\"https:\/\/maldita.es\/malditobulo\/20250428\/von-der-leyen-apagon-ciberataque-ruso-cnn\/\"><strong>Es un bulo<\/strong><\/a>. No hay rastro en canales y redes oficiales de la Comisi\u00f3n de que Von der Leyen haya hecho esas declaraciones. A las 14:30 del 28 de abril, la Cadena SER inform\u00f3 que desde la Comisi\u00f3n Europea han declarado a los medios que esos contenidos son falsos.<\/p>\n\n\n\n<h2 class=\"wp-block-heading\">Por qu\u00e9 que en Marruecos haya luz no tiene que ver con lo que sucede en Espa\u00f1a<\/h2>\n\n\n\n<figure class=\"wp-block-image\"><img data-recalc-dims=\"1\" decoding=\"async\" src=\"https:\/\/i0.wp.com\/files.maldita.es\/maldita\/uploads\/images\/2025\/04\/6810e1d31aa6emarruecos-electricidad-jpg.jpg?w=640&#038;ssl=1\" alt=\"\"\/><\/figure>\n\n\n\n<p><strong>Qu\u00e9 circula: <\/strong>un v\u00eddeo en el que aseguran que el apag\u00f3n del 28 de abril de 2025 se debe a un \u201cataque coordinado\u201d contra la UE porque en pa\u00edses como Marruecos no se les cort\u00f3 la electricidad.&nbsp;<\/p>\n\n\n\n<p><a target=\"_blank\" rel=\"noreferrer noopener\" href=\"https:\/\/maldita.es\/clima\/20250429\/marruecos-luz-apagon-espana\/\"><strong>Verificaci\u00f3n<\/strong><\/a><strong>:&nbsp;<\/strong><\/p>\n\n\n\n<ul class=\"wp-block-list\">\n<li>El apag\u00f3n no ha afectado a toda la Uni\u00f3n Europea. <a href=\"https:\/\/maldita.es\/clima\/20250428\/apagon-francia-alemania-paises-bajos-finlandia\/\" target=\"_blank\" rel=\"noreferrer noopener\">S\u00f3lo hubo cortes de luz<\/a> en la parte peninsular de Espa\u00f1a y Portugal y, temporalmente, algunas zonas del Sur de Francia.<\/li>\n\n\n\n<li>En Marruecos no se cort\u00f3 la electricidad porque depende de otra red el\u00e9ctrica y, <a href=\"https:\/\/archive.ph\/wip\/Ij0SM\" target=\"_blank\" rel=\"noreferrer noopener\">seg\u00fan publican medios marroqu\u00edes<\/a>, la Oficina Nacional de Electricidad y Agua Potable de Marruecos (ONEE, por sus siglas en franc\u00e9s) habr\u00eda ayudado con la recuperaci\u00f3n del suministro el\u00e9ctrico en Espa\u00f1a<\/li>\n\n\n\n<li>A pesar de que en Marruecos no se ha ido la luz, la compa\u00f1\u00eda telef\u00f3nica Orange <a href=\"https:\/\/archive.ph\/2J2eF\" target=\"_blank\" rel=\"noreferrer noopener\">inform\u00f3 de problemas con internet<\/a> en la regi\u00f3n por el apag\u00f3n en Espa\u00f1a y Portugal, seg\u00fan informa el peri\u00f3dico <em>Le Desk<\/em>.<\/li>\n\n\n\n<li>A\u00fan no se ha determinado qu\u00e9 provoc\u00f3 el apag\u00f3n, pero el presidente del Consejo Europeo, Ant\u00f3nio Costa ha publicado en <a href=\"https:\/\/archive.ph\/5gy72\" target=\"_blank\" rel=\"noreferrer noopener\">sus redes sociales<\/a> que por el momento \u201cno hay indicios de un ciberataque\u201d<\/li>\n\n\n\n<li>El 29 de abril a las 11:40, Red El\u00e9ctrica ha descartado que la causa del apag\u00f3n haya sido un ciberataque pero Pedro S\u00e1nchez ha declarado que el gobierno quiere hacer una investigaci\u00f3n independiente y que no descarta completamente el ciberataque.<\/li>\n<\/ul>\n\n\n\n<h2 class=\"wp-block-heading\"><strong>El art\u00edculo que suplanta a The Independent, la operaci\u00f3n Matrioska y la desinformaci\u00f3n de que las causas del apag\u00f3n son consecuencia de las sanciones de Europa al Kremlin<\/strong><\/h2>\n\n\n\n<figure class=\"wp-block-image\"><img data-recalc-dims=\"1\" decoding=\"async\" src=\"https:\/\/i0.wp.com\/files.maldita.es\/maldita\/uploads\/2025\/05\/6818c36f7c0fbportada-png.png?w=640&#038;ssl=1\" alt=\"\"\/><\/figure>\n\n\n\n<p>No hab\u00edan pasado <a target=\"_blank\" rel=\"noreferrer noopener\" href=\"https:\/\/maldita.es\/malditobulo\/20250430\/bulos-apagon-peninsula-iberica-en-abril-de-2025\/\">ni 48 horas del apag\u00f3n el\u00e9ctrico<\/a> generalizado en la pen\u00ednsula ib\u00e9rica cuando la maquinaria de desinformaci\u00f3n rusa puso en marcha una nueva campa\u00f1a. En esta ocasi\u00f3n, <strong>atribuyendo el apag\u00f3n a las <\/strong><a target=\"_blank\" rel=\"noreferrer noopener\" href=\"https:\/\/www.consilium.europa.eu\/es\/policies\/sanctions-against-russia\/\"><strong>sanciones interpuestas<\/strong><\/a><strong> por la Uni\u00f3n Europea a Rusia<\/strong>, tras el inicio de la invasi\u00f3n de Ucrania en 2022.&nbsp;<\/p>\n\n\n\n<p>La campa\u00f1a desinformativa, que empez\u00f3 en Telegram, <strong>falsific\u00f3 un art\u00edculo<\/strong> del diario brit\u00e1nico <a target=\"_blank\" rel=\"noreferrer noopener\" href=\"https:\/\/www.independent.co.uk\/\">The Independent<\/a> con un titular que dec\u00eda: \u201cApag\u00f3n masivo en Espa\u00f1a-Portugal en directo: consecuencia de las acciones europeas contra Rusia\u201d. Siempre se comparte la misma captura del falso art\u00edculo con 269 comentarios.<\/p>\n\n\n\n<p>Tambi\u00e9n ha circulado en plataformas como X <a target=\"_blank\" rel=\"noreferrer noopener\" href=\"https:\/\/archive.li\/4dv9G\">un v\u00eddeo falsificado suplantando<\/a> a la cadena francesa <a target=\"_blank\" rel=\"noreferrer noopener\" href=\"https:\/\/www.france24.com\/es\/\">France 24<\/a> con afirmaciones similares. En este caso, tambi\u00e9n ha sido compartido por bots de la denominada <a target=\"_blank\" rel=\"noreferrer noopener\" href=\"https:\/\/www.sgdsn.gouv.fr\/files\/files\/20240611_NP_SGDSN_VIGINUM_Matriochka_EN_VF.pdf\">Operaci\u00f3n Matrioska<\/a>, mu\u00f1eca rusa en su traducci\u00f3n, que tiene <strong>como objetivo principal publicar contenido falso que posteriormente se comparte de forma coordinada en X<\/strong>, pidiendo a medios de comunicaci\u00f3n y fact-checkers verificar contenido. Atribuida a Rusia, fue <a target=\"_blank\" rel=\"noreferrer noopener\" href=\"https:\/\/factuel.afp.com\/doc.afp.com.34H32VP\">descubierta<\/a> en enero de 2024 por AFP Factuel y el<a target=\"_blank\" rel=\"noreferrer noopener\" href=\"https:\/\/x.com\/antibot4navalny?ref_src=twsrc%5Egoogle%7Ctwcamp%5Eserp%7Ctwgr%5Eauthor\"> colectivo Antibot4Navalny<\/a>.<\/p>\n\n\n\n<p><strong>Pero no hay constancia de que The Independent o France 24 <\/strong><a target=\"_blank\" rel=\"noreferrer noopener\" href=\"https:\/\/maldita.es\/malditobulo\/20250505\/articulo-suplanta-independent-matrioska-apagon\/\"><strong>hayan publicado este contenido<\/strong><\/a>. Tampoco de que el apag\u00f3n el\u00e9ctrico generalizado del pasado 28 de abril sea consecuencia o tenga relaci\u00f3n con las sanciones de la Uni\u00f3n Europea a Rusia. <strong>A 5 de mayo de 2025, Red El\u00e9ctrica Espa\u00f1ola (REE) no ha comunicado a\u00fan las causas del apag\u00f3n ib\u00e9rico.&nbsp; hayan publicado este contenido<\/strong>. Tampoco de que el apag\u00f3n el\u00e9ctrico generalizado del pasado 28 de abril sea consecuencia o tenga relaci\u00f3n con las sanciones de la Uni\u00f3n Europea a Rusia. <strong>A 5 de mayo de 2025, Red El\u00e9ctrica Espa\u00f1ola (REE) no ha comunicado a\u00fan las causas del apag\u00f3n ib\u00e9rico.&nbsp;<\/strong><\/p>\n\n\n\n<h2 class=\"wp-block-heading\">Qu\u00e9 sabemos sobre que el apag\u00f3n se haya producido en Alemania, Francia, Finlandia, Pa\u00edses Bajos, adem\u00e1s de Espa\u00f1a y Portugal peninsulares<\/h2>\n\n\n\n<figure class=\"wp-block-image\"><img data-recalc-dims=\"1\" decoding=\"async\" src=\"https:\/\/i0.wp.com\/files.maldita.es\/maldita\/uploads\/2025\/04\/6810bc4255280file-png.png?w=640&#038;ssl=1\" alt=\"\"\/><\/figure>\n\n\n\n<p>Mensajes comparten que el apag\u00f3n que afect\u00f3 a la pen\u00ednsula ib\u00e9rica tambi\u00e9n se produjo \u201ca la vez\u201d en Alemania, Francia, Finlandia y Pa\u00edses Bajos. Algunos puntos del sur de Francia estuvieron sin luz <a target=\"_blank\" rel=\"noreferrer noopener\" href=\"https:\/\/maldita.es\/clima\/20250428\/apagon-francia-alemania-paises-bajos-finlandia\/\">hasta las 13.30h<\/a>. <strong>Ninguno de los operadores de electricidad del resto de pa\u00edses citados reportaron problemas de luz<\/strong>.<\/p>\n\n\n\n<h2 class=\"wp-block-heading\">No, el apag\u00f3n no ha sido causado por un incendio entre Perpi\u00f1\u00e1n y Narbona (sur de Francia)<\/h2>\n\n\n\n<figure class=\"wp-block-image\"><img data-recalc-dims=\"1\" decoding=\"async\" src=\"https:\/\/i0.wp.com\/files.maldita.es\/maldita\/uploads\/2025\/04\/6810bc3b1d361file-png.png?w=640&#038;ssl=1\" alt=\"\"\/><\/figure>\n\n\n\n<p>Algunos contenidos aseguran que el apag\u00f3n fue por un incendio entre Narbona y Perpi\u00f1\u00e1n (Francia) \u201cque da\u00f1\u00f3 una l\u00ednea de alta tensi\u00f3n crucial\u201d. Es un <a target=\"_blank\" rel=\"noreferrer noopener\" href=\"https:\/\/maldita.es\/malditobulo\/20250429\/apagon-incendio-perpinan-narbona-francia\/\"><strong>bulo<\/strong><\/a>. El operador franc\u00e9s de la red el\u00e9ctrica de alta tensi\u00f3n, RTE, ha asegurado que <strong>\u201cno se ha reportado ning\u00fan incendio entre Narbona y Perpi\u00f1\u00e1n\u201d<\/strong> y lo cataloga de \u201cinformaci\u00f3n falsa\u201d Redes El\u00e9ctricas Nacionais (REN), entidad encargada de suministrar electricidad y gas natural en Portugal, ha afirmado a Verificat que el incendio entre Perpi\u00f1\u00e1n y Narbona es \u201cuna historia antigua\u201d.<\/p>\n\n\n\n<h2 class=\"wp-block-heading\">El v\u00eddeo de Pedro S\u00e1nchez y el gran apag\u00f3n: es de 2022 y habla sobre medidas de ahorro energ\u00e9tico para ayudar con el suministro de gas debido a la invasi\u00f3n rusa de Ucrania<\/h2>\n\n\n\n<figure class=\"wp-block-image\"><img data-recalc-dims=\"1\" decoding=\"async\" src=\"https:\/\/i0.wp.com\/files.maldita.es\/maldita\/uploads\/2025\/04\/68121ea0375f3pedro-sanchez-apagones-webp.webp?w=640&#038;ssl=1\" alt=\"\"\/><\/figure>\n\n\n\n<p>Circula un v\u00eddeo donde se ve a <strong>Pedro S\u00e1nchez<\/strong>, presidente del Gobierno de Espa\u00f1a, decir que \u201c<strong>no va a haber ni apagones de electricidad<\/strong>, ni razonamiento de bombonas de butano, ni ninguna de esas escenas apocal\u00edpticas\u201d. El v\u00eddeo se ha vuelto viral en el contexto del apag\u00f3n que sufri\u00f3 Espa\u00f1a este 28 de abril de 2025 y circula con mensajes como \u201cPedro S\u00e1nchez tambi\u00e9n nos contaba que el gran apag\u00f3n era un bulo\u201d. <a target=\"_blank\" rel=\"noreferrer noopener\" href=\"https:\/\/maldita.es\/malditobulo\/20250430\/video-pedro%20sanchez-apagon-espana\/\"><strong>Se trata de un v\u00eddeo de 2022<\/strong><\/a>en el que hablaba sobre medidas para el ahorro energ\u00e9tico y la mejora de la eficiencia energ\u00e9tica en el pa\u00eds en el contexto de un <strong>posible corte de gas ruso en Europa tras la invasi\u00f3n rusa de Ucrania.<\/strong><\/p>\n\n\n\n<h2 class=\"wp-block-heading\">Diferencias entre el apag\u00f3n de 2025 y el \u00abgran apag\u00f3n\u00bb del que se hablaba en 2022<\/h2>\n\n\n\n<figure class=\"wp-block-image\"><img data-recalc-dims=\"1\" decoding=\"async\" src=\"https:\/\/i0.wp.com\/files.maldita.es\/maldita\/uploads\/2025\/04\/68122b9e93da8pedro-sanchez-apagon-webp.webp?w=640&#038;ssl=1\" alt=\"\"\/><\/figure>\n\n\n\n<p>Tras el apag\u00f3n el\u00e9ctrico en la pen\u00ednsula ib\u00e9rica en abril de 2025, varios contenidos dicen que se avis\u00f3 de <a target=\"_blank\" rel=\"noreferrer noopener\" href=\"https:\/\/maldita.es\/clima\/20250430\/gran-apagon-2025-2022-diferencias\/\"><strong>posibles \u201cgrandes apagones\u201d con a\u00f1os de antelaci\u00f3n<\/strong><\/a>. <strong>En 2022<\/strong> se advirti\u00f3 de posibles cortes tras la <strong>invasi\u00f3n rusa de Ucrania por exceso de demanda<\/strong>, pero en los minutos antes del apag\u00f3n de 2025, Espa\u00f1a ten\u00eda poca demanda y un super\u00e1vit de electricidad que exportaba a otros pa\u00edses.<\/p>\n\n\n\n<h2 class=\"wp-block-heading\">El bulo de las muertes en el Hospital de Toledo por la falta de suministro el\u00e9ctrico durante el apag\u00f3n<\/h2>\n\n\n\n<figure class=\"wp-block-image\"><img data-recalc-dims=\"1\" decoding=\"async\" src=\"https:\/\/i0.wp.com\/files.maldita.es\/maldita\/uploads\/2025\/04\/68122b21dec84hospital-apagon-jpg.jpg?w=640&#038;ssl=1\" alt=\"\"\/><\/figure>\n\n\n\n<p>Circula una cadena que dice que en el<strong> Hospital de Toledo hubo varias muertes<\/strong> causadas por la falta de suministro el\u00e9ctrico durante el apag\u00f3n del 28 de abril de 2025. Se afirma que ha sido denunciado por \u201cpersonal del hospital\u201d.<a target=\"_blank\" rel=\"noreferrer noopener\" href=\"https:\/\/maldita.es\/malditobulo\/20250430\/hospital-toledo-muertes-suministro-apagon-28-abril\/\"> <strong>Es un bulo<\/strong><\/a>. Desde el hospital dicen a <a target=\"_blank\" rel=\"noreferrer noopener\" href=\"https:\/\/Maldita.es\"><em>Maldita.es<\/em><\/a> que es \u201ctotalmente falso\u201d. Adem\u00e1s, no hay ning\u00fan reporte o registro en medios o canales oficiales que pudieran dar cuenta de esas supuestas muertes ni de las supuestas denuncias. Otra versi\u00f3n del contenido se difunde con el mismo texto, pero cambiando \u201cToledo\u201d por \u201c<strong>Albacete<\/strong>\u201d.<\/p>\n\n\n\n<h2 class=\"wp-block-heading\">Los supuestos saqueos en Madrid y Barcelona por el apag\u00f3n: los Mossos d\u2019Esquadra y el Ministerio del Interior dicen que no hubo \u201cincidentes destacables\u201d<\/h2>\n\n\n\n<figure class=\"wp-block-image\"><img data-recalc-dims=\"1\" decoding=\"async\" src=\"https:\/\/i0.wp.com\/files.maldita.es\/maldita\/uploads\/2025\/04\/6810d8542ca6dscreenshot-2025-04-29-at-15-46-47-interior-y-los-mossos-no-reportan-incidentes-destacables-por-saqueos-tras-el-apagon-maldita-es-periodismo-para-que-no-te-la-cuelen-png.png?w=640&#038;ssl=1\" alt=\"\"\/><\/figure>\n\n\n\n<p><strong>Qu\u00e9 circula: <\/strong>mensajes que aseguran que en Madrid y Barcelona se iban a producir saqueos durante la noche del 28 de abril a ra\u00edz del apag\u00f3n el\u00e9ctrico generalizado.&nbsp;<\/p>\n\n\n\n<p><a target=\"_blank\" rel=\"noreferrer noopener\" href=\"https:\/\/maldita.es\/malditobulo\/20250429\/apagon-saqueos-madrid-barcelona\/\"><strong>Verificaci\u00f3n<\/strong><\/a><strong>: <\/strong>Mossos d\u2019Esquadra ha asegurado a <a target=\"_blank\" rel=\"noreferrer noopener\" href=\"https:\/\/Maldita.es\"><em>Maldita.es<\/em><\/a> que en Barcelona no tuvieron \u201c<strong>nada relevante ni nada destacable relacionado con el apag\u00f3n\u201d<\/strong>. A\u00f1aden que s\u00ed registraron alg\u00fan hurto pero<strong> \u201cnada fuera de lo normal\u201d. <\/strong>El Ministerio del Interior ha publicado en sus redes que la noche del apag\u00f3n fue \u201ctranquila y<strong> sin incidentes destacables de seguridad ni de orden p\u00fablico<\/strong>\u201d.<\/p>\n\n\n\n<h2 class=\"wp-block-heading\">El \u00abfen\u00f3meno atmosf\u00e9rico raro\u00bb como causa del apag\u00f3n en la pen\u00ednsula ib\u00e9rica: la el\u00e9ctrica portuguesa niega haberlo afirmado y Reuters lo ha borrado<\/h2>\n\n\n\n<figure class=\"wp-block-image\"><img data-recalc-dims=\"1\" decoding=\"async\" src=\"https:\/\/i0.wp.com\/files.maldita.es\/maldita\/uploads\/2025\/04\/6810bc347221dfile-png.png?w=640&#038;ssl=1\" alt=\"\"\/><\/figure>\n\n\n\n<p>Circulan contenidos que dicen que seg\u00fan REN, el operador energ\u00e9tico portugu\u00e9s, el apag\u00f3n del 28 de abril de 2025 en toda la pen\u00ednsula ib\u00e9rica se origin\u00f3 por un \u201cfen\u00f3meno atmosf\u00e9rico raro\u201d. <a target=\"_blank\" rel=\"noreferrer noopener\" href=\"https:\/\/maldita.es\/malditobulo\/20250429\/apagon-fenomeno-atmosferico-raro-portugal-reuters-ren\/\"><strong>Es un bulo<\/strong><\/a>. La afirmaci\u00f3n apunta a una publicaci\u00f3n de la agencia Reuters citando a REN. El operador portugu\u00e9s niega haber hecho esas declaraciones, y dicen no haber siquiera hablado con Reuters. Reuters ya ha eliminado la publicaci\u00f3n y toda referencia a la supuesta cita.<\/p>\n\n\n\n<h2 class=\"wp-block-heading\">No, el Gobierno de Espa\u00f1a no ha dicho que el apag\u00f3n del 28 de abril de 2025 en la pen\u00ednsula ib\u00e9rica fuera ocasionado por una \u201cvibraci\u00f3n atmosf\u00e9rica inducida\u201d<\/h2>\n\n\n\n<figure class=\"wp-block-image\"><img data-recalc-dims=\"1\" decoding=\"async\" src=\"https:\/\/i0.wp.com\/files.maldita.es\/maldita\/uploads\/2025\/04\/6810bc382fc6bfile-png.png?w=640&#038;ssl=1\" alt=\"\"\/><\/figure>\n\n\n\n<p>Alvise P\u00e9rez public\u00f3 que el Gobierno espa\u00f1ol dijo que la causa del apag\u00f3n del 28 de abril de 2025 fue una \u201cvibraci\u00f3n atmosf\u00e9rica inducida\u201d. <a target=\"_blank\" rel=\"noreferrer noopener\" href=\"https:\/\/maldita.es\/malditobulo\/20250429\/vibracion-atmosferica-inducida-apagon-espana-gobierno\/\"><strong>Es un bulo<\/strong><\/a>. El Gobierno no ha declarado tal cosa. A las 10:45 del 29 de abril de 2025 no han confirmado oficialmente la causa del apag\u00f3n. La Agencia Estatal de Meteorolog\u00eda (AEMET) inform\u00f3 que el 28 de abril de 2025 no se detect\u00f3 en Espa\u00f1a \u201cning\u00fan fen\u00f3meno meteorol\u00f3gico o atmosf\u00e9rico inusual\u201d.<\/p>\n\n\n\n<h2 class=\"wp-block-heading\">Cuidado con esta imagen de la pen\u00ednsula ib\u00e9rica: en el apag\u00f3n NO se fue la luz en Baleares<\/h2>\n\n\n\n<figure class=\"wp-block-image\"><img data-recalc-dims=\"1\" decoding=\"async\" src=\"https:\/\/i0.wp.com\/files.maldita.es\/maldita\/uploads\/2025\/04\/681203bc79f38apagon-baleares-webp.webp?w=640&#038;ssl=1\" alt=\"\"\/><\/figure>\n\n\n\n<p><br \/>Circula una imagen donde se ve el <strong>mapa de Espa\u00f1a v\u00eda sat\u00e9lite de noche sin iluminaci\u00f3n<\/strong> en el contexto del apag\u00f3n que se produjo el pasado 28 de abril. <a target=\"_blank\" rel=\"noreferrer noopener\" href=\"https:\/\/maldita.es\/malditobulo\/20250430\/islas-baleares-apagon-red-electrica\/\">Se trata de una imagen que circula <strong>sin fuente de procedencia<\/strong><\/a>. Las<strong> Islas Baleares<\/strong> no fueron afectados por el apag\u00f3n debido a que tienen red el\u00e9ctrica separada. Adem\u00e1s, las im\u00e1genes de la <strong>NASA <\/strong>de las noches del 27 al 29 de abril muestran la recuperaci\u00f3n de electricidad en el pa\u00eds. En ning\u00fan momento se ve a Espa\u00f1a completamente a oscuras.<\/p>\n\n\n\n<h2 class=\"wp-block-heading\">No, este v\u00eddeo no muestra la demolici\u00f3n de una central nuclear: es la central t\u00e9rmica de La Robla (Le\u00f3n) que se cerr\u00f3 en 2020<\/h2>\n\n\n\n<figure class=\"wp-block-image\"><img data-recalc-dims=\"1\" decoding=\"async\" src=\"https:\/\/i0.wp.com\/files.maldita.es\/maldita\/uploads\/2025\/04\/6810bc3c4f857file-png.png?w=640&#038;ssl=1\" alt=\"\"\/><\/figure>\n\n\n\n<p>Circula un v\u00eddeo en el que un operario celebra la demolici\u00f3n, supuestamente, de una central nuclear. <strong>Es un bulo<\/strong>. Se trata de una <a target=\"_blank\" rel=\"noreferrer noopener\" href=\"https:\/\/maldita.es\/clima\/20250429\/central-nuclear-destruccion-apagon-izquierda\/\">central t\u00e9rmica de carb\u00f3n en La Robla<\/a> (Le\u00f3n) que Naturgy demoli\u00f3 en mayo de 2022. La central se encontraba cerrada desde junio de 2020 debido a una directiva europea que obligaba a clausurarla al no haber realizado mejoras medioambientales.<\/p>\n\n\n\n<h2 class=\"wp-block-heading\">El supuesto ciberataque a 200.000 cuentas bancarias europeas durante el apag\u00f3n: Comisi\u00f3n Europea y Banco Central afirman que no tienen constancia<\/h2>\n\n\n\n<figure class=\"wp-block-image\"><img data-recalc-dims=\"1\" decoding=\"async\" src=\"https:\/\/i0.wp.com\/files.maldita.es\/maldita\/uploads\/2025\/04\/6812030a23a65ciberataque-cuentas-bancarias-europa-jpg.jpg?w=640&#038;ssl=1\" alt=\"\"\/><\/figure>\n\n\n\n<p>Circula un texto que afirma que el 28 de abril, coincidiendo con el apag\u00f3n el\u00e9ctrico de Espa\u00f1a y Portugal, hubo un ciberataque que afect\u00f3 a las cuentas bancarias de miles de europeos. <a target=\"_blank\" rel=\"noreferrer noopener\" href=\"https:\/\/maldita.es\/malditobulo\/20250430\/ciberataque-cuentas-bancarias-europa\/\">El contenido <strong>no aporta ninguna prueba<\/strong><\/a> y no hay referencias al supuesto ciberataque en fuentes oficiales. Desde la <strong>Comisi\u00f3n Europea<\/strong> y el <strong>Banco Central Europeo<\/strong> (BCE) afirman a <a target=\"_blank\" rel=\"noreferrer noopener\" href=\"https:\/\/Maldita.es\"><em>Maldita.es<\/em><\/a> que es \u201cfalso\u201d y que no hay ninguna constancia de ello.<\/p>\n\n\n\n<h2 class=\"wp-block-heading\">El v\u00eddeo de Los Simpson que habla de \u201cuna prueba global de desconexi\u00f3n\u201d el 28 de abril: la cuenta publica predicciones de cat\u00e1strofes para fechas aleatorias<\/h2>\n\n\n\n<figure class=\"wp-block-image\"><img data-recalc-dims=\"1\" decoding=\"async\" src=\"https:\/\/i0.wp.com\/files.maldita.es\/maldita\/uploads\/2025\/04\/6810bc40653effile-png.png?w=640&#038;ssl=1\" alt=\"\"\/><\/figure>\n\n\n\n<p>Se ha viralizado en TikTok un v\u00eddeo que vaticinaba \u201cuna prueba global de desconexi\u00f3n parcial\u201d para el 28 de abril de 2025, el d\u00eda que sucedi\u00f3 un apag\u00f3n en Espa\u00f1a, Portugal y el sur de Francia. <a target=\"_blank\" rel=\"noreferrer noopener\" href=\"https:\/\/maldita.es\/malditobulo\/20250429\/video-viral-tiktok-simpson-apagon\/\">La \u201cpredicci\u00f3n\u201d<\/a> no habla de un apag\u00f3n el\u00e9ctrico en Espa\u00f1a y Portugal, sino de una <strong>\u201cprueba global de desconexi\u00f3n parcial\u201d<\/strong>. El apag\u00f3n s\u00f3lo afect\u00f3 a Espa\u00f1a, Portugal y algunas zonas del sur de Francia. La cuenta que ha publicado este contenido se dedica a publicar <strong>predicciones catastr\u00f3ficas para fechas aleatorias<\/strong>, que justifica en supuestos vaticinios del programa de televisi\u00f3n Los Simpson. Por ejemplo, el perfil advirti\u00f3 de varios eventos catastr\u00f3ficos que no sucedieron, como la erupci\u00f3n catastr\u00f3fica de un volc\u00e1n submarino el 5 de marzo, una cuarentena global para finales de ese mismo mes y un temblor global el 20 de abril.<\/p>\n\n\n\n<h2 class=\"wp-block-heading\">\u00bfApag\u00f3n por cibertaque? Red El\u00e9ctrica lo descarta y el Gobierno solicita una investigaci\u00f3n independiente<\/h2>\n\n\n\n<figure class=\"wp-block-image\"><img data-recalc-dims=\"1\" decoding=\"async\" src=\"https:\/\/i0.wp.com\/files.maldita.es\/maldita\/uploads\/2025\/04\/6810bc41d9420file-png.png?w=640&#038;ssl=1\" alt=\"\"\/><\/figure>\n\n\n\n<p>Desde las primeras horas del apag\u00f3n del 28 de abril en la pen\u00ednsula ib\u00e9rica han circulado contenidos que apuntaban a que <a target=\"_blank\" rel=\"noreferrer noopener\" href=\"https:\/\/maldita.es\/malditobulo\/20250429\/que-sabemos-sobre-que-la-causa-del-apagon-sea-un-posible-ciberataque\/\">la causa era un ciberataque<\/a>. El director de operaciones de Red El\u00e9ctrica, Eduardo Prieto, afirm\u00f3 este 29 de abril: \u00abCon los an\u00e1lisis que hemos podido realizar hasta este momento, podemos descartar un incidente de ciberseguridad en las instalaciones de Red El\u00e9ctrica\u00bb.<\/p>\n\n\n\n<h2 class=\"wp-block-heading\">No, esta mujer con gafas oscuras y la bandera de Espa\u00f1a no grita durante el apag\u00f3n del 28 de abril de 2025: es un v\u00eddeo de 2023<\/h2>\n\n\n\n<figure class=\"wp-block-image\"><img data-recalc-dims=\"1\" decoding=\"async\" src=\"https:\/\/i0.wp.com\/files.maldita.es\/maldita\/uploads\/images\/2025\/04\/6810e400048cdportadas-2025-04-29t162003-419-png.png?w=640&#038;ssl=1\" alt=\"\"\/><\/figure>\n\n\n\n<p><strong>Lo que circula: <\/strong>un v\u00eddeo en el que se ve a una mujer con gafas oscuras y la bandera de Espa\u00f1a gritando en plena Pla\u00e7a Sant Jaume de Barcelona. Lo acompa\u00f1an mensajes como \u201cUna mujer sufri\u00f3 una crisis de nervios en plena v\u00eda p\u00fablica tras el apag\u00f3n masivo que afect\u00f3 a gran parte de la ciudad\u201d que dicen que es durante el <a target=\"_blank\" rel=\"noreferrer noopener\" href=\"https:\/\/maldita.es\/tag\/apagon-28-de-abril\">apag\u00f3n que afect\u00f3 a toda la pen\u00ednsula ib\u00e9rica el 28 de abril de 2025<\/a> y que esa habr\u00eda sido su reacci\u00f3n.<\/p>\n\n\n\n<p><a target=\"_blank\" rel=\"noreferrer noopener\" href=\"https:\/\/maldita.es\/malditobulo\/20250429\/video-mujer-bandera-espana-gritos-apagon-amnistia\/\"><strong>Verificaci\u00f3n:<\/strong> es un bulo<\/a>. <a target=\"_blank\" rel=\"noreferrer noopener\" href=\"https:\/\/archive.ph\/MxcHP\">El v\u00eddeo es de 2023<\/a>, durante una manifestaci\u00f3n en contra de la amnist\u00eda para los l\u00edderes pol\u00edticos catalanes apresados. No tiene ninguna relaci\u00f3n con el apag\u00f3n.<\/p>\n\n\n\n<h2 class=\"wp-block-heading\">No, BBVA no te ha enviado un SMS diciendo que reactives tu tarjeta tras la ca\u00edda del sistema por el apag\u00f3n: es un timo<\/h2>\n\n\n\n<figure class=\"wp-block-image\"><img data-recalc-dims=\"1\" decoding=\"async\" src=\"https:\/\/i0.wp.com\/files.maldita.es\/maldita\/uploads\/2025\/04\/68122c75c4c96sms-bbva-apagon-webp.webp?w=640&#038;ssl=1\" alt=\"\"\/><\/figure>\n\n\n\n<p>Un <strong>SMS<\/strong>, supuestamente de <strong>BBVA<\/strong>, te avisa de que \u201cdebido a la <strong>ca\u00edda del sistema<\/strong>\u201d se ha procedido a desactivar tu tarjeta. <a target=\"_blank\" rel=\"noreferrer noopener\" href=\"https:\/\/maldita.es\/timo\/20250430\/bbva-sms-caida-sistema-apagon\/\"><strong>Es un timo<\/strong><\/a>. Los <a target=\"_blank\" rel=\"noreferrer noopener\" href=\"https:\/\/x.com\/mossos\/status\/1917299076850237668?t=Rge6tYDbVGTh3UCtUV4ENg&amp;s=35\"><strong>Mossos d&#8217;Esquadra<\/strong><\/a> han alertado sobre esta \u201cestafa\u201d que se ha difundido tras el apag\u00f3n. BBVA, en respuesta a usuarios a trav\u00e9s de X, afirma que se trata de un mensaje fraudulento y recuerda que <strong>el banco no env\u00eda SMS con enlaces<\/strong>.<\/p>\n\n\n\n<h2 class=\"wp-block-heading\">Qu\u00e9 sabemos sobre si la torre del aeropuerto de la base naval de Rota la desconectaron 20 minutos antes del apag\u00f3n: Defensa niega dejase de funcionar en ning\u00fan momento y aterrizaron helic\u00f3pteros durante el apag\u00f3n<\/h2>\n\n\n\n<figure class=\"wp-block-image\"><img data-recalc-dims=\"1\" decoding=\"async\" src=\"https:\/\/i0.wp.com\/files.maldita.es\/maldita\/uploads\/2025\/05\/681a0e8ec8b0frotapagon-webp.webp?w=640&#038;ssl=1\" alt=\"\"\/><\/figure>\n\n\n\n<p>Se difunde que la torre del aeropuerto de la base naval de <strong>Rota <\/strong>(C\u00e1diz) la desconectaron a prop\u00f3sito <strong>20 minutos antes del apag\u00f3n<\/strong> en la pen\u00ednsula ib\u00e9rica del 28 de abril de 2025 y que ese d\u00eda no hubo aterrizajes. <a target=\"_blank\" rel=\"noreferrer noopener\" href=\"https:\/\/maldita.es\/clima\/20250506\/torre-aeropuerto-base-rota-apagon\/\">El Ministerio de Defensa niega<\/a> que la torre dejase de funcionar en ning\u00fan momento el d\u00eda del apag\u00f3n y asegura que \u201cfuncionaron todos los equipos\u201d. Hubo <strong>ocho aterrizajes en la base de Rota el d\u00eda 28 de abril <\/strong>de 2025, tres tras el apag\u00f3n y uno cuatro minutos antes, seg\u00fan webs que rastrean los vuelos en tiempo real.<\/p>\n","protected":false},"excerpt":{"rendered":"<p>El 28 de abril de 2025, toda la pen\u00ednsula ib\u00e9rica sufri\u00f3 un apag\u00f3n el\u00e9ctrico generalizado&#8230;.<\/p>\n","protected":false},"author":1,"featured_media":76668,"comment_status":"closed","ping_status":"closed","sticky":false,"template":"","format":"standard","meta":{"_coblocks_attr":"","_coblocks_dimensions":"","_coblocks_responsive_height":"","_coblocks_accordion_ie_support":"","jetpack_post_was_ever_published":false,"_jetpack_newsletter_access":"","_jetpack_dont_email_post_to_subs":false,"_jetpack_newsletter_tier_id":0,"_jetpack_memberships_contains_paywalled_content":false,"_jetpack_memberships_contains_paid_content":false,"footnotes":"","jetpack_publicize_message":"","jetpack_publicize_feature_enabled":true,"jetpack_social_post_already_shared":true,"jetpack_social_options":{"image_generator_settings":{"template":"highway","default_image_id":0,"enabled":false},"version":2}},"categories":[1161,10798,44,6937],"tags":[],"class_list":["post-76667","post","type-post","status-publish","format-standard","has-post-thumbnail","hentry","category-ciudadania","category-fraude","category-noticias-de-hoy","category-sociedad"],"jetpack_publicize_connections":[],"jetpack_featured_media_url":"https:\/\/i0.wp.com\/miradordeatarfe.es\/wp-content\/uploads\/2025\/05\/6810bc485196arecopapagon-webp.webp?fit=1600%2C675&ssl=1","jetpack_likes_enabled":true,"jetpack_sharing_enabled":true,"_links":{"self":[{"href":"https:\/\/miradordeatarfe.es\/index.php?rest_route=\/wp\/v2\/posts\/76667","targetHints":{"allow":["GET"]}}],"collection":[{"href":"https:\/\/miradordeatarfe.es\/index.php?rest_route=\/wp\/v2\/posts"}],"about":[{"href":"https:\/\/miradordeatarfe.es\/index.php?rest_route=\/wp\/v2\/types\/post"}],"author":[{"embeddable":true,"href":"https:\/\/miradordeatarfe.es\/index.php?rest_route=\/wp\/v2\/users\/1"}],"replies":[{"embeddable":true,"href":"https:\/\/miradordeatarfe.es\/index.php?rest_route=%2Fwp%2Fv2%2Fcomments&post=76667"}],"version-history":[{"count":1,"href":"https:\/\/miradordeatarfe.es\/index.php?rest_route=\/wp\/v2\/posts\/76667\/revisions"}],"predecessor-version":[{"id":76669,"href":"https:\/\/miradordeatarfe.es\/index.php?rest_route=\/wp\/v2\/posts\/76667\/revisions\/76669"}],"wp:featuredmedia":[{"embeddable":true,"href":"https:\/\/miradordeatarfe.es\/index.php?rest_route=\/wp\/v2\/media\/76668"}],"wp:attachment":[{"href":"https:\/\/miradordeatarfe.es\/index.php?rest_route=%2Fwp%2Fv2%2Fmedia&parent=76667"}],"wp:term":[{"taxonomy":"category","embeddable":true,"href":"https:\/\/miradordeatarfe.es\/index.php?rest_route=%2Fwp%2Fv2%2Fcategories&post=76667"},{"taxonomy":"post_tag","embeddable":true,"href":"https:\/\/miradordeatarfe.es\/index.php?rest_route=%2Fwp%2Fv2%2Ftags&post=76667"}],"curies":[{"name":"wp","href":"https:\/\/api.w.org\/{rel}","templated":true}]}}