{"id":76677,"date":"2025-05-08T11:19:00","date_gmt":"2025-05-08T09:19:00","guid":{"rendered":"https:\/\/miradordeatarfe.es\/?p=76677"},"modified":"2025-05-07T15:16:09","modified_gmt":"2025-05-07T13:16:09","slug":"ayuso-presidenta-por-juan-de-dios-villanueva-roa","status":"publish","type":"post","link":"https:\/\/miradordeatarfe.es\/?p=76677","title":{"rendered":"\u00abAyuso presidenta\u00bb por Juan de Dios Villanueva Roa"},"content":{"rendered":"\n<p><strong>Dice la derecha y ultraderecha que Pedro S\u00e1nchez tiene que irse. As\u00ed lo proclam\u00f3 Miguel Tellado el d\u00eda siguiente a que S\u00e1nchez tomara posesi\u00f3n como Presidente del gobierno mientras Ayuso manifestaba su gusto por la fruta. <\/strong><\/p>\n\n\n\n<p>El presidente del PP declaraba la guerra por tierra, mar, aire y redes sociales. Ha habido una pandemia, ha erupcionado un volc\u00e1n, Valencia ha sufrido una cat\u00e1strofe, Madrid fue sepultada por Filomena, se cay\u00f3 la red el\u00e9ctrica, Rusia destruye Ucrania, Israel arrasa a los palestinos, en tierra de Jes\u00fas. As\u00ed, de frente y sin sedaci\u00f3n, los espa\u00f1oles, con Pedro S\u00e1nchez, hemos vivido todas esas calamidades, unos m\u00e1s que otros, y unos m\u00e1s que otros han aprendido lo que es sufrir en las propias carnes los desastres naturales, artificiales y sobrevenidos \u2013ignoro c\u00f3mo habr\u00eda reaccionado Feij\u00f3o al mando, no lo sabr\u00e9 nunca\u2013.<\/p>\n\n\n\n<p>Entre tanto, la oposici\u00f3n ha seguido su hoja de ruta destructiva contra el gobierno \u2013mientras peor, mejor\u2013, denunciando al presidente y allegados, aclamando la imperiosa necesidad de que S\u00e1nchez dimita. No le ha servido que este pa\u00eds est\u00e9 a la cabeza del crecimiento econ\u00f3mico y que la tasa de paro haya bajado a \u00edndices de hace lustros, varios. No, hay que seguir el camino de hacer presidente al presidente del PP, vayamos a que caiga y entonces tome el mando Ayuso, la dama del oso y del madro\u00f1o que persigue la candidatura a presidenta del gobierno de Espa\u00f1a en silencio, discreci\u00f3n, limpieza, diplomacia\u2026, gan\u00e1ndose la admiraci\u00f3n de los de allende las fronteras madrile\u00f1as. Todo puede ser, Aznar manda y Feij\u00f3o solo es tr\u00e1nsito para Ayuso, porque tal vez con VOX no le d\u00e9 nuevamente.<\/p>\n\n\n\n<p>foto: <a href=\"https:\/\/www.youtube.com\/watch?v=g-OtFp0MOcw\">https:\/\/www.youtube.com\/watch?v=g-OtFp0MOcw<\/a><\/p>\n\n\n\n<p><a href=\"https:\/\/www.ideal.es\/opinion\/juan-de-dios-villanueva-roa-ayuso-presidenta-20250507232545-nt.html?\">https:\/\/www.ideal.es\/opinion\/juan-de-dios-villanueva-roa-ayuso-presidenta-20250507232545-nt.html?<\/a><\/p>\n","protected":false},"excerpt":{"rendered":"<p>Dice la derecha y ultraderecha que Pedro S\u00e1nchez tiene que irse. As\u00ed lo proclam\u00f3 Miguel&#8230;<\/p>\n","protected":false},"author":1,"featured_media":76678,"comment_status":"closed","ping_status":"closed","sticky":false,"template":"","format":"standard","meta":{"_coblocks_attr":"","_coblocks_dimensions":"","_coblocks_responsive_height":"","_coblocks_accordion_ie_support":"","jetpack_post_was_ever_published":false,"_jetpack_newsletter_access":"","_jetpack_dont_email_post_to_subs":false,"_jetpack_newsletter_tier_id":0,"_jetpack_memberships_contains_paywalled_content":false,"_jetpack_memberships_contains_paid_content":false,"footnotes":"","jetpack_publicize_message":"","jetpack_publicize_feature_enabled":true,"jetpack_social_post_already_shared":true,"jetpack_social_options":{"image_generator_settings":{"template":"highway","default_image_id":0,"enabled":false},"version":2}},"categories":[1161,9772,44,7671],"tags":[],"class_list":["post-76677","post","type-post","status-publish","format-standard","has-post-thumbnail","hentry","category-ciudadania","category-opinion-de-juan-de-dios-villanueva","category-noticias-de-hoy","category-politica"],"jetpack_publicize_connections":[],"jetpack_featured_media_url":"https:\/\/i0.wp.com\/miradordeatarfe.es\/wp-content\/uploads\/2025\/05\/th.jpeg?fit=320%2C180&ssl=1","jetpack_likes_enabled":true,"jetpack_sharing_enabled":true,"_links":{"self":[{"href":"https:\/\/miradordeatarfe.es\/index.php?rest_route=\/wp\/v2\/posts\/76677","targetHints":{"allow":["GET"]}}],"collection":[{"href":"https:\/\/miradordeatarfe.es\/index.php?rest_route=\/wp\/v2\/posts"}],"about":[{"href":"https:\/\/miradordeatarfe.es\/index.php?rest_route=\/wp\/v2\/types\/post"}],"author":[{"embeddable":true,"href":"https:\/\/miradordeatarfe.es\/index.php?rest_route=\/wp\/v2\/users\/1"}],"replies":[{"embeddable":true,"href":"https:\/\/miradordeatarfe.es\/index.php?rest_route=%2Fwp%2Fv2%2Fcomments&post=76677"}],"version-history":[{"count":1,"href":"https:\/\/miradordeatarfe.es\/index.php?rest_route=\/wp\/v2\/posts\/76677\/revisions"}],"predecessor-version":[{"id":76679,"href":"https:\/\/miradordeatarfe.es\/index.php?rest_route=\/wp\/v2\/posts\/76677\/revisions\/76679"}],"wp:featuredmedia":[{"embeddable":true,"href":"https:\/\/miradordeatarfe.es\/index.php?rest_route=\/wp\/v2\/media\/76678"}],"wp:attachment":[{"href":"https:\/\/miradordeatarfe.es\/index.php?rest_route=%2Fwp%2Fv2%2Fmedia&parent=76677"}],"wp:term":[{"taxonomy":"category","embeddable":true,"href":"https:\/\/miradordeatarfe.es\/index.php?rest_route=%2Fwp%2Fv2%2Fcategories&post=76677"},{"taxonomy":"post_tag","embeddable":true,"href":"https:\/\/miradordeatarfe.es\/index.php?rest_route=%2Fwp%2Fv2%2Ftags&post=76677"}],"curies":[{"name":"wp","href":"https:\/\/api.w.org\/{rel}","templated":true}]}}