{"id":76700,"date":"2025-05-10T10:06:00","date_gmt":"2025-05-10T08:06:00","guid":{"rendered":"https:\/\/miradordeatarfe.es\/?p=76700"},"modified":"2025-05-08T13:09:49","modified_gmt":"2025-05-08T11:09:49","slug":"las-mas-de-300-actividades-que-llegan-la-semana-que-viene-a-la-noche-en-blanco-de-granada","status":"publish","type":"post","link":"https:\/\/miradordeatarfe.es\/?p=76700","title":{"rendered":"Las m\u00e1s de 300 actividades que llegan la semana que viene a la Noche en Blanco de Granada"},"content":{"rendered":"\n<p class=\"has-medium-font-size\"><strong>El concejal de Cultura, Juan Ram\u00f3n Ferreira, destaca que Granada volver\u00e1 a vivir una jornada cultural \u00fanica, por la calidad, diversidad y variedad de actividades, \u00abmuestra de nuestro potencial para convertirnos en Capital Europea de la Cultura 2031\u00bb<\/strong><\/p>\n\n\n\n<p>Granada celebra el s\u00e1bado 17 de mayo la novena edici\u00f3n de la Noche en Blanco que, con m\u00e1s de 300 actividades, entre conciertos, exposiciones, talleres, exhibiciones, representaciones o visitas guiadas previstas en cincuenta emplazamientos de la ciudad, se convierte en \u00abuna monumental cita cultural de la primavera granadina\u00bb.<\/p>\n\n\n\n<p>El Ayuntamiento de Granada ha vuelto a aglutinar a instituciones, empresas, entidades p\u00fablicas, asociaciones sociales y culturales y a gestores culturales en torno a la organizaci\u00f3n de \u00abun evento de puertas abiertas\u00bb de monumentos, contenedores culturales, plazas, calles, miradores y establecimientos comerciales donde se llevar\u00e1n a cabo de forma gratuita diversidad de eventos y actividades en torno a las m\u00e1s variadas y diversas expresiones culturales, art\u00edsticas y deportivas de la ciudad para disfrute de toda la ciudadan\u00eda.<\/p>\n\n\n\n<p>As\u00ed lo ha destacado el concejal de Cultura, Juan Ram\u00f3n Ferreira, en la presentaci\u00f3n de la programaci\u00f3n de la Noche en Blanco 2025 donde, han asistido la diputada de Cultura y Educaci\u00f3n Pilar Caracuel; el delegado de Turismo, Cultura y Deporte, David Rodr\u00edguez; la directora de Patrimonio de la Universidad de Granada, Mar\u00eda Luisa Bellido; el Dean de la Catedral de Granada, Eduardo Garc\u00eda; el Capell\u00e1n Mayor de la Capilla Real: Manuel Reyes la directora Coordinadora de Instituciones de Andaluc\u00eda de CaixaBank, Mar\u00eda Rosa S\u00e1nchez M\u00e1rquez; el representante Federaci\u00f3n Provincial de Comercio; Francis Prados; y la gerente de Gegsa, Macarena Castro.<\/p>\n\n\n\n<p>Ferreira, tras agradecer la implicaci\u00f3n y colaboraci\u00f3n de instituciones, organizaciones, entidades y todo el empresarial, comercial y cultural de la ciudad, se ha mostrado convencida de que \u00abGranada va a volver a vivir una jornada festiva \u00fanica, por la calidad, diversidad y variedad de actividades programas, en la que va a quedar sobradamente demostrado nuestro potencial como ciudad candidata a convertirse en Capital Europea de la Cultura en 2031\u00bb, ha dicho.<\/p>\n\n\n\n<p>La Noche en Blanco 2025 se celebra, tras el \u00e9xito de participaci\u00f3n cosechado por la edici\u00f3n anterior, a\u00f1o en el que tal y como ha recordado, \u00abeste equipo de gobierno retom\u00f3 esta iniciativa que permite abrir nuestro rico patrimonio, el incre\u00edble espacio p\u00fablico de la ciudad, lleno de rincones, miradores y lugares incomparables, al talento y la creatividad de artistas que con sus propuestas creativas o musicales han convertido a nuestra ciudad en un lugar referente del arte en sus diferentes expresiones art\u00edsticas\u00bb.<\/p>\n\n\n\n<p>Por su parte, la diputada de Cultura y Educaci\u00f3n, Pilar Caracuel, ha destacado que \u00abla programaci\u00f3n dise\u00f1ada por la Diputaci\u00f3n de Granada es muy amplia, como la apertura hasta las 00:00 horas de la exposici\u00f3n &#8216;Expansi\u00f3n&#8217; en el Centro Jos\u00e9 Guerrero. Se trata de una muestra que conmemora los 25 a\u00f1os de la apertura del museo y ofrece un recorrido profundo por la obra del pintor a trav\u00e9s de una ampliaci\u00f3n de su colecci\u00f3n, con piezas que abarcan desde sus inicios figurativos hasta su madurez en el expresionismo abstracto\u00bb.<\/p>\n\n\n\n<p>Adem\u00e1s, la diputada ha indicado que \u00abel Palacio de los Condes de Gabia ser\u00e1 otro espacio clave para la noche cultural, con la proyecci\u00f3n del documental &#8216;Se dice poeta&#8217; de Sof\u00eda Casta\u00f1\u00f3n. Este evento, que explora el papel de las mujeres en la poes\u00eda contempor\u00e1nea, refuerza la apuesta de la Diputaci\u00f3n por visibilizar y dar voz a perspectivas diversas en el panorama art\u00edstico y literario\u00bb.<\/p>\n\n\n\n<p>La Consejer\u00eda de Cultura y Deporte de la Junta de Andaluc\u00eda \u00abse une a esta celebraci\u00f3n abriendo las puertas de sus museos: el Museo de Bellas Artes de Granada, el Museo \u00abCasa de los Tiros\u00bb y el Museo Arqueol\u00f3gico y Etnol\u00f3gico de Granada hasta las 20:00 horas, seg\u00fan ha asegurado el delegado territorial, David Rodr\u00edguez.<\/p>\n\n\n\n<p>Rodr\u00edguez tambi\u00e9n ha destacado los dos conciertos programados en los muesos. En el Museo Casa de los Tiros se ofertar\u00e1 el concierto de Enrique Castillo, \u00abun artista gr\u00e1fico y m\u00fasico experimental que destaca por la creaci\u00f3n artesanal de sus propios instrumentos y su exploraci\u00f3n vanguardista del sonido.\u00bb, seg\u00fan palabras del delegado. Este concierto tendr\u00e1 un aforo limitado y para asistir ser\u00e1 necesario realizar una reserva de acceso que se podr\u00e1 recoger de forma gratuita en la taquilla del Museo durante su horario de apertura, a partir del martes 13 de mayo.<\/p>\n\n\n\n<p>Asimismo, el Museo Arqueol\u00f3gico y Etnol\u00f3gico de Granada ofrecer\u00e1 una experiencia musical con el concierto &#8216;A los pies de la Alhambra&#8217;, a cargo de la Coral Infantil Peque\u00f1as Voces de la Alhambra, dirigida por Myriam G\u00e1lvez, formado por 35 j\u00f3venes talentos de entre 6 y 14 a\u00f1os.<\/p>\n\n\n\n<p>El delegado ha resaltado que \u00abla Consejer\u00eda de Cultura y Deporte no puede quedar al margen de esta celebraci\u00f3n de la cultura, fiesta que supone un revulsivo en nuestra, ya de por s\u00ed, completa programaci\u00f3n cultural, aquella que conforman instituciones p\u00fablicas y entidades privadas\u00bb y ha agradecido al Ayuntamiento de Granada \u00abpor continuar esta feliz iniciativa\u00bb.<\/p>\n\n\n\n<h3 class=\"wp-block-heading\">Programaci\u00f3n para todos los p\u00fablicos<\/h3>\n\n\n\n<p>El festival de m\u00fasica Granada Ol\u00e9, el 16 de mayo, se convertir\u00e1 en punto de arranque previo a la la Noche en Blanco en una cita musical en la que se disfrutar\u00e1 en la explanada del Palacio de Congresos de las actuaciones de las bandas Colectivo da Silva, Izeta, Paulina del Carmen y Clama Fira. La nueva propuesta musical del Ayuntamiento de Granada contar\u00e1 adem\u00e1s con los djs Eduardo T\u00e9bar, periodista y cr\u00edtico musical en Ideal y Mondo Sonoro, y Virginia D\u00edaz, de Radio 3. El festival arrancar\u00e1 a las 18.00 para concluir a las 23.45 horas.<\/p>\n\n\n\n<p>La gran cita con la cultural granadina va a estar marcada por la celebraci\u00f3n del 9 al 18 de mayo de la Feria del Libro de Granada, que el 17 de mayo tiene programados casi 30 actividades, entre presentaciones de libros, firmas de ejemplares, conferencias, mesas redondas y talleres en seis espacios diferentes del eje comprendido entre Carrera de la Virgen y Fuente de las Batallas, como son sala Zaida, Granada Ciudad de la Literatura, Centro Federico Garc\u00eda Lorca, Pabell\u00f3n Fundaci\u00f3n Caja Rural, caseta oficial de firmas o Palacio Condes de Gabia.<\/p>\n\n\n\n<h3 class=\"wp-block-heading\">Folclore alpujarre\u00f1o<\/h3>\n\n\n\n<p>La jornada festiva empezar\u00e1 a calentar motores con el grupo de folclore alpujarre\u00f1o \u00abNuevas ra\u00edces de Tur\u00f3n\u00bb que dentro de la iniciativa GranaFolk realizar\u00e1 un recorrido interprendo composiciones de la m\u00fasica tradicional granadina desde las 12.00 a las 14:00 horas por el siguiente recorrido: plaza de Santa Ana, calle Oficios, plaza Alonso Cano, plaza Pasiegas, Romanilla, Bib-Rambla para terminar en plaza del Carmen.<\/p>\n\n\n\n<p>Como novedad la alcaldesa de Granada ha destacado la celebraci\u00f3n del festival Krearte que bajo el t\u00edtulo &#8216;Sue\u00f1o de los Miradores&#8217; llenar\u00e1 estos espacios ic\u00f3nicos con la expresividad del mejor arte callejero. Las actuaciones previstas son las siguientes: Blue Mamba llevar\u00e1 su espect\u00e1culo de fuego a la plaza Cristo de la Azucenas; Cocomeli, clown y malabarista, estar\u00e1 en Mirador de San Crist\u00f3bal, mientras que en plaza Larga actuar\u00e1 Bruno Di Stefano, equilibrista y malabaristas, y Valentina Elia, danza y clown, har\u00e1 lo propio en el Mirador de Carvajales.<\/p>\n\n\n\n<p>La propuesta adem\u00e1s contar\u00e1, entre otros, con Irene &#8216;La Furriola&#8217;, Sierra Marcos, Natalia Bavar y Eva Agostinelli con una performance de flamenco, claqu\u00e9 y poes\u00eda en la plazoleta del Aljibe de San Nicol\u00e1s, Lapo Botteri, ilusionsita, en el Mirador del Ojo, y el malabarista Eduardo Filferro, en plaza del Ocho. San Miguel Bajo acoger\u00e1 espect\u00e1culo Zancos Ramadan con Simona Ferrara; plaza Cruz Verde, el m\u00fasico y guitarra Nel-C y Loop Station, y plaza San Gregorio acoger\u00e1 el espect\u00e1culo de Carmen de Miguel, danza del mundo.<\/p>\n\n\n\n<p>El p\u00fablico podr\u00e1 disfrutar en la plaza de Santa Ana en horario de 11:00 a 23:00 horas de la exposici\u00f3n de obras pict\u00f3ricas realizadas por internas e internos del Centro Penitenciario de Albolote, que se compatibilizar\u00e1 con la actuaci\u00f3n de Ana Mr Pope, Silvia Akuna Matata, que har\u00e1n las delicias de los asistentes con un espect\u00e1culo de equilibrismo, clown y batucada.<\/p>\n\n\n\n<h3 class=\"wp-block-heading\">Mercados de artesan\u00eda<\/h3>\n\n\n\n<p>Los mercados de artesan\u00eda participar\u00e1n en sus enclaves habituales, plaza de Isabel la Cat\u00f3lica, con una muestra de artesan\u00eda a cargo de asociaci\u00f3n de mujeres artesanas Aracne y Asociaci\u00f3n Al-Munsatyl de 10:00 a 00:00 horas; plaza de la Romanilla, en este caso de 11:00 a 21:00 horas, Entretando Creando exhibir\u00e1 creaciones de Muestra de Artesan\u00eda y dise\u00f1o Made in Granada.<\/p>\n\n\n\n<p>Las actuaciones de agrupaciones y compa\u00f1\u00edas musicales y art\u00edsticas de la ciudad se desarrollar\u00e1n en enclaves emblem\u00e1ticos de la ciudad como la plaza de las Pasiegas, donde a las 19:30 horas se inaugurar\u00e1 oficialmente la Noche en Blanco y se contar\u00e1 con la actuaciones de la Banda Municipal de M\u00fasica; la Escuela de Danza Lucia Guarnido y el Grupo de Coros y Danzas; la plaza de la Universidad, en la que desde las 18:00 horas hasta las 22:00 se podr\u00e1 disfrutar de la participaci\u00f3n de los coros de los centros de participaci\u00f3n activa de la ciudad; en la placeta de Cauchiles, que se convertir\u00e1 en escenario jazz\u00edstico para acoger la actuaci\u00f3n de Jazz&amp;Blues Ensemble Granada, y en plaza del Lino se disfrutar\u00e1 de un concierto del cuarteto de cuerda &#8216;Pr\u00edmula&#8217;.<\/p>\n\n\n\n<p>El Paseo del Sal\u00f3n vuelve a ser espacio deportivo con la instalaci\u00f3n de zonas dedicadas a la pr\u00e1ctica de disciplinas deportivas como la esgrima, badminton, patinaje en l\u00ednea, circuito de bicicletas, petanca o tenis de mesa. El horario de apertura ser\u00e1 de 19:00 a 22:00 horas.<\/p>\n\n\n\n<p>Actividades infantiles, en plaza Bib-Rambla; exhibiciones de veh\u00edculos de Polic\u00eda Local y taller educativo, previsto en Puerta Real; actividades de reciclaje, en la plaza Mariana Pineda, o exhibiciones de Protecci\u00f3n Civil y Bomberos en plaza del Carmen se incluyen tambi\u00e9n dentro de la programaci\u00f3n cultural de la Noche en Blanco.<\/p>\n\n\n\n<p>Dentro de las visitas guiadas programadas, destaca la visita treatralizada que bajo el nombre \u00abLos arquitectos de la catedral\u00bb permitr\u00e1 adentrarse en la realizada arquitect\u00f3nica del conjunto catedralicio granadino. Se prev\u00e9n dos pases para grupos de 30 personas a las 19:30 horas y 21:00 horas. Esta actividad requiere inscripci\u00f3n previa en la Agencia albaic\u00edn y el plazo para hacerlo se abrir\u00e1 el 7 de mayo.<\/p>\n\n\n\n<p>El Colegio Ave Mar\u00eda Casa Madre se incorpora, con motivo del 135 aniversario de las Escuelas del Ave Mar\u00eda, a la programaci\u00f3n cultural de la Noche en Blanco, ofreciendo con vistas a la Alhambra un concierto, a las 19:30 horas, a cargo de la Banda Sinf\u00f3nica de Atarfe, con un repertorio de pasodobles granadinos.<\/p>\n\n\n\n<h3 class=\"wp-block-heading\">Noche monumental para conocer el patrimonio<\/h3>\n\n\n\n<p>El Ayuntamiento de Granada, junto a la Universidad de Granada y la Curia, ofrecen con ocasi\u00f3n de la Noche en Blanco una oportunidad de conocer gratuitamente el rico patrimonio monumental de la ciudad.<\/p>\n\n\n\n<p>Monumentos como la Capilla Real, con visitas gratuitas por grupos de 40 personas, la Catedral de forma individual o grupal, la Casa Museo Manuel de Falla, Huerta de San Vicente, Casa de Zafra, Cuarto Real de San Domingo o el Archivo Manuel de Falla podr\u00e1n ser visitados en una jornada de puertas abiertas.<\/p>\n\n\n\n<p>Los museos Arqueol\u00f3gico y Etnogr\u00e1fico, con un concierto de la Coral Infantil Peque\u00f1as Voces de la Alhambra, a las 20.00 horas; el de la Casa de los Tiros, con un concierto de arte sonoro y m\u00fasico experimental protagonizado por Enrique del Castillo; y el palacio de los Condes de Gabia, con tres salas de exposiciones: \u00abBuena Sombra\u00bb de Susana Gir\u00f3n; \u00abVolver a un lugar extinto\u00bb, de Rosa Medina, y \u00abPinturas con alma\u00bb de P\u00e9ter B\u00f6jthe y Antonio Ocete y un recital de poes\u00eda a las 21.00 horas a cargo de Paola Duchen, Claudia Vaca, Kelly Gabriel, Valeria Canelas y Dolly Pe\u00f1a Pedraza, tambi\u00e9n se suman a la programaci\u00f3n de 2025. Asimismo, se podr\u00e1 visitar el Museo de Bellas Artes, en el Palacio de Carlos V, de 9 a 20.00 horas.<\/p>\n\n\n\n<p>La Escuela de Arte y Superior de Dise\u00f1o Jos\u00e9 Valdelomar celebra actividades y talleres de 19:30 a 23:00 horas, al igual que el colegio Ave Mar\u00eda Casa Madre, en Cuesta del Chapiz, donde se podr\u00e1 disfrutar de un concierto de la Banda de M\u00fasica Sinf\u00f3nica de Atarfe, a partir de las 19:30 horas y<\/p>\n\n\n\n<p>La Universidad de Granada, por su parte, prev\u00e9 una amplia programaci\u00f3n en los siguientes espacios: Facultad de Derecho y Jard\u00edn Bot\u00e1nico, que se podr\u00e1 visitar; Hospital Real, con vista al edificio y a la exposici\u00f3n Barro. La cer\u00e1mica en el patrimonio de la UGR; Herbario de la Universidad, en calle Rector L\u00f3pez Arg\u00fceta; Museo de la Salud, con visitas guiadas; Edificio V Centenario, donde se realizar\u00e1n talleres de restauraci\u00f3n; o paseo matem\u00e1tico por la muralla zir\u00ed con salida de plaza de Santa Ana.<\/p>\n\n\n\n<p>Todas las visitas y actividades impulsadas desde <a href=\"https:\/\/patrimonio.ugr.es\/actividad\/noche-en-blanco-2025\">la instituci\u00f3n acad\u00e9mica requerir\u00e1n inscripci\u00f3n previa<\/a>.<\/p>\n\n\n\n<p><strong>D. C.<\/strong><\/p>\n\n\n\n<p>FOTO: Celebraci\u00f3n de la Noche en Blanco en Granada. Ram\u00f3n L. P\u00e9rez<\/p>\n\n\n\n<p><a href=\"https:\/\/www.ideal.es\/granada\/300-actividades-llegan-semana-viene-noche-blanco-20250507161553-nt.html#vtm_modulosEngag=lomas::noticia:4\">https:\/\/www.ideal.es\/granada\/300-actividades-llegan-semana-viene-noche-blanco-20250507161553-nt.html#vtm_modulosEngag=lomas::noticia:4<\/a><\/p>\n","protected":false},"excerpt":{"rendered":"<p>El concejal de Cultura, Juan Ram\u00f3n Ferreira, destaca que Granada volver\u00e1 a vivir una jornada&#8230;<\/p>\n","protected":false},"author":1,"featured_media":76701,"comment_status":"closed","ping_status":"closed","sticky":false,"template":"","format":"standard","meta":{"_coblocks_attr":"","_coblocks_dimensions":"","_coblocks_responsive_height":"","_coblocks_accordion_ie_support":"","jetpack_post_was_ever_published":false,"_jetpack_newsletter_access":"","_jetpack_dont_email_post_to_subs":false,"_jetpack_newsletter_tier_id":0,"_jetpack_memberships_contains_paywalled_content":false,"_jetpack_memberships_contains_paid_content":false,"footnotes":"","jetpack_publicize_message":"","jetpack_publicize_feature_enabled":true,"jetpack_social_post_already_shared":true,"jetpack_social_options":{"image_generator_settings":{"template":"highway","default_image_id":0,"enabled":false},"version":2}},"categories":[1161,10781,44,1],"tags":[],"class_list":["post-76700","post","type-post","status-publish","format-standard","has-post-thumbnail","hentry","category-ciudadania","category-granada","category-noticias-de-hoy","category-uncategorized"],"jetpack_publicize_connections":[],"jetpack_featured_media_url":"https:\/\/i0.wp.com\/miradordeatarfe.es\/wp-content\/uploads\/2025\/05\/granada-noche-blanco-kKuB-U2301693367284F6E-1200x840%40Ideal.webp?fit=1200%2C838&ssl=1","jetpack_likes_enabled":true,"jetpack_sharing_enabled":true,"_links":{"self":[{"href":"https:\/\/miradordeatarfe.es\/index.php?rest_route=\/wp\/v2\/posts\/76700","targetHints":{"allow":["GET"]}}],"collection":[{"href":"https:\/\/miradordeatarfe.es\/index.php?rest_route=\/wp\/v2\/posts"}],"about":[{"href":"https:\/\/miradordeatarfe.es\/index.php?rest_route=\/wp\/v2\/types\/post"}],"author":[{"embeddable":true,"href":"https:\/\/miradordeatarfe.es\/index.php?rest_route=\/wp\/v2\/users\/1"}],"replies":[{"embeddable":true,"href":"https:\/\/miradordeatarfe.es\/index.php?rest_route=%2Fwp%2Fv2%2Fcomments&post=76700"}],"version-history":[{"count":1,"href":"https:\/\/miradordeatarfe.es\/index.php?rest_route=\/wp\/v2\/posts\/76700\/revisions"}],"predecessor-version":[{"id":76702,"href":"https:\/\/miradordeatarfe.es\/index.php?rest_route=\/wp\/v2\/posts\/76700\/revisions\/76702"}],"wp:featuredmedia":[{"embeddable":true,"href":"https:\/\/miradordeatarfe.es\/index.php?rest_route=\/wp\/v2\/media\/76701"}],"wp:attachment":[{"href":"https:\/\/miradordeatarfe.es\/index.php?rest_route=%2Fwp%2Fv2%2Fmedia&parent=76700"}],"wp:term":[{"taxonomy":"category","embeddable":true,"href":"https:\/\/miradordeatarfe.es\/index.php?rest_route=%2Fwp%2Fv2%2Fcategories&post=76700"},{"taxonomy":"post_tag","embeddable":true,"href":"https:\/\/miradordeatarfe.es\/index.php?rest_route=%2Fwp%2Fv2%2Ftags&post=76700"}],"curies":[{"name":"wp","href":"https:\/\/api.w.org\/{rel}","templated":true}]}}