{"id":76718,"date":"2025-05-12T08:20:00","date_gmt":"2025-05-12T06:20:00","guid":{"rendered":"https:\/\/miradordeatarfe.es\/?p=76718"},"modified":"2025-05-08T13:54:47","modified_gmt":"2025-05-08T11:54:47","slug":"76718","status":"publish","type":"post","link":"https:\/\/miradordeatarfe.es\/?p=76718","title":{"rendered":"\u00bfPor qu\u00e9 se nos curva la espalda con la edad y qu\u00e9 podemos hacer para evitarlo?"},"content":{"rendered":"\n<h2 class=\"wp-block-heading\">En&nbsp;casos especialmente graves&nbsp;puede provocar dolor, movilidad y funci\u00f3n f\u00edsica reducida o una menor calidad de vida<\/h2>\n\n\n\n<p>A medida que envejecemos, es habitual notar cambios en la postura: los hombros se encorvan, la cabeza se inclina hacia delante y <a href=\"https:\/\/elpais.com\/salud-y-bienestar\/2025-03-19\/solo-el-10-de-los-tratamientos-no-invasivos-para-aliviar-el-dolor-de-espalda-son-efectivos.html\">la espalda<\/a> comienza a curvarse. Es posible que asocie esto con las personas mayores y se pregunte: \u00bfme pasar\u00e1 a m\u00ed? \u00bfPuedo prevenirlo?<\/p>\n\n\n\n<p>Aunque coloquialmente se habla de \u201cjoroba\u201d, el t\u00e9rmino m\u00e9dico para referirse a una espalda curvada es cifosis. Cuando la curvatura supera lo que se considera normal (m\u00e1s de 40 grados), hablamos de hipercifosis. En <a href=\"https:\/\/www.jospt.org\/doi\/10.%202519\/jospt.2010.3099#_i12:%7E:text=gold%2Dstandard%20radiograph.-,Clinical%20Consequences%20of%20Hyperkyphosis,-Functional%20Limitations\">casos especialmente graves<\/a> puede provocar dolor, movilidad y funci\u00f3n f\u00edsica reducida o una menor calidad de vida.M\u00e1s informaci\u00f3n<\/p>\n\n\n\n<h3 class=\"wp-block-heading\">\u00bfQu\u00e9 causa la curvatura de la espalda?<\/h3>\n\n\n\n<p>Una columna vertebral sana tiene una forma alargada en S, por lo que una curvatura en la parte superior es completamente normal.<\/p>\n\n\n\n<p>Sin embargo, cuando dicha curvatura se exagera y se vuelve fija, impidiendo que la espalda se mantenga recta, puede estar alertando de un problema.<\/p>\n\n\n\n<p>Una causa com\u00fan de ese cambio en la forma de la espalda es <a href=\"https:\/\/elpais.com\/escaparate\/estilo-de-vida\/2024-10-02\/dolor-de-espalda.html\">la mala postura<\/a>. De hecho, es relativamente habitual que se produzca cifosis postural a partir de desequilibrios musculares, sobre todo en personas j\u00f3venes que pasan muchas horas encorvadas en una silla, sobre un escritorio o mirando hacia abajo al tel\u00e9fono. Por fortuna, este tipo de curvatura de la espalda suele revertir con ejercicios adecuados, estiramientos y conciencia de la postura.<\/p>\n\n\n\n<p>En personas mayores, la cifosis o hipercifosis suele aparecer como consecuencia del <a href=\"https:\/\/elpais.com\/sociedad\/2024-06-17\/doctor-me-duele-la-espalda-el-reto-de-tratar-una-de-las-principales-causas-de-baja-laboral.html\">desgaste de la columna<\/a> vertebral, sobre todo cuando, como consecuencia de la osteoporosis \u2014una enfermedad que hace que los huesos se vuelvan m\u00e1s fr\u00e1giles con la edad\u2014, las v\u00e9rtebras de la columna vertebral se agrietan y se facturan. En estos casos, el origen no hay que buscarlo en una mala postura, sino en un cambio estructural en la columna vertebral.<\/p>\n\n\n\n<p>Con la hipercifosis relacionada con la edad, la espalda se curva incluso cuando la persona se intenta mantener erguida. Simult\u00e1neamente, es habitual que pierda altura, incluso m\u00e1s de 3-4 cent\u00edmetros. Tambi\u00e9n suele acompa\u00f1arse de dolor y rigidez en la espalda.<\/p>\n\n\n\n<h3 class=\"wp-block-heading\">Crecimiento desigual, defectos cong\u00e9nitos y otras causas<\/h3>\n\n\n\n<p>Cuando durante la adolescencia los huesos de la columna vertebral crecen de forma desigual, se forma una curvatura pronunciada hacia delante en la parte superior de la espalda. Es lo que se conoce como <a href=\"https:\/\/pubmed.ncbi.nlm.nih.gov\/30407981\/\">cifosis de Scheuermann<\/a>.<\/p>\n\n\n\n<p>Existe, adem\u00e1s, una <a href=\"https:\/\/pmc.ncbi.nlm.nih.gov\/articles\/PMC4347150\/\">cifosis cong\u00e9nita<\/a>, poco frecuente y presente desde el nacimiento, causada por una formaci\u00f3n inadecuada de los huesos de la columna vertebral. Puede dar lugar a una curvatura m\u00e1s grave y fija que empeora a medida que el ni\u00f1o crece.<\/p>\n\n\n\n<p>Si la columna vertebral se curva hacia los lados en forma de C (o S cuando se observa desde atr\u00e1s) hablamos de escoliosis. Y una curvatura excesiva hacia dentro en la parte inferior de la espalda, vista desde un lado, se conoce como lordosis.<\/p>\n\n\n\n<p>Adem\u00e1s de estas afecciones estructurales, tambi\u00e9n pueden contribuir a que nos encorvemos la artritis y, en casos poco frecuentes, ciertas lesiones o infecciones de la columna vertebral.<\/p>\n\n\n\n<h3 class=\"wp-block-heading\">\u00bfDebo acudir al m\u00e9dico si tengo la espalda curvada?<\/h3>\n\n\n\n<p>Si ha notado que su columna est\u00e1 desarrollando una curvatura m\u00e1s pronunciada, tiene dolor de espalda continuo o ha perdido altura, \u00faltimamente puede estar ante signos de fractura vertebral. Y en ese caso, es conveniente que pida cita con un profesional de la salud.<\/p>\n\n\n\n<p>Aunque uno de cada cinco adultos mayores sufre una fractura vertebral, hasta dos tercios de estas lesiones <a href=\"https:\/\/www.sciencedirect.com\/science\/article\/abs\/pii\/S0002934315010128?%20casa_token=DzXngmS6GIoAAAAA:3ub0V4PuHbKjrqO9xYDo8vx2m9k6tbOtmz4yIVzkQvH-VylhgO_KnKaTYDLXpiHc9_4Jz0iNdQ\">no se llegan ni a diagnosticar ni a tratar<\/a>. De ah\u00ed que los profesionales de la salud <a href=\"https:\/\/healthybonesaustralia.org.au\/wp-content\/uploads\/2022\/12\/oa-racgp-osteoporosis-clinical-guidelines-2nd-ed.pdf\">recomienden<\/a> hacer una radiograf\u00eda de la columna en personas con dolor de espalda inexplicable, con cifosis identificada o que han experimentado p\u00e9rdida de altura igual o superior a 3 cent\u00edmetros.<\/p>\n\n\n\n<h3 class=\"wp-block-heading\">Colocar la cabeza alineada con los hombros y los hombros sobre las caderas<\/h3>\n\n\n\n<p>La mejor manera de prevenir la curvatura de la espalda es mantener los huesos fuertes, los m\u00fasculos activos y la postura correcta. Esto implica:<\/p>\n\n\n\n<ul class=\"wp-block-list\">\n<li>Hacer ejercicio de resistencia con regularidad, especialmente para los m\u00fasculos de la parte superior de la espalda.<\/li>\n\n\n\n<li>Mantenerse f\u00edsicamente activo al menos&nbsp;<a href=\"https:\/\/www.who.int\/initiatives\/behealthy\/physical-activity\">150 minutos a la semana<\/a>.<\/li>\n\n\n\n<li>Consumir suficiente prote\u00edna, calcio y vitamina D para asegurar la salud de los huesos y los m\u00fasculos.<\/li>\n\n\n\n<li>Evitar fumar y limitar el consumo de alcohol para reducir los factores de riesgo que empeoran la densidad \u00f3sea y el bienestar general.<\/li>\n<\/ul>\n\n\n\n<p>Por otro lado, es importante prestar atenci\u00f3n a la postura cuando estamos sentados y de pie. Colocar la cabeza alineada entre los hombros y los hombros sobre las caderas reduce dr\u00e1sticamente la tensi\u00f3n en la columna vertebral.<\/p>\n\n\n\n<h3 class=\"wp-block-heading\">\u00bfQu\u00e9 ejercicios ayudan a prevenir y controlar la curvatura de la espalda?<\/h3>\n\n\n\n<p>Lo \u00f3ptimo es practicar <a href=\"https:\/\/pmc.ncbi.nlm.nih.gov\/articles\/PMC5112023\/\">ejercicios que fortalezcan los m\u00fasculos<\/a> que sostienen una postura erguida, especialmente la parte superior de la espalda y el tronco, al tiempo que se mejora la movilidad del pecho y los hombros.<\/p>\n\n\n\n<p>En general, es recomendable dar prioridad a los movimientos de extensi\u00f3n, es decir, los que consisten en enderezar o levantar la columna vertebral y echar los hombros hacia atr\u00e1s.<\/p>\n\n\n\n<p>Los movimientos repetidos de flexi\u00f3n hacia delante pueden empeorar la situaci\u00f3n, especialmente en personas con osteoporosis o fracturas vertebrales.<\/p>\n\n\n\n<p>Algunos ejercicios recomendables son:<\/p>\n\n\n\n<ul class=\"wp-block-list\">\n<li>Extensiones de espalda, levantando suavemente el pecho del suelo mientras se est\u00e1 tumbado boca abajo.<\/li>\n\n\n\n<li>Ejercicios de resistencia dirigidos a los m\u00fasculos entre los om\u00f3platos.<\/li>\n\n\n\n<li>Caminar a paso ligero, trotar, subir escaleras o bailar con un peso bajo ayuda a mantener los huesos fuertes y favorece el estado f\u00edsico general.<\/li>\n\n\n\n<li>Estirar el pecho y los flexores de la cadera permite abrir la postura y alivia la tensi\u00f3n.<\/li>\n<\/ul>\n\n\n\n<p>El entrenamiento de la flexibilidad y el equilibrio, por ejemplo, practicando yoga o pilates, tambi\u00e9n puede resultar <a href=\"https:\/\/pmc.ncbi.nlm.nih.gov\/articles\/PMC3700806\/\">beneficioso<\/a>, especialmente para la conciencia postural y la movilidad. Sin embargo, <a href=\"https:\/\/pubmed.ncbi.nlm.nih.gov\/31034509\/\">las investigaciones<\/a> apuntan cada vez m\u00e1s al fortalecimiento muscular (levantamiento de pesas o entrenamiento de resistencia) como piedra angular de la prevenci\u00f3n y el tratamiento de la curvatura de la columna vertebral.<\/p>\n\n\n\n<p>Dicho todo esto, si sospecha que tiene cifosis o ya padece osteoporosis o una fractura vertebral, consulte a un profesional de la salud antes de comenzar un programa de ejercicios. Es posible que deba evitar algunas actividades.<\/p>\n\n\n\n<p>Por otro lado, tenga en cuenta que la curvatura se podr\u00e1 revertir si se origin\u00f3 por una mala postura y por debilidad muscular. Pero si se debe a cambios \u00f3seos, especialmente a fracturas vertebrales, es poco probable que desaparezca por completo, aunque el tratamiento puede reducir el dolor y ralentizar su progresi\u00f3n.<\/p>\n\n\n\n<p>Proteger la postura no es solo una cuesti\u00f3n de apariencia: se trata de mantenernos fuertes, m\u00f3viles e independientes a medida que envejecemos.<\/p>\n\n\n\n<p><em>Este art\u00edculo fue publicado originalmente en <\/em><a href=\"https:\/\/theconversation.com\/la-prueba-del-elefante-rosa-asi-predice-la-imaginacion-visual-nuestra-capacidad-para-controlar-los-pensamientos-245057\"><em>The Conversation<\/em><\/a><em>.<\/em><\/p>\n\n\n\n<p>Jakub Mesinovi\u0107, David Scott <a href=\"https:\/\/elpais.com\/autor\/the-conversation\/#?rel=author_top\">The Conversation<\/a><\/p>\n\n\n\n<p>FOTO: urtaeva_alla (Getty Images)<\/p>\n\n\n\n<p><a href=\"https:\/\/elpais.com\/salud-y-bienestar\/2025-05-08\/por-que-se-nos-curva-la-espalda-con-la-edad-y-que-podemos-hacer-para-evitarlo.html\">https:\/\/elpais.com\/salud-y-bienestar\/2025-05-08\/por-que-se-nos-curva-la-espalda-con-la-edad-y-que-podemos-hacer-para-evitarlo.html<\/a><\/p>\n","protected":false},"excerpt":{"rendered":"<p>En&nbsp;casos especialmente graves&nbsp;puede provocar dolor, movilidad y funci\u00f3n f\u00edsica reducida o una menor calidad de&#8230;<\/p>\n","protected":false},"author":1,"featured_media":76719,"comment_status":"closed","ping_status":"closed","sticky":false,"template":"","format":"standard","meta":{"_coblocks_attr":"","_coblocks_dimensions":"","_coblocks_responsive_height":"","_coblocks_accordion_ie_support":"","jetpack_post_was_ever_published":false,"_jetpack_newsletter_access":"","_jetpack_dont_email_post_to_subs":false,"_jetpack_newsletter_tier_id":0,"_jetpack_memberships_contains_paywalled_content":false,"_jetpack_memberships_contains_paid_content":false,"footnotes":"","jetpack_publicize_message":"","jetpack_publicize_feature_enabled":true,"jetpack_social_post_already_shared":true,"jetpack_social_options":{"image_generator_settings":{"template":"highway","default_image_id":0,"enabled":false},"version":2}},"categories":[10797,1161,44,6937],"tags":[],"class_list":["post-76718","post","type-post","status-publish","format-standard","has-post-thumbnail","hentry","category-ciencia","category-ciudadania","category-noticias-de-hoy","category-sociedad"],"jetpack_publicize_connections":[],"jetpack_featured_media_url":"https:\/\/i0.wp.com\/miradordeatarfe.es\/wp-content\/uploads\/2025\/05\/Screenshot-2025-05-08-at-13-51-30-%C2%BFPor-que-se-nos-curva-la-espalda-con-la-edad-y-que-podemos-hacer-para-evitarlo-Salud-y-bienestar-EL-PAIS.png?fit=567%2C527&ssl=1","jetpack_likes_enabled":true,"jetpack_sharing_enabled":true,"_links":{"self":[{"href":"https:\/\/miradordeatarfe.es\/index.php?rest_route=\/wp\/v2\/posts\/76718","targetHints":{"allow":["GET"]}}],"collection":[{"href":"https:\/\/miradordeatarfe.es\/index.php?rest_route=\/wp\/v2\/posts"}],"about":[{"href":"https:\/\/miradordeatarfe.es\/index.php?rest_route=\/wp\/v2\/types\/post"}],"author":[{"embeddable":true,"href":"https:\/\/miradordeatarfe.es\/index.php?rest_route=\/wp\/v2\/users\/1"}],"replies":[{"embeddable":true,"href":"https:\/\/miradordeatarfe.es\/index.php?rest_route=%2Fwp%2Fv2%2Fcomments&post=76718"}],"version-history":[{"count":2,"href":"https:\/\/miradordeatarfe.es\/index.php?rest_route=\/wp\/v2\/posts\/76718\/revisions"}],"predecessor-version":[{"id":76722,"href":"https:\/\/miradordeatarfe.es\/index.php?rest_route=\/wp\/v2\/posts\/76718\/revisions\/76722"}],"wp:featuredmedia":[{"embeddable":true,"href":"https:\/\/miradordeatarfe.es\/index.php?rest_route=\/wp\/v2\/media\/76719"}],"wp:attachment":[{"href":"https:\/\/miradordeatarfe.es\/index.php?rest_route=%2Fwp%2Fv2%2Fmedia&parent=76718"}],"wp:term":[{"taxonomy":"category","embeddable":true,"href":"https:\/\/miradordeatarfe.es\/index.php?rest_route=%2Fwp%2Fv2%2Fcategories&post=76718"},{"taxonomy":"post_tag","embeddable":true,"href":"https:\/\/miradordeatarfe.es\/index.php?rest_route=%2Fwp%2Fv2%2Ftags&post=76718"}],"curies":[{"name":"wp","href":"https:\/\/api.w.org\/{rel}","templated":true}]}}