{"id":76725,"date":"2025-05-14T10:21:00","date_gmt":"2025-05-14T08:21:00","guid":{"rendered":"https:\/\/miradordeatarfe.es\/?p=76725"},"modified":"2025-05-10T13:18:06","modified_gmt":"2025-05-10T11:18:06","slug":"las-nuevas-reglas-para-hacer-los-menus-escolares-mas-saludables-no-estaran-en-vigor-hasta-abril-de-2026","status":"publish","type":"post","link":"https:\/\/miradordeatarfe.es\/?p=76725","title":{"rendered":"Las nuevas reglas para hacer los men\u00fas escolares m\u00e1s saludables no estar\u00e1n en vigor hasta abril de 2026"},"content":{"rendered":"\n<p class=\"has-medium-font-size\"><strong>Proh\u00edbe la venta de bebidas azucaradas y boller\u00eda industrial en las m\u00e1quinas expendedoras de los centros<\/strong>.<\/p>\n\n\n\n<p>El BOE recoge <a href=\"https:\/\/boe.es\/boe\/dias\/2025\/04\/16\/pdfs\/BOE-A-2025-7659.pdf#BOEn\" target=\"_blank\" rel=\"noreferrer noopener\">el decreto<\/a> de alimentaci\u00f3n saludable en centros escolares, que proh\u00edbe determinados productos y establece l\u00edmites para que los men\u00fas contengan m\u00e1s alimentos frescos y pescado, y menos frituras y carnes rojas. Eso s\u00ed, la norma establece que <strong>la mayor\u00eda de sus art\u00edculos no entrar\u00e1n en vigor hasta dentro de un a\u00f1o<\/strong>. Y establece que el cumplimiento de estas normas no puede suponer que suba el precio del men\u00fa escolar.<\/p>\n\n\n\n<p>La norma afecta a centros p\u00fablicos, concertados y privados que imparten educaci\u00f3n infantil (2\u00ba ciclo), educaci\u00f3n primaria, educaci\u00f3n especial, educaci\u00f3n secundaria obligatoria, bachillerato o ciclos de formaci\u00f3n profesional.<\/p>\n\n\n\n<h3 class=\"wp-block-heading\" id=\"fruta-y-verdura-a-diario-y-pescado-al-menos-una-vez-a-la-semana\">Fruta y verdura a diario y pescado al menos una vez a la semana<\/h3>\n\n\n\n<p>Uno de los puntos m\u00e1s importantes es el que marca reglas para los <strong>men\u00fas escolares, que deben ser supervisados por nutricionistas<\/strong>. Los primeros platos deben incluir de una a dos raciones semanales de hortalizas y legumbres, y una de arroz o pasta. En los segundos <strong>se priorizar\u00e1 el pescado -azul o blanco, alternados- y los huevos (en ambos casos, de una a tres raciones por semana)<\/strong>, frente a las carnes, con un m\u00e1ximo de tres veces por semana. Solo se podr\u00e1 servir carne roja una vez por semana como m\u00e1ximo y, dos veces, carnes procesadas.<\/p>\n\n\n\n<p>Las guarniciones deber\u00e1n ser ensaladas entre tres y cuatro d\u00edas de la semana, dejando fuera otro tipo como las patatas, que solo se podr\u00e1n servir una o dos veces. <strong>De postre, es obligatorio incluir fruta un m\u00ednimo de cuatro d\u00edas a la semana<\/strong>. Y solo un d\u00eda se podr\u00e1n ofrecer otras cosas, como yogures. Para beber, solo agua. Y al menos dos veces por semana el pan o el arroz o la pasta debe ser integral.<\/p>\n\n\n\n<p>La norma tambi\u00e9n regula las formas de preparaci\u00f3n: <strong>no podr\u00e1n servirse frituras m\u00e1s de una vez por semana y los platos precocinados est\u00e1n casi vetados: solo una vez al mes<\/strong>.<\/p>\n\n\n\n<p>El decreto regula, adem\u00e1s, c\u00f3mo deben ser las compras de los centros escolares pero, en este caso, a partir de abril de 2027, dentro de dos a\u00f1os: <strong>un 45% de la fruta y verdura deber\u00e1 ser de temporada<\/strong>; el 5% del coste o dos platos principales deben ser de producci\u00f3n ecol\u00f3gica; y el aceite para ensaladas debe ser virgen, y de oliva o girasol alto oleico para fre\u00edr. Solo se podr\u00e1n usar concentraciones de caldos o potenciadores de sabor reducidos en sal.<\/p>\n\n\n\n<p>La regla general es priorizar alimentos con menos envases y t\u00e9cnicas m\u00e1s saludables (plancha versus fritos). Y se deber\u00e1 reducir la sal, tambi\u00e9n en el tama\u00f1o de los envases monodosis.<\/p>\n\n\n\n<h3 class=\"wp-block-heading\" id=\"veto-a-boller\u00eda-industrial-y-bebidas-azucaradas-en-m\u00e1quinas-de-vending\">Veto a boller\u00eda industrial y bebidas azucaradas en m\u00e1quinas de <em>vending<\/em><\/h3>\n\n\n\n<p>La norma tambi\u00e9n <strong>pone l\u00edmites a lo que se podr\u00e1 vender en m\u00e1quinas expendedoras a partir de su entrada en vigor, dentro de un a\u00f1o<\/strong>. Proh\u00edbe los alimentos de m\u00e1s de 200 kilocalorias y tambi\u00e9n aquellas con m\u00e1s de un 35% de ellas provenientes de la grasa (excepto yogures, leche y frutos secos).<\/p>\n\n\n\n<p>Tampoco pueden ofrecerse productos un m\u00e1s de un 10% de grasas saturadas a\u00f1adidas, m\u00e1s de un 10% de az\u00facares a\u00f1adidos o m\u00e1s de 0,5 gramos de sal por raci\u00f3n.<\/p>\n\n\n\n<p>En paralelo, no se podr\u00e1n vender productos envasados con m\u00e1s de 15 miligramos de cafe\u00edna por cada cien mililitros. Este tipo de bebidas podr\u00e1n ofrecerse a adultos del centro, s\u00ed, pero solo en espacios no accesibles al alumnado.<\/p>\n\n\n\n<p>Adem\u00e1s, <strong>estas m\u00e1quinas no podr\u00e1n estar situadas en zonas a las que accedan estudiantes de infantil y primaria ni incluir publicidad<\/strong> de alimentos o bebidas.<\/p>\n\n\n\n<p><a href=\"https:\/\/civio.es\/equipo\/eva-belmonte\/\"><strong>Eva Belmonte<\/strong><\/a><\/p>\n\n\n\n<p><a href=\"https:\/\/civio.es\/el-boe-nuestro-de-cada-dia\/2025\/04\/16\/comedores-escolares\/?utm_source=Lista+General+de+Civio&amp;utm_campaign=0b3a654a6d-Resumen+mensual+Abril+2025&amp;utm_medium=email&amp;utm_term=0_-204209ff80-394924976&amp;mc_cid=0b3a654a6d&amp;mc_eid=e1ad62923d\">https:\/\/civio.es\/el-boe-nuestro-de-cada-dia\/2025\/04\/16\/comedores-escolares\/?utm_source=Lista+General+de+Civio&amp;utm_campaign=0b3a654a6d-Resumen+mensual+Abril+2025&amp;utm_medium=email&amp;utm_term=0_-204209ff80-394924976&amp;mc_cid=0b3a654a6d&amp;mc_eid=e1ad62923d<\/a><\/p>\n","protected":false},"excerpt":{"rendered":"<p>Proh\u00edbe la venta de bebidas azucaradas y boller\u00eda industrial en las m\u00e1quinas expendedoras de los&#8230;<\/p>\n","protected":false},"author":1,"featured_media":76726,"comment_status":"closed","ping_status":"closed","sticky":false,"template":"","format":"standard","meta":{"_coblocks_attr":"","_coblocks_dimensions":"","_coblocks_responsive_height":"","_coblocks_accordion_ie_support":"","jetpack_post_was_ever_published":false,"_jetpack_newsletter_access":"","_jetpack_dont_email_post_to_subs":false,"_jetpack_newsletter_tier_id":0,"_jetpack_memberships_contains_paywalled_content":false,"_jetpack_memberships_contains_paid_content":false,"footnotes":"","jetpack_publicize_message":"","jetpack_publicize_feature_enabled":true,"jetpack_social_post_already_shared":true,"jetpack_social_options":{"image_generator_settings":{"template":"highway","default_image_id":0,"enabled":false},"version":2}},"categories":[187,186,44],"tags":[],"class_list":["post-76725","post","type-post","status-publish","format-standard","has-post-thumbnail","hentry","category-centros-educativos","category-instituciones","category-noticias-de-hoy"],"jetpack_publicize_connections":[],"jetpack_featured_media_url":"https:\/\/i0.wp.com\/miradordeatarfe.es\/wp-content\/uploads\/2025\/05\/comedor_escuelas.jpg?fit=1024%2C560&ssl=1","jetpack_likes_enabled":true,"jetpack_sharing_enabled":true,"_links":{"self":[{"href":"https:\/\/miradordeatarfe.es\/index.php?rest_route=\/wp\/v2\/posts\/76725","targetHints":{"allow":["GET"]}}],"collection":[{"href":"https:\/\/miradordeatarfe.es\/index.php?rest_route=\/wp\/v2\/posts"}],"about":[{"href":"https:\/\/miradordeatarfe.es\/index.php?rest_route=\/wp\/v2\/types\/post"}],"author":[{"embeddable":true,"href":"https:\/\/miradordeatarfe.es\/index.php?rest_route=\/wp\/v2\/users\/1"}],"replies":[{"embeddable":true,"href":"https:\/\/miradordeatarfe.es\/index.php?rest_route=%2Fwp%2Fv2%2Fcomments&post=76725"}],"version-history":[{"count":2,"href":"https:\/\/miradordeatarfe.es\/index.php?rest_route=\/wp\/v2\/posts\/76725\/revisions"}],"predecessor-version":[{"id":76729,"href":"https:\/\/miradordeatarfe.es\/index.php?rest_route=\/wp\/v2\/posts\/76725\/revisions\/76729"}],"wp:featuredmedia":[{"embeddable":true,"href":"https:\/\/miradordeatarfe.es\/index.php?rest_route=\/wp\/v2\/media\/76726"}],"wp:attachment":[{"href":"https:\/\/miradordeatarfe.es\/index.php?rest_route=%2Fwp%2Fv2%2Fmedia&parent=76725"}],"wp:term":[{"taxonomy":"category","embeddable":true,"href":"https:\/\/miradordeatarfe.es\/index.php?rest_route=%2Fwp%2Fv2%2Fcategories&post=76725"},{"taxonomy":"post_tag","embeddable":true,"href":"https:\/\/miradordeatarfe.es\/index.php?rest_route=%2Fwp%2Fv2%2Ftags&post=76725"}],"curies":[{"name":"wp","href":"https:\/\/api.w.org\/{rel}","templated":true}]}}