{"id":76756,"date":"2025-05-12T11:00:00","date_gmt":"2025-05-12T09:00:00","guid":{"rendered":"https:\/\/miradordeatarfe.es\/?p=76756"},"modified":"2025-05-10T11:31:56","modified_gmt":"2025-05-10T09:31:56","slug":"damos-un-paso-mas-por-un-atarfe-mas-limpio-y-sostenible","status":"publish","type":"post","link":"https:\/\/miradordeatarfe.es\/?p=76756","title":{"rendered":"\u00a1Damos un paso m\u00e1s por un Atarfe m\u00e1s limpio y sostenible!"},"content":{"rendered":"\n<p class=\"has-medium-font-size\"><strong>El Ayuntamiento de Atarfe con motivo de la \u00faltima campa\u00f1a de concienciaci\u00f3n y dando respuesta a las peticiones que se le han trasladado, amplia el horario del Punto Limpio <\/strong><\/p>\n\n\n\n<p>Los puntos limpios son instalaciones acondicionadas para la recepci\u00f3n y acopio de aquellos residuos dom\u00e9sticos que, aportados por particulares, no deben ser depositados en los contenedores situados en la v\u00eda p\u00fablica. Estas instalaciones de recogida selectiva est\u00e1n dotadas de viales, \u00e1reas de carga y descarga, contenedores de residuos espec\u00edficos y cerramiento perimetral.<\/p>\n\n\n\n<p>Sin duda, los puntos limpios son una pieza clave de la recogida selectiva y de la aplicaci\u00f3n de la normativa de residuos de aparatos el\u00e9ctricos y electr\u00f3nicos. Al favorecer la recuperaci\u00f3n de materiales, contribuyen a disminuir el dep\u00f3sito en vertedero como f\u00f3rmula de gesti\u00f3n.<\/p>\n\n\n\n<p>NUEVO HORARIO del PUNTO LIMPIO DE ATARFE:<\/p>\n\n\n\n<p>&#x1f539;<strong> Lunes a Viernes:<br \/>&#x25aa; 08:00 \u2013 14:00<br \/>&#x25aa; 16:00 \u2013 19:00<\/strong><\/p>\n\n\n\n<p>&#x1f539; <strong>S\u00e1bados:<br \/>&#x25aa; 09:00 \u2013 14:00<\/strong><\/p>\n\n\n\n<p>Desde el Ayuntamiento nos indica que siguen trabajando para facilitarnos el reciclaje y el cuidado de nuestro .ENTORNO Y AGRADECE  la  implicaci\u00f3n de todos los vecinos<\/p>\n\n\n\n<p><strong>\u00a1Entre todos, hacemos un Atarfe m\u00e1s verde!<\/strong><\/p>\n\n\n\n<figure class=\"wp-block-image size-full is-resized\"><img data-recalc-dims=\"1\" loading=\"lazy\" decoding=\"async\" width=\"600\" height=\"750\" src=\"https:\/\/i0.wp.com\/miradordeatarfe.es\/wp-content\/uploads\/2025\/05\/Imagen-de-WhatsApp-2025-05-08-a-las-13.11.42_7c553ad8.jpg?resize=600%2C750&#038;ssl=1\" alt=\"\" class=\"wp-image-76757\" style=\"width:706px;height:auto\" srcset=\"https:\/\/i0.wp.com\/miradordeatarfe.es\/wp-content\/uploads\/2025\/05\/Imagen-de-WhatsApp-2025-05-08-a-las-13.11.42_7c553ad8.jpg?w=600&amp;ssl=1 600w, https:\/\/i0.wp.com\/miradordeatarfe.es\/wp-content\/uploads\/2025\/05\/Imagen-de-WhatsApp-2025-05-08-a-las-13.11.42_7c553ad8.jpg?resize=240%2C300&amp;ssl=1 240w\" sizes=\"auto, (max-width: 600px) 100vw, 600px\" \/><\/figure>\n\n\n\n<p class=\"has-large-font-size\">LOCALIZACI\u00d3N:<\/p>\n\n\n\n<p class=\"has-large-font-size\"><a href=\"https:\/\/maps.app.goo.gl\/sAsUxoqXHYvMV8XK8\">https:\/\/maps.app.goo.gl\/sAsUxoqXHYvMV8XK8<\/a><\/p>\n\n\n\n\n","protected":false},"excerpt":{"rendered":"<p>El Ayuntamiento de Atarfe con motivo de la \u00faltima campa\u00f1a de concienciaci\u00f3n y dando respuesta&#8230;<\/p>\n","protected":false},"author":1,"featured_media":76758,"comment_status":"closed","ping_status":"closed","sticky":false,"template":"","format":"standard","meta":{"_coblocks_attr":"","_coblocks_dimensions":"","_coblocks_responsive_height":"","_coblocks_accordion_ie_support":"","jetpack_post_was_ever_published":false,"_jetpack_newsletter_access":"","_jetpack_dont_email_post_to_subs":false,"_jetpack_newsletter_tier_id":0,"_jetpack_memberships_contains_paywalled_content":false,"_jetpack_memberships_contains_paid_content":false,"footnotes":"","jetpack_publicize_message":"","jetpack_publicize_feature_enabled":true,"jetpack_social_post_already_shared":true,"jetpack_social_options":{"image_generator_settings":{"template":"highway","default_image_id":0,"enabled":false},"version":2}},"categories":[6916,186,9,44],"tags":[],"class_list":["post-76756","post","type-post","status-publish","format-standard","has-post-thumbnail","hentry","category-ayuntamiento-de-atarfe","category-instituciones","category-medio-ambiente","category-noticias-de-hoy"],"jetpack_publicize_connections":[],"jetpack_featured_media_url":"https:\/\/i0.wp.com\/miradordeatarfe.es\/wp-content\/uploads\/2025\/05\/Screenshot-2025-05-10-at-11-30-45-Punto-limpio-Google-Maps.png?fit=930%2C630&ssl=1","jetpack_likes_enabled":true,"jetpack_sharing_enabled":true,"_links":{"self":[{"href":"https:\/\/miradordeatarfe.es\/index.php?rest_route=\/wp\/v2\/posts\/76756","targetHints":{"allow":["GET"]}}],"collection":[{"href":"https:\/\/miradordeatarfe.es\/index.php?rest_route=\/wp\/v2\/posts"}],"about":[{"href":"https:\/\/miradordeatarfe.es\/index.php?rest_route=\/wp\/v2\/types\/post"}],"author":[{"embeddable":true,"href":"https:\/\/miradordeatarfe.es\/index.php?rest_route=\/wp\/v2\/users\/1"}],"replies":[{"embeddable":true,"href":"https:\/\/miradordeatarfe.es\/index.php?rest_route=%2Fwp%2Fv2%2Fcomments&post=76756"}],"version-history":[{"count":1,"href":"https:\/\/miradordeatarfe.es\/index.php?rest_route=\/wp\/v2\/posts\/76756\/revisions"}],"predecessor-version":[{"id":76759,"href":"https:\/\/miradordeatarfe.es\/index.php?rest_route=\/wp\/v2\/posts\/76756\/revisions\/76759"}],"wp:featuredmedia":[{"embeddable":true,"href":"https:\/\/miradordeatarfe.es\/index.php?rest_route=\/wp\/v2\/media\/76758"}],"wp:attachment":[{"href":"https:\/\/miradordeatarfe.es\/index.php?rest_route=%2Fwp%2Fv2%2Fmedia&parent=76756"}],"wp:term":[{"taxonomy":"category","embeddable":true,"href":"https:\/\/miradordeatarfe.es\/index.php?rest_route=%2Fwp%2Fv2%2Fcategories&post=76756"},{"taxonomy":"post_tag","embeddable":true,"href":"https:\/\/miradordeatarfe.es\/index.php?rest_route=%2Fwp%2Fv2%2Ftags&post=76756"}],"curies":[{"name":"wp","href":"https:\/\/api.w.org\/{rel}","templated":true}]}}