{"id":76825,"date":"2025-05-14T10:00:00","date_gmt":"2025-05-14T08:00:00","guid":{"rendered":"https:\/\/miradordeatarfe.es\/?p=76825"},"modified":"2025-05-14T14:12:14","modified_gmt":"2025-05-14T12:12:14","slug":"muere-el-expresidente-de-uruguay-pepe-mujica-el-revolucionario-tranquilo","status":"publish","type":"post","link":"https:\/\/miradordeatarfe.es\/?p=76825","title":{"rendered":"Muere el expresidente de Uruguay Pepe Mujica, el revolucionario tranquilo"},"content":{"rendered":"\n<p class=\"has-medium-font-size\"><strong>El exguerrillero y s\u00edmbolo de la izquierda latinoamericana fallece tras una larga lucha contra el c\u00e1ncer. Su carisma y su capacidad de ser un or\u00e1culo de la austeridad y la sencillez fascinaron al mundo<\/strong>\u00a0<\/p>\n\n\n\n<p>Muri\u00f3 Jos\u00e9 <em>Pepe<\/em> Mujica. Esta vez s\u00ed, a los 89 a\u00f1os, consider\u00f3 que era tiempo de irse, seg\u00fan ha anunciado este martes el presidente de Uruguay, Yamand\u00fa Orsi, a trav\u00e9s de las redes sociales. <a href=\"https:\/\/elpais.com\/argentina\/2025-01-09\/jose-mujica-anuncia-que-el-cancer-que-padece-se-ha-expandido-al-higado-y-no-hara-mas-tratamientos-hasta-aca-llegue.html\">\u201cHasta ac\u00e1 llegu\u00e9\u201d, hab\u00eda dicho a principios de enero. <\/a>Pero no le fue f\u00e1cil dejar a tanta gente hu\u00e9rfana. Tampoco hace 50 a\u00f1os, cuando recibi\u00f3 seis balazos. Ni durante los 10 a\u00f1os en que estuvo confinado por los militares en un pozo de poco m\u00e1s de un metro cuadrado. La primera vez, recibi\u00f3 12 litros de sangre y se salv\u00f3. La segunda, domestic\u00f3 ranas y aliment\u00f3 ratones para no volverse loco. Emergi\u00f3 del agujero m\u00e1s sabio, sol\u00eda contar, y volvi\u00f3 a lo suyo: la pol\u00edtica. En 1994, fue electo diputado por Montevideo; en 1999, senador; en 2010, presidente de Uruguay con casi el 55% de los votos. Pepe Mujica fascin\u00f3 al mundo como un or\u00e1culo de la austeridad y la sencillez, una <em>rara avis<\/em> que al final de sus d\u00edas lanzaba advertencias con pesimismo, pero sin perder la fe en el hombre. \u201cYo me dediqu\u00e9 a cambiar el mundo y no cambi\u00e9 un carajo, pero estuve entretenido y le di un sentido a mi vida. Morir\u00e9 feliz. Gast\u00e9 so\u00f1ando, peleando, luchando. Me cagaron a palos y todo lo dem\u00e1s. No importa, no tengo cuentas para cobrar\u201d, <a href=\"https:\/\/elpais.com\/america\/2024-11-17\/jose-pepe-mujica-le-pido-a-la-vida-que-me-permita-seguir-ladrando-un-poco.html\">le dijo a EL PA\u00cdS en octubre,<\/a> \u201cdeshecho\u201d como estaba por las sesiones de radioterapia que recib\u00eda como tratamiento contra el c\u00e1ncer.<\/p>\n\n\n\n<figure class=\"wp-block-image\"><img data-recalc-dims=\"1\" decoding=\"async\" src=\"https:\/\/i0.wp.com\/imagenes.elpais.com\/resizer\/v2\/MJ57ULUTD5HDVGRPUVCQ76NGQM.jpg?w=640&#038;ssl=1\" alt=\"Jos\u00e9 Mujica durante una entrevista en su oficina del Congreso de Montevideo, el 26 de noviembre de 1999. En el fondo, se ve un retrato de Ra\u00fal Sendic, el fallecido fundador del movimiento guerrillero Tupamaro. \"\/><figcaption class=\"wp-element-caption\">Jos\u00e9 Mujica durante una entrevista en su oficina del Congreso de Montevideo, el 26 de noviembre de 1999. En el fondo, se ve un retrato de Ra\u00fal Sendic, el fallecido fundador del movimiento guerrillero Tupamaro. EDUARDO DI BAIA (ASSOCIATED PRESS)<\/figcaption><\/figure>\n\n\n\n<p>Vencedor en mil batallas, Mujica perdi\u00f3 la guerra contra el c\u00e1ncer. Primero en el es\u00f3fago, y luego en el h\u00edgado. Cuando se comprob\u00f3 la met\u00e1stasis, estaba agotado y decidi\u00f3 tirar la toalla. \u201cMe dieron 31 bombazos [de rayos] a las siete de la ma\u00f1ana todos los d\u00edas. Lo hicieron mierda [al c\u00e1ncer], pero me dejaron un agujero as\u00ed\u201d, contaba, dibujando con los dedos un c\u00edrculo grande como una naranja. Las secuelas del tratamiento le imped\u00edan alimentarse y se sent\u00eda d\u00e9bil y cansado. Hace seis meses tuvo una de sus \u00faltimas apariciones en p\u00fablico para el cierre de campa\u00f1a de su candidato a la presidencia, <a href=\"https:\/\/elpais.com\/america\/2024-10-27\/yamandu-orsi-el-canario-bendecido-por-pepe-mujica.html\">Yamand\u00fa Orsi,<\/a> quien finalmente ganar\u00eda a la derecha en una segunda vuelta celebrada el 24 de noviembre pasado. Mujica estaba durante esos d\u00edas exultante: dejaba la vara de su legado pol\u00edtico en manos j\u00f3venes, a las que invitaba \u201ca vivir con sobriedad, porque cuanto m\u00e1s ten\u00e9s, menos feliz sos\u201d.<\/p>\n\n\n\n<p>Jos\u00e9 Alberto Mujica Cordano, ese era su nombre completo, hab\u00eda nacido en 1935 en el barrio Paso de la Arena, en la periferia rural de Montevideo. Su madre era horticultora y su padre un peque\u00f1o estanciero que muri\u00f3 pobre en 1940, cuando Mujica ten\u00eda seis a\u00f1os. A los 14 a\u00f1os, el joven ya exig\u00eda en las calles reivindicaciones salariales para los obreros de su barrio. En 1964, se sum\u00f3 a la guerrilla del Movimiento de Liberaci\u00f3n Nacional-Tupamaros. Estuvo preso cuatro veces y particip\u00f3 de dos escapes, uno de ellos legendario, en septiembre 1971, cuando 106 guerrilleros huyeron de la c\u00e1rcel de Punta Carretas, en Montevideo, por un largo t\u00fanel cavado durante meses. <a href=\"https:\/\/elpais.com\/diario\/2009\/12\/06\/domingo\/1260075160_850215.html\">Fue recapturado y en 1972 se convirti\u00f3 en uno de los \u201cnueve rehenes\u201d<\/a> del r\u00e9gimen militar: los cabecillas tupamaros presos ser\u00edan ejecutados en prisi\u00f3n si su organizaci\u00f3n volv\u00eda a las armas.<\/p>\n\n\n\n<figure class=\"wp-block-image\"><a href=\"https:\/\/elpais.com\/america\/2025-05-14\/muere-a-los-89-anos-jose-pepe-mujica-el-revolucionario-tranquilo.html?autoplay=1#\"><img data-recalc-dims=\"1\" decoding=\"async\" src=\"https:\/\/i0.wp.com\/imagenes.elpais.com\/resizer\/v2\/HMM2CFSBCFGJXFLHM7PJ7SCUOY.jpg?w=640&#038;ssl=1\" alt=\"\"\/><\/a><figcaption class=\"wp-element-caption\">Jos\u00e9 Mujica camina en el patio de su chacra en Uruguay.<\/figcaption><\/figure>\n\n\n\n<p>La pel\u00edcula <a href=\"https:\/\/elpais.com\/cultura\/2018\/11\/21\/actualidad\/1542838027_277453.html\"><em>La noche de 12 a\u00f1os <\/em>(2018), de \u00c1lvaro Brechner,<\/a> reconstruye el paso de Mujica y sus compa\u00f1eros de armas por esa prisi\u00f3n militar. \u201cNos toc\u00f3 pelear con la locura, porque m\u00e1s bien, en ese tipo de prisi\u00f3n, buscaron que qued\u00e1ramos lelos. Y triunfamos: no quedamos lelos\u201d, dijo en ocasi\u00f3n del estreno del film. Siempre que pod\u00eda, recordaba sus esfuerzos para conectarse con la vida en un pozo en el que apenas pod\u00eda moverse. \u201cEstuve siete a\u00f1os encerrado en una pieza m\u00e1s chica que esta. Sin un libro, sin nada para leer. Me sacaban una vez al mes, dos veces al mes, a caminar por un patio media hora. Siete a\u00f1os as\u00ed. Estuve a punto de ponerme loco. Aprend\u00ed a caminar legua adentro, para all\u00e1 y para ac\u00e1\u201d, dijo en su \u00faltima entrevista con este peri\u00f3dico. \u201cPara mantenerme cuerdo me puse a recordar cosas que hab\u00eda le\u00eddo, cosas que hab\u00eda pensado cuando joven. Despu\u00e9s me dediqu\u00e9 a cambiar el mundo y ah\u00ed no le\u00ed nada. No pude cambiar el mundo, pero aquello que hab\u00eda le\u00eddo de joven me sirvi\u00f3. Hablo con el que llevo adentro y eso me rescat\u00f3 cuando ca\u00ed preso y estaba en soledad. Entr\u00e9 a recordar y a recordar y a recordar\u201d.<\/p>\n\n\n\n<figure class=\"wp-block-image\"><img data-recalc-dims=\"1\" decoding=\"async\" src=\"https:\/\/i0.wp.com\/imagenes.elpais.com\/resizer\/v2\/TYFHGGYFXRGBHNIAMPIJWA6H3I.jpg?w=640&#038;ssl=1\" alt=\"El entonces candidato presidencial por el Frente Amplio emite su voto en las elecciones presidenciales del 25 de octubre de 2009, en Montevideo (Uruguay).\"\/><figcaption class=\"wp-element-caption\">El entonces candidato presidencial por el Frente Amplio emite su voto en las elecciones presidenciales del 25 de octubre de 2009, en Montevideo (Uruguay).Matilde Campodonico (AP\/ LaPresse)<\/figcaption><\/figure>\n\n\n\n<p>Mujica no sali\u00f3 ileso de aquel agujero. Enferm\u00f3 gravemente de la vejiga y finalmente perdi\u00f3 un ri\u00f1\u00f3n. Pero sobrevivi\u00f3. En <em>Mujica,<\/em> una biograf\u00eda escrita por Miguel \u00c1ngel Campod\u00f3nico, el expresidente recordaba su paso por los cuarteles, pero sin victimizarse. \u201cYo no soy afecto a hablar de la tortura y de lo mal que lo pas\u00e9. Incluso, me da un poco de bronca porque he visto que a veces ha habido una especie de carrera medida con un \u2018tortur\u00f3metro\u2019. Gente que se complace en repetir \u2018ah, qu\u00e9 mal la pas\u00e9\u201d. Sus detractores le recriminan que como presidente no hiciera lo suficiente para enjuiciar a los militares responsables de desapariciones y torturas durante la dictadura. Mujica respond\u00eda que hab\u00eda decidido \u201cno cobrar\u201d la deuda que ten\u00edan con \u00e9l sus carceleros. \u201cEn la vida hay heridas que no tienen cura y hay que aprender a seguir viviendo. Yo s\u00e9 que hay gente que no me va a acompa\u00f1ar, pero opto por una posici\u00f3n m\u00e1s inteligente y menos sentimental. Por eso no us\u00e9 el poder para condenar a los milicos [militares]. Si voy a cobrar las que tengo para cobrar&#8230; Dios me libre\u201d, le dijo a EL PA\u00cdS. De todas formas, Mujica siempre vio aquellos a\u00f1os como los que m\u00e1s \u201cmoldearon\u201d su manera de pensar. \u201cLa necesidad de existir lo lleva a uno a pensar y repensar y hacerse preguntas que en la vida cotidiana dif\u00edcilmente se hagan\u201d, sol\u00eda decir.<\/p>\n\n\n\n<figure class=\"wp-block-image\"><img data-recalc-dims=\"1\" decoding=\"async\" src=\"https:\/\/i0.wp.com\/imagenes.elpais.com\/resizer\/v2\/7N4SAG5W4NCKHKCTMURWLDCMZQ.jpg?w=640&#038;ssl=1\" alt=\"Jos\u00e9 Mujica en su chacra, el d\u00eda 31 de octubre de 2024. \n\n\"\/><figcaption class=\"wp-element-caption\">Jos\u00e9 Mujica en su chacra, el d\u00eda 31 de octubre de 2024.<\/figcaption><\/figure>\n\n\n\n<p>De esas preguntas y las respuestas que encontr\u00f3 naci\u00f3 el Mujica que encandil\u00f3 al mundo, ese pol\u00edtico de izquierdas que se hizo o\u00edr desde un peque\u00f1o pa\u00eds sudamericano. Lleg\u00f3 a su primer d\u00eda como senador en moto, vestido de paisano, directamente desde su chacra en Rinc\u00f3n del Cerro, a media hora por carretera de Montevideo. Vivi\u00f3 all\u00ed rodeado de hortalizas, su perra de tres patas <em>Manuela<\/em> y animales de granja desde que fue indultado en 1985 y hasta su muerte. Fue en ese refugio rural donde llev\u00f3 hasta el paroxismo su militancia por la frugalidad y la vida m\u00ednima. No baj\u00f3 de su tractor ni de su Volskwagen escarabajo celeste del 87 ni siquiera cuando fue presidente. Aquellos que quisiesen entrevistarlo deb\u00edan meter sus pies en el barro<a href=\"https:\/\/elpais.com\/america\/2024-12-06\/lula-condecora-a-jose-mujica-la-persona-mas-extraordinaria-que-he-conocido.html\">, ya sean mandatarios como Luiz In\u00e1cio Lula da Silva<\/a> o reyes como Juan Carlos de Borb\u00f3n, al que recibi\u00f3 en 2015 horas despu\u00e9s de dejar el cargo. \u201cDicen que soy un presidente pobre. Pobres son los que precisan mucho. Yo aprend\u00ed a vivir liviano de equipaje. T\u00fa no puedes, porque tuviste la desgracia de ser rey\u201d, le dijo entre risas, sin dejar de tutearlo.<\/p>\n\n\n\n<p>Mujica sol\u00eda replicar al lugar com\u00fan que supon\u00eda retratarlo como \u201cel presidente m\u00e1s pobre del mundo\u201d. \u201cMi mundo es este, ni mejor ni peor, es otro\u201d, dijo en otra ocasi\u00f3n, en referencia al punto de vista del documental <em>El Pepe, una vida suprema<\/em>, del serbio Emir Kusturica. \u201cLa clave est\u00e1 en la moral\u201d, repet\u00eda. \u201cEl problema es que nos toca vivir una \u00e9poca consumista, donde pensamos que triunfar en la vida es comprar cosas nuevas y pagar cuotas. Con lo cual estamos construyendo sociedades auto explotadas. Ten\u00e9s tiempo para trabajar, pero no para vivir\u201d. Por eso advert\u00eda a los j\u00f3venes que la libertad es \u201chacer con tu vida lo que a vos se te antoja, que de repente es boludear, porque la cultura es hija del boludeo\u201d.<\/p>\n\n\n\n<figure class=\"wp-block-image\"><img data-recalc-dims=\"1\" decoding=\"async\" src=\"https:\/\/i0.wp.com\/imagenes.elpais.com\/resizer\/v2\/4NOOV4OHPJCC3ALZNJLAVDPLWY.jpg?w=640&#038;ssl=1\" alt=\"Jos\u00e9 Mujica y su esposa Luc\u00eda Topolansky durante el funeral de Ra\u00fal Sendic, el 7 de mayo de 1989. \"\/><figcaption class=\"wp-element-caption\">Jos\u00e9 Mujica y su esposa Luc\u00eda Topolansky durante el funeral de Ra\u00fal Sendic, el 7 de mayo de 1989. Cortes\u00eda de la familia.<\/figcaption><\/figure>\n\n\n\n<p>De sus a\u00f1os como guerrillero es su relaci\u00f3n con Luc\u00eda Topolanzky. Se conocieron cuando \u00e9l ten\u00eda 37 a\u00f1os y ella 27, durante una operaci\u00f3n clandestina. Durante los a\u00f1os de cautiverio apenas intercambiaron unas cartas y se reencontraron definitivamente en 1985, ya en democracia. De aquellos a\u00f1os recuerdan poco, contaba ella, porque \u201cesto se parece bastante a esos relatos de las guerras, donde las relaciones humanas tienen un marco de distorsi\u00f3n porque t\u00fa est\u00e1s corriendo, pod\u00e9s caer preso, te pueden matar. No tiene los par\u00e1metros de una vida normal\u201d. Topolanzky lleg\u00f3 al Senado en 2005 por el Frente Amplio y en 2010 le coloc\u00f3 la banda presidencial a su marido, un honor que mereci\u00f3 por haber sido la legisladora m\u00e1s votada. Siete a\u00f1os despu\u00e9s, fue vicepresidenta de Tabar\u00e9 V\u00e1zquez. Mujica y Topolanzky no se separaron jam\u00e1s. \u201cEl amor tiene edades. Cuando eres joven, es una hoguera. Cuando eres viejo, es una dulce costumbre. Si estoy vivo es porque est\u00e1 ella\u201d, dijo Mujica poco antes de morir.<\/p>\n\n\n\n<p>Su primer discurso como senador en el a\u00f1o 2000 lo dedic\u00f3 a las vacas. En 2005, fue ministro de Ganader\u00eda de <a href=\"https:\/\/elpais.com\/america\/2024-11-23\/uruguay-la-democracia-tranquila.html\">Tabar\u00e9 V\u00e1zquez.<\/a> Y ya como presidente, propuso discutir la propiedad de los grandes latifundistas y resolver el problema de la mano de obra en el campo \u201cimportando\u201d campesinos de los pa\u00edses vecinos. Impuls\u00f3 adem\u00e1s una agenda de derechos que fue vanguardia en la regi\u00f3n: legaliz\u00f3 el aborto y el matrimonio igualitario y regul\u00f3 el comercio y el consumo de marihuana. El mundo comenz\u00f3, de un d\u00eda para el otro, a mirar hacia Uruguay. Mujica recordaba de aquellos a\u00f1os en el poder su relaci\u00f3n con Barack Obama, \u201cun tipo inteligente que ve\u00eda los problemas\u201d. Y, sobre todo, su amistad profunda con el brasile\u00f1o Lula, al que consideraba \u201cuna figura de car\u00e1cter mundial\u201d.<\/p>\n\n\n\n<figure class=\"wp-block-image\"><img data-recalc-dims=\"1\" decoding=\"async\" src=\"https:\/\/i0.wp.com\/imagenes.elpais.com\/resizer\/v2\/MXNZ3UHP4JDHDD6SFFUZ77KRYA.jpg?w=640&#038;ssl=1\" alt=\"El expresidente uruguayo Jos\u00e9 Mujica asiste a una manifestaci\u00f3n en apoyoa  Lula da Silva en Santana do Livramento, Brasil, el 19 de marzo de 2018.\"\/><figcaption class=\"wp-element-caption\">El expresidente uruguayo Jos\u00e9 Mujica asiste a una manifestaci\u00f3n en apoyoa Lula da Silva en Santana do Livramento, Brasil, el 19 de marzo de 2018.picture alliance (picture alliance via Getty Image)<\/figcaption><\/figure>\n\n\n\n<p>En 2018, Mujica dej\u00f3, finalmente, la pol\u00edtica activa. Abandon\u00f3 su banca en el Senado con una carta a la presidenta del Congreso, su propia esposa, en la que aleg\u00f3 \u201cmotivos personales y cansancio del largo viaje\u201d. <a href=\"https:\/\/elpais.com\/america\/2024-10-29\/el-frente-amplio-apuesta-por-mujica-para-movilizar-a-su-electorado-en-la-segunda-vuelta-en-uruguay.html\">Sigui\u00f3, de todas formas, militando en el Frente Amplio<\/a> y opinando sobre la actualidad a quien quisiese escucharlo. Cuando se enter\u00f3 de que ten\u00eda c\u00e1ncer prometi\u00f3 dar batalla, pero era evidente que ya estaba cansado. Hasta el final de sus d\u00edas aclar\u00f3 que no pretend\u00eda para s\u00ed el bronce de la historia. \u201cLos hombres no hacemos historia, hacemos historieta\u201d, dijo en una de sus \u00faltimas entrevistas. \u201c\u00bfPor qu\u00e9? Porque en la inmensidad del universo y del tiempo somos demasiado engre\u00eddos. Eso de fabricar a un dios con figuras de personas humanas y todo lo dem\u00e1s, es un viejo atavismo\u201d. Antes de morir, Mujica pidi\u00f3 que ya no le pidiesen entrevistas. \u201cYa termin\u00f3 mi ciclo. Sinceramente, me estoy muriendo y el guerrero tiene derecho a su descanso\u201d, dijo al semanario <em>B\u00fasqueda.<\/em> Comunic\u00f3 entonces al mundo su decisi\u00f3n de morir en su chacra y descansar \u201cdebajo de la secuoya grandota\u201d donde en 2018 enterr\u00f3 a su perra <em>Manuela<\/em>. \u201cY ya est\u00e1\u201d, dijo, y as\u00ed se despidi\u00f3 de la vida<\/p>\n\n\n\n<p><a href=\"https:\/\/elpais.com\/autor\/federico-rivas-molina\/#?rel=author_top\"><strong>Federico Rivas Molina<\/strong><\/a><\/p>\n\n\n\n<p>FOTO: Pepe Mujica, en la playa junto a su casa de Rinc\u00f3n del Cerro (Uruguay) en febrero de 2014.Foto: Jordi Soc\u00edas<\/p>\n\n\n\n<p><a href=\"https:\/\/elpais.com\/america\/2025-05-14\/muere-a-los-89-anos-jose-pepe-mujica-el-revolucionario-tranquilo.html?autoplay=1\">https:\/\/elpais.com\/america\/2025-05-14\/muere-a-los-89-anos-jose-pepe-mujica-el-revolucionario-tranquilo.html?autoplay=1<\/a><\/p>\n","protected":false},"excerpt":{"rendered":"<p>El exguerrillero y s\u00edmbolo de la izquierda latinoamericana fallece tras una larga lucha contra el&#8230;<\/p>\n","protected":false},"author":1,"featured_media":76880,"comment_status":"closed","ping_status":"closed","sticky":false,"template":"","format":"standard","meta":{"_coblocks_attr":"","_coblocks_dimensions":"","_coblocks_responsive_height":"","_coblocks_accordion_ie_support":"","jetpack_post_was_ever_published":false,"_jetpack_newsletter_access":"","_jetpack_dont_email_post_to_subs":false,"_jetpack_newsletter_tier_id":0,"_jetpack_memberships_contains_paywalled_content":false,"_jetpack_memberships_contains_paid_content":false,"footnotes":"","jetpack_publicize_message":"","jetpack_publicize_feature_enabled":true,"jetpack_social_post_already_shared":true,"jetpack_social_options":{"image_generator_settings":{"template":"highway","default_image_id":0,"enabled":false},"version":2}},"categories":[1161,44,7671,1],"tags":[],"class_list":["post-76825","post","type-post","status-publish","format-standard","has-post-thumbnail","hentry","category-ciudadania","category-noticias-de-hoy","category-politica","category-uncategorized"],"jetpack_publicize_connections":[],"jetpack_featured_media_url":"https:\/\/i0.wp.com\/miradordeatarfe.es\/wp-content\/uploads\/2025\/05\/MUGICA.png?fit=663%2C498&ssl=1","jetpack_likes_enabled":true,"jetpack_sharing_enabled":true,"_links":{"self":[{"href":"https:\/\/miradordeatarfe.es\/index.php?rest_route=\/wp\/v2\/posts\/76825","targetHints":{"allow":["GET"]}}],"collection":[{"href":"https:\/\/miradordeatarfe.es\/index.php?rest_route=\/wp\/v2\/posts"}],"about":[{"href":"https:\/\/miradordeatarfe.es\/index.php?rest_route=\/wp\/v2\/types\/post"}],"author":[{"embeddable":true,"href":"https:\/\/miradordeatarfe.es\/index.php?rest_route=\/wp\/v2\/users\/1"}],"replies":[{"embeddable":true,"href":"https:\/\/miradordeatarfe.es\/index.php?rest_route=%2Fwp%2Fv2%2Fcomments&post=76825"}],"version-history":[{"count":1,"href":"https:\/\/miradordeatarfe.es\/index.php?rest_route=\/wp\/v2\/posts\/76825\/revisions"}],"predecessor-version":[{"id":76826,"href":"https:\/\/miradordeatarfe.es\/index.php?rest_route=\/wp\/v2\/posts\/76825\/revisions\/76826"}],"wp:featuredmedia":[{"embeddable":true,"href":"https:\/\/miradordeatarfe.es\/index.php?rest_route=\/wp\/v2\/media\/76880"}],"wp:attachment":[{"href":"https:\/\/miradordeatarfe.es\/index.php?rest_route=%2Fwp%2Fv2%2Fmedia&parent=76825"}],"wp:term":[{"taxonomy":"category","embeddable":true,"href":"https:\/\/miradordeatarfe.es\/index.php?rest_route=%2Fwp%2Fv2%2Fcategories&post=76825"},{"taxonomy":"post_tag","embeddable":true,"href":"https:\/\/miradordeatarfe.es\/index.php?rest_route=%2Fwp%2Fv2%2Ftags&post=76825"}],"curies":[{"name":"wp","href":"https:\/\/api.w.org\/{rel}","templated":true}]}}