{"id":76938,"date":"2025-05-17T10:00:55","date_gmt":"2025-05-17T08:00:55","guid":{"rendered":"https:\/\/miradordeatarfe.es\/?p=76938"},"modified":"2025-05-15T13:47:22","modified_gmt":"2025-05-15T11:47:22","slug":"mas-control-publico-y-mas-renovables-las-cinco-lecciones-que-hemos-aprendido-del-gran-apagon","status":"publish","type":"post","link":"https:\/\/miradordeatarfe.es\/?p=76938","title":{"rendered":"M\u00e1s control p\u00fablico y m\u00e1s renovables: las cinco lecciones que hemos aprendido del gran apag\u00f3n"},"content":{"rendered":"\n<p class=\"has-medium-font-size\"><strong>El corte el\u00e9ctrico del 28 de abril no fue un fracaso de las renovables, sino un aviso sobre lo mucho que falta por hacer para que sean resilientes. Los expertos apuntan a varias claves para fortalecer el sistema<\/strong>.<\/p>\n\n\n\n<p>La culpa del apag\u00f3n no fue de las renovables. Tampoco las nucleares fueron la soluci\u00f3n. <strong>As\u00ed lo subrayan las voces de la ciencia<\/strong>. Mientras la ministra para la Transici\u00f3n Ecol\u00f3gica, Sara Aagesen, desminti\u00f3 este mi\u00e9rcoles en el Congreso que se tratara de<a href=\"https:\/\/www.publico.es\/politica\/congreso\/gobierno-descarta-ciberataque-red-electrica-causa-apagon.html\"> un ciberataque<\/a>, los expertos dan a conocer las primeras lecciones aprendidas del corte el\u00e9ctrico que dej\u00f3 a <a href=\"https:\/\/www.publico.es\/public\/antonio-turiel-l-expert-predir-l-apagada-irresponsabilitat-criminal-per-part-les-grans-companyies.html\">toda la pen\u00ednsula ib\u00e9rica sin luz durante varias horas el pasado 28 de abril<\/a>. La inversi\u00f3n p\u00fablica, el almacenamiento y la modernizaci\u00f3n de las infraestructuras son algunas de <strong>las claves para hacer la red m\u00e1s resiliente<\/strong>.<\/p>\n\n\n\n<p>\u00bfQu\u00e9 es lo que pas\u00f3? Todav\u00eda es pronto para conocer el origen, seg\u00fan puntualiz\u00f3 <strong>Luis Badesa<\/strong>, profesor de Sistemas de Energ\u00eda de la <strong>Universidad Polit\u00e9cnica de Madrid<\/strong> (UPM), durante un encuentro con expertos este martes. Sin embargo, existen algunos datos que pueden ser \u00fatiles para dilucidar c\u00f3mo pueden <strong>Espa\u00f1a <\/strong>y <strong>Portugal<\/strong> hacer frente a<a href=\"https:\/\/www.publico.es\/politica\/poco-luz-oscuridad-sistema-electrico-expertos-ven-riesgo-culpar-renovables-apagon.html\"> futuros escenarios similares<\/a>. En torno a las 12.20 horas del 28 de abril, se registraron <strong>oscilaciones inter\u00e1rea<\/strong>, es decir, cambios repentinos en los par\u00e1metros de la red el\u00e9ctrica en diferentes lugares.<\/p>\n\n\n\n<p>Todo lo dem\u00e1s sucedi\u00f3 en menos de un minuto. Entre las 12.32 y las 12.33 horas del 28 de abril, tuvieron lugar tres p\u00e9rdidas de generaci\u00f3n que supusieron <strong>una p\u00e9rdida total de 2,2 gigavatios<\/strong> (GW). Dos segundos despu\u00e9s de la \u00faltima p\u00e9rdida de generaci\u00f3n, la pen\u00ednsula ib\u00e9rica <a href=\"https:\/\/www.publico.es\/tremending\/cerveza-caliente-pero-helado-gratis-hilarante-recopilatorio-tiktoks-sobre-apagon-espana.html\">se convirti\u00f3 en una isla energ\u00e9tica<\/a> y acaeci\u00f3 una \u00abdesconexi\u00f3n masiva de generaci\u00f3n\u00bb que llev\u00f3 al corte cero (el apag\u00f3n total), indic\u00f3 Badesa.<\/p>\n\n\n\n<h2 class=\"wp-block-heading\">Una red el\u00e9ctrica p\u00fablica<\/h2>\n\n\n\n<p>Aunque todav\u00eda existen muchas incertezas sobre este acontecimiento hist\u00f3rico en Espa\u00f1a, hay una cosa clara: el apag\u00f3n era evitable si el sistema hubiera sido (m\u00e1s) resiliente. Sin embargo, las infraestructuras y reformas necesarias para fortalecer la red el\u00e9ctrica requieren de <strong>una inversi\u00f3n econ\u00f3mica que las empresas privadas a\u00fan no han asumido<\/strong>. Por esta raz\u00f3n, es fundamental que \u00abel operador del sistema recupere su funci\u00f3n de servicio p\u00fablico\u00bb, declara a <em>P\u00fablico<\/em><strong>&nbsp;Ismael Morales<\/strong>, responsable&nbsp;de Pol\u00edticas Clim\u00e1ticas de <strong>Fundaci\u00f3n Renovables<\/strong>.<\/p>\n\n\n\n<p>En la actualidad, el 20% de la red el\u00e9ctrica es de propiedad estatal. \u00abQuiz\u00e1s deber\u00eda disponer de mayor capacidad de actuaci\u00f3n con inversi\u00f3n en almacenamiento\u00bb, valora Morales. \u00abTiene que recuperar el papel m\u00e1s activo en cuanto a las tecnolog\u00edas que permiten gestionar el sistema\u00bb. En una l\u00ednea similar se expres\u00f3 <strong>Elena&nbsp;Pravettoni<\/strong>, jefa de&nbsp;de An\u00e1lisis en la <strong>Comisi\u00f3n de Transici\u00f3n Energ\u00e9tica<\/strong> (ETC, por sus siglas en ingl\u00e9s) durante el encuentro con expertos de este martes: \u00abEl foco debe estar en la planificaci\u00f3n, la inversi\u00f3n, las nuevas tecnolog\u00edas y la coordinaci\u00f3n transfronteriza, y <strong>no culpar a las energ\u00edas limpias<\/strong>\u00ab.<\/p>\n\n\n\n<h2 class=\"wp-block-heading\">La falacia de las nucleares<\/h2>\n\n\n\n<p>Otra de las lecciones en la que insisten los expertos es que red el\u00e9ctrica resiliente no pasa por <a href=\"https:\/\/www.publico.es\/sociedad\/m-ambiente\/pp-defiende-nucleares-pleno-debate-sobre-transicion-autoconsumo-energetico.html\">incrementar la producci\u00f3n de energ\u00eda nuclear<\/a>, pese a la f\u00e9rrea defensa de la misma que el Partido Popular realiza a colaci\u00f3n del corte el\u00e9ctrico. Si bien estas centrales \u00abpresentan estabilidad y son muy constantes \u2013lo cual aporta seguridad\u2013 tambi\u00e9n <strong>tardaron mucho en arrancar<\/strong>\u00ab, explica a este medio&nbsp;Jos\u00e9 Luis Dom\u00ednguez, responsable de Sistemas El\u00e9ctricos de&nbsp;Potencia en el<strong> Instituto de Investigaci\u00f3n en Energ\u00eda de Catalunya<\/strong> (IREC).<\/p>\n\n\n\n<p>\u00abSe ha visto perfectamente que las nucleares en cuanto a resiliencia no aportan nada\u00bb, subraya Morales. El divulgador cient\u00edfico se\u00f1ala que \u00ab<strong>las nucleares solo aportaron el 5% de la demanda energ\u00e9tica hasta el 7 de mayo<\/strong> y&nbsp;no respondieron en la semana del apag\u00f3n. Est\u00e1 claro que <a href=\"https:\/\/www.publico.es\/sociedad\/m-ambiente\/limpia-segura-barata-bulos-compra-derecha-alargar-vida-energia-nuclear.html\">no pueden aportar resiliencia a la red<\/a>\u00ab, insiste. En su lugar, Dom\u00ednguez aboga por aumentar los requerimientos de seguridad que fortalezcan la penetraci\u00f3n de renovables en el sistema.<\/p>\n\n\n\n<h2 class=\"wp-block-heading\">Reforzar el almacenamiento de energ\u00eda renovable<\/h2>\n\n\n\n<p>La manera de conseguir que las energ\u00edas renovables sean resilientes frente a las oscilaciones extraordinarias que tuvieron lugar el 28 de abril es invertir en los llamados \u00ab<strong>sistemas de estabilizaci\u00f3n<\/strong>\u00ab, los cuales permiten equilibrar los posibles <a href=\"https:\/\/www.publico.es\/sociedad\/m-ambiente\/sueno-sistema-electrico-100-renovable-espana-cerca-crees.html\">desajustes entre la oferta y la demanda energ\u00e9tica<\/a>. Dom\u00ednguez apunta que estos sistemas pueden referirse a diferentes mecanismos.<\/p>\n\n\n\n<p>Coincide con \u00e9l<strong> Sonia Dunlop<\/strong>, consejera delegada de&nbsp;Global Solar Council y que tambi\u00e9n particip\u00f3 en el encuentro de expertos:&nbsp;\u00abProbablemente va a ser una gran parte de la soluci\u00f3n aqu\u00ed en Espa\u00f1a\u00bb. El almacenaje puede materializarse mediante diferentes mecanismos; Dunlop y Dom\u00ednguez mencionan el \u00ab<strong>almacenamiento por bombeo<\/strong>\u00ab, caracter\u00edstico de la<a href=\"https:\/\/www.publico.es\/opinion\/muchas-mentiras-pocos-ignorantes-apagon.html\"> energ\u00eda hidr\u00e1ulica<\/a>. Consiste en el bombeo de agua hacia arriba de un embalse a otro mediante turbinas. Cuando es necesario, se libera el agua para que caiga hacia abajo y a trav\u00e9s de las mismas turbinas se genera electricidad.<\/p>\n\n\n\n<h2 class=\"wp-block-heading\">Modernizar la red el\u00e9ctrica: el &#8216;grid-forming&#8217;<\/h2>\n\n\n\n<p>Tambi\u00e9n Morales identifica el almacenamiento como uno de los puntos en los que se debe poner el foco para<strong>&nbsp;desarrollar una red el\u00e9ctrica robusta<\/strong>. En concreto, Morales&nbsp;vincula el desarrollo de bater\u00edas a la modernizaci\u00f3n de la red el\u00e9ctrica porque permiten incluir la tecnolog\u00eda <em>grid-forming<\/em>. Traducible como \u00ab<strong>formaci\u00f3n de red\u00bb<\/strong>, este mecanismo aporta \u00abinercia sint\u00e9tica\u00bb a la electricidad producida mediante renovables.<\/p>\n\n\n\n<p>La inercia es lo que normalmente aporta estabilidad a la red. <strong>Las fuentes tradicionales de energ\u00eda utilizan turbinas rotatorias<\/strong>, que al ser muy pesadas, son las que proporcionan esta inercia. Sin embargo, la solar o la e\u00f3lica carecen de estas turbinas, pero los dispositivos electr\u00f3nicos pueden hacer uso del <em>grid-forming<\/em>&nbsp;para <strong>garantizar su estabilidad<\/strong>. \u00abEn <strong>Australia<\/strong>, tras el apag\u00f3n de de 2016, se aprob\u00f3 una nueva regulaci\u00f3n que obligaba a todos los generadores de m\u00e1s de diez kilovatios a incluir sistemas <em>grid- forming<\/em>. Esto, por ejemplo, les ha permitido <a href=\"https:\/\/www.publico.es\/sociedad\/m-ambiente\/sueno-sistema-electrico-100-renovable-espana-cerca-crees.html\">alcanzar en algunos puntos el 100% de renovables<\/a>, por lo que una de las principales propuestas es que se replique en Espa\u00f1a\u00bb, precisa Morales.<\/p>\n\n\n\n<h2 class=\"wp-block-heading\">Aumentar las interconexiones<\/h2>\n\n\n\n<p>Las interconexiones transfronterizas son otra de las grandes lecciones que puede sacar Espa\u00f1a de esta experiencia. El pa\u00eds \u00absiempre ha sido deficiente en este sentido, con solo un 3% de interconexi\u00f3n, frente<strong> al objetivo del 15% que se ha fijado la UE<\/strong>\u00ab, advirti\u00f3 Dunlop. Con estas cifras, Dom\u00ednguez expresa que pr\u00e1cticamente \u00abahora somos una isla energ\u00e9tica\u00bb y aboga por aumentar las relaciones del sistema el\u00e9ctrico peninsular con <strong>Francia <\/strong>y <strong>Marruecos<\/strong>.<\/p>\n\n\n\n<p>Dom\u00ednguez matiza que \u00abla red el\u00e9ctrica est\u00e1 pensada para no depender de nadie\u00bb por su naturaleza peninsular, pero apunta a <strong>Alemania <\/strong>como ejemplo, que cuenta con conexiones a las redes de<strong> Francia, Dinamarca y Polonia<\/strong>. Tambi\u00e9n Morales indica que \u00abEspa\u00f1a tiene 2,8 GW de conexi\u00f3n con Francia, mientras que Alemania tiene 23 GW\u00bb. En el caso de Italia, que al ser una pen\u00ednsula, puede encontrar los mismos problemas de interconexi\u00f3n que Espa\u00f1a, tiene \u00ab9,3 GW de conexi\u00f3n con <strong>Suiza<\/strong>, con <strong>Grecia <\/strong>y con <strong>T\u00fanez<\/strong>\u00ab, a\u00f1ade.<\/p>\n\n\n\n<p>\u00abTenemos que pensar en c\u00f3mo las redes pueden ser m\u00e1s resilientes a todo tipo de fen\u00f3menos\u00bb, concluye Dunlop. El fortalecimiento de las interconexiones, las tecnolog\u00edas de <em>grid-forming<\/em>, el almacenamiento de energ\u00edas renovables o la intervenci\u00f3n p\u00fablica son algunos de los aprendizajes que destacan los expertos. El corte de electricidad que sufri\u00f3 la pen\u00ednsula ib\u00e9rica<strong> contin\u00faa bajo an\u00e1lisis y los cient\u00edficos y t\u00e9cnicos investigan a\u00fan su origen<\/strong>, el cual puede arrojar m\u00e1s luz sobre las maneras en las que podemos hacer frente a futuros posibles apagones.<\/p>\n\n\n\n<p><a href=\"https:\/\/www.publico.es\/author\/adhik-arrilucea\"><strong>Adhik Arrilucea<\/strong><\/a><\/p>\n\n\n\n<p>FOTO: <strong>Fernando S\u00e1nchez \/ Europa Press<\/strong><\/p>\n\n\n\n<p><a href=\"https:\/\/www.publico.es\/sociedad\/m-ambiente\/control-publico-renovables-cinco-lecciones-hemos-aprendido-gran-apagon.html\">https:\/\/www.publico.es\/sociedad\/m-ambiente\/control-publico-renovables-cinco-lecciones-hemos-aprendido-gran-apagon.html<\/a><\/p>\n","protected":false},"excerpt":{"rendered":"<p>El corte el\u00e9ctrico del 28 de abril no fue un fracaso de las renovables, sino&#8230;<\/p>\n","protected":false},"author":1,"featured_media":76940,"comment_status":"closed","ping_status":"closed","sticky":false,"template":"","format":"standard","meta":{"_coblocks_attr":"","_coblocks_dimensions":"","_coblocks_responsive_height":"","_coblocks_accordion_ie_support":"","jetpack_post_was_ever_published":false,"_jetpack_newsletter_access":"","_jetpack_dont_email_post_to_subs":false,"_jetpack_newsletter_tier_id":0,"_jetpack_memberships_contains_paywalled_content":false,"_jetpack_memberships_contains_paid_content":false,"footnotes":"","jetpack_publicize_message":"","jetpack_publicize_feature_enabled":true,"jetpack_social_post_already_shared":true,"jetpack_social_options":{"image_generator_settings":{"template":"highway","default_image_id":0,"enabled":false},"version":2}},"categories":[10797,1161,186,9,44],"tags":[],"class_list":["post-76938","post","type-post","status-publish","format-standard","has-post-thumbnail","hentry","category-ciencia","category-ciudadania","category-instituciones","category-medio-ambiente","category-noticias-de-hoy"],"jetpack_publicize_connections":[],"jetpack_featured_media_url":"https:\/\/i0.wp.com\/miradordeatarfe.es\/wp-content\/uploads\/2025\/05\/6824cc1d613e6.jpeg?fit=990%2C557&ssl=1","jetpack_likes_enabled":true,"jetpack_sharing_enabled":true,"_links":{"self":[{"href":"https:\/\/miradordeatarfe.es\/index.php?rest_route=\/wp\/v2\/posts\/76938","targetHints":{"allow":["GET"]}}],"collection":[{"href":"https:\/\/miradordeatarfe.es\/index.php?rest_route=\/wp\/v2\/posts"}],"about":[{"href":"https:\/\/miradordeatarfe.es\/index.php?rest_route=\/wp\/v2\/types\/post"}],"author":[{"embeddable":true,"href":"https:\/\/miradordeatarfe.es\/index.php?rest_route=\/wp\/v2\/users\/1"}],"replies":[{"embeddable":true,"href":"https:\/\/miradordeatarfe.es\/index.php?rest_route=%2Fwp%2Fv2%2Fcomments&post=76938"}],"version-history":[{"count":1,"href":"https:\/\/miradordeatarfe.es\/index.php?rest_route=\/wp\/v2\/posts\/76938\/revisions"}],"predecessor-version":[{"id":76941,"href":"https:\/\/miradordeatarfe.es\/index.php?rest_route=\/wp\/v2\/posts\/76938\/revisions\/76941"}],"wp:featuredmedia":[{"embeddable":true,"href":"https:\/\/miradordeatarfe.es\/index.php?rest_route=\/wp\/v2\/media\/76940"}],"wp:attachment":[{"href":"https:\/\/miradordeatarfe.es\/index.php?rest_route=%2Fwp%2Fv2%2Fmedia&parent=76938"}],"wp:term":[{"taxonomy":"category","embeddable":true,"href":"https:\/\/miradordeatarfe.es\/index.php?rest_route=%2Fwp%2Fv2%2Fcategories&post=76938"},{"taxonomy":"post_tag","embeddable":true,"href":"https:\/\/miradordeatarfe.es\/index.php?rest_route=%2Fwp%2Fv2%2Ftags&post=76938"}],"curies":[{"name":"wp","href":"https:\/\/api.w.org\/{rel}","templated":true}]}}