{"id":76969,"date":"2025-05-22T09:35:00","date_gmt":"2025-05-22T07:35:00","guid":{"rendered":"https:\/\/miradordeatarfe.es\/?p=76969"},"modified":"2025-05-18T14:31:07","modified_gmt":"2025-05-18T12:31:07","slug":"la-policia-nacional-pone-en-marcha-en-granada-una-furgoneta-con-oficina-para-expedir-el-dni-y-pasaporte","status":"publish","type":"post","link":"https:\/\/miradordeatarfe.es\/?p=76969","title":{"rendered":"La Polic\u00eda Nacional pone en marcha en Granada una furgoneta con oficina para expedir el DNI y pasaporte"},"content":{"rendered":"\n<p class=\"has-medium-font-size\"><strong>Se est\u00e1 desplazando por la provincia, especialmente en zonas rurales, para acercar los tr\u00e1mites a la poblaci\u00f3n con m\u00e1s dificultad para ir a una comisar\u00eda.<\/strong><\/p>\n\n\n\n<p>La Polic\u00eda Nacional ha puesto en marcha la distribuci\u00f3n de una nueva remesa de Veh\u00edculos Integrales de Documentaci\u00f3n -VIDOC- para la  expedici\u00f3n de documentaci\u00f3n. Granada ya dispone del suyo, por lo que <br \/>este veh\u00edculo especializado, una furgoneta dotada de oficina en el interior, ya est\u00e1 recorriendo las zonas rurales de la provincia, dando servicio a la demanda de los ciudadanos de esas localidades para la <br \/>expedici\u00f3n tanto del DNI como del pasaporte en un mismo acto y de forma inmediata.Con el fin de facilitar los tr\u00e1mites en aquellos lugares donde no llegan ciertos servicios, la Polic\u00eda Nacional ha distribuido a nivel nacional 80 furgonetas denominadas VIDOC, siglas asignadas a \u201cVeh\u00edculo <br \/>Integral de Documentaci\u00f3n\u201d.<\/p>\n\n\n\n<p>Se trata de furgonetas \u00faltimo modelo con una longitud de 7,367 metros  de longitud y 2,960 metros de altura, que est\u00e1n serigrafiadas con distintivos policiales y disponen de ac\u00fasticos, luminosos y sistemas de <br \/>comunicaci\u00f3n. Pero que, adem\u00e1s, tienen una particularidad especial: En ellas se puede tramitar la expedici\u00f3n del Documento Nacional de Identidad o del Pasaporte de forma inmediata sin tener que acudir a un una oficina f\u00edsica de expedici\u00f3n de documentaci\u00f3n.<\/p><p class=\"img\"><\/p><div class=\"media media-element-container media-default\"><div id=\"file-115059\" class=\"file file-image file-image-jpeg\"><br \/><br \/>        <h2 class=\"element-invisible\"><\/h2><br \/>    <br \/>  <br \/>  <div class=\"content\"><br \/>    <img data-recalc-dims=\"1\" loading=\"lazy\" decoding=\"async\" data-delta=\"1\" width=\"640\" height=\"562\" class=\"media-element file-default\" src=\"https:\/\/i0.wp.com\/www.elindependientedegranada.es\/sites\/default\/files\/vehiculo_vidoc_2.jpg?resize=640%2C562&#038;ssl=1\" alt=\"\"\/><\/div><br \/><br \/>  <br \/><\/div><br \/>Veh\u00edculo VIDOC. <span class=\"firma\">Polic\u00eda Nacional<\/span><\/div><p>Hasta el momento se encontraban operativos 21 veh\u00edculos, que hab\u00edan sido asignados definitivamente a diferentes provincias espa\u00f1olas, y dentro de este despliegue progresivo, el pasado d\u00eda 12 de febrero se <br \/>procedi\u00f3 a la entrega de otros 19, siendo asignada en esta \u00faltima entrega una de estas unidades al DNI M\u00f3vil de Granada, el cual ya est\u00e1 siendo utilizado para desplazarse a las diferentes localidades de la <br \/>provincia, donde podr\u00e1n dar un servicio m\u00e1s completo y r\u00e1pido a los ciudadanos de las zonas rurales.De esta forma, este tr\u00e1mite que requer\u00eda de tres pasos (desplazamiento y toma de huellas, impresi\u00f3n en dependencias, y posterior entrega en punto de solicitud), se podr\u00e1 realizar desde ahora <br \/>en unos minutos, tanto para el DNI como para el pasaporte.<\/p>\n\n\n\n<p> Su funcionamiento ser\u00e1 de lunes a viernes.Por otra parte, todos los ciudadanos seguir\u00e1n pudiendo utilizar todos  los d\u00edas los 7 PADs ubicados en diferentes localidades de la provincia,  concretamente en Almu\u00f1\u00e9car, Guadix, Hu\u00e9scar, \u00cdllora, Iznalloz, Loja y \u00d3rgiva, encontr\u00e1ndose \u00e9stos ubicados en\u00a0 las instalaciones municipales designadas por cada uno de\u00a0 los Ayuntamientos, a disposici\u00f3n de los <br \/>ciudadanos que los necesiten.Estos dispositivos permiten la renovaci\u00f3n de los certificados electr\u00f3nicos de los documentos de identidad,\u00a0 el cambio de la contrase\u00f1a de acceso, as\u00ed como el\u00a0\u00a0 registro en la aplicaci\u00f3n MiDNI.<\/p>\n\n\n\n<p><strong>&#8211; IndeGranada<\/strong><\/p>\n\n\n\n<p>FOTO: nterior de la furgoneta-oficina para expedir DNI y pasaporte.<\/p>\n\n\n\n<p>http:\/\/www.elindependientedegranada.es\/ciudadania\/policia-nacional-pone-marcha-granada-furgoneta-con-oficina-expedir-dni-pasaporte<\/p>\n","protected":false},"excerpt":{"rendered":"<p>Se est\u00e1 desplazando por la provincia, especialmente en zonas rurales, para acercar los tr\u00e1mites a&#8230;<\/p>\n","protected":false},"author":1,"featured_media":76971,"comment_status":"closed","ping_status":"closed","sticky":false,"template":"","format":"standard","meta":{"_coblocks_attr":"","_coblocks_dimensions":"","_coblocks_responsive_height":"","_coblocks_accordion_ie_support":"","jetpack_post_was_ever_published":false,"_jetpack_newsletter_access":"","_jetpack_dont_email_post_to_subs":false,"_jetpack_newsletter_tier_id":0,"_jetpack_memberships_contains_paywalled_content":false,"_jetpack_memberships_contains_paid_content":false,"footnotes":"","jetpack_publicize_message":"","jetpack_publicize_feature_enabled":true,"jetpack_social_post_already_shared":true,"jetpack_social_options":{"image_generator_settings":{"template":"highway","default_image_id":0,"enabled":false},"version":2}},"categories":[1161,44,6937,6920],"tags":[],"class_list":["post-76969","post","type-post","status-publish","format-standard","has-post-thumbnail","hentry","category-ciudadania","category-noticias-de-hoy","category-sociedad","category-tecnologia"],"jetpack_publicize_connections":[],"jetpack_featured_media_url":"https:\/\/i0.wp.com\/miradordeatarfe.es\/wp-content\/uploads\/2025\/05\/interior2_0.jpg?fit=684%2C463&ssl=1","jetpack_likes_enabled":true,"jetpack_sharing_enabled":true,"_links":{"self":[{"href":"https:\/\/miradordeatarfe.es\/index.php?rest_route=\/wp\/v2\/posts\/76969","targetHints":{"allow":["GET"]}}],"collection":[{"href":"https:\/\/miradordeatarfe.es\/index.php?rest_route=\/wp\/v2\/posts"}],"about":[{"href":"https:\/\/miradordeatarfe.es\/index.php?rest_route=\/wp\/v2\/types\/post"}],"author":[{"embeddable":true,"href":"https:\/\/miradordeatarfe.es\/index.php?rest_route=\/wp\/v2\/users\/1"}],"replies":[{"embeddable":true,"href":"https:\/\/miradordeatarfe.es\/index.php?rest_route=%2Fwp%2Fv2%2Fcomments&post=76969"}],"version-history":[{"count":1,"href":"https:\/\/miradordeatarfe.es\/index.php?rest_route=\/wp\/v2\/posts\/76969\/revisions"}],"predecessor-version":[{"id":76972,"href":"https:\/\/miradordeatarfe.es\/index.php?rest_route=\/wp\/v2\/posts\/76969\/revisions\/76972"}],"wp:featuredmedia":[{"embeddable":true,"href":"https:\/\/miradordeatarfe.es\/index.php?rest_route=\/wp\/v2\/media\/76971"}],"wp:attachment":[{"href":"https:\/\/miradordeatarfe.es\/index.php?rest_route=%2Fwp%2Fv2%2Fmedia&parent=76969"}],"wp:term":[{"taxonomy":"category","embeddable":true,"href":"https:\/\/miradordeatarfe.es\/index.php?rest_route=%2Fwp%2Fv2%2Fcategories&post=76969"},{"taxonomy":"post_tag","embeddable":true,"href":"https:\/\/miradordeatarfe.es\/index.php?rest_route=%2Fwp%2Fv2%2Ftags&post=76969"}],"curies":[{"name":"wp","href":"https:\/\/api.w.org\/{rel}","templated":true}]}}