{"id":76978,"date":"2025-05-20T09:13:00","date_gmt":"2025-05-20T07:13:00","guid":{"rendered":"https:\/\/miradordeatarfe.es\/?p=76978"},"modified":"2025-05-18T12:18:26","modified_gmt":"2025-05-18T10:18:26","slug":"una-crianza-de-locos-mucho-gasto-y-tu-quieres-tener-otro-bebe","status":"publish","type":"post","link":"https:\/\/miradordeatarfe.es\/?p=76978","title":{"rendered":"Una crianza de locos, mucho gasto&#8230; \u00bfy t\u00fa quieres tener otro beb\u00e9?"},"content":{"rendered":"\n<p class=\"has-medium-font-size\"><strong>Por qu\u00e9 nos encaminamos hacia un mundo de hijos \u00fanicos&#8230; y sobreprotegidos<\/strong><\/p>\n\n\n\n<p>Que la paternidad de hoy est\u00e1 a a\u00f1os luz de la de nuestros padres es una de esas obviedades que cae por su propio peso. En aquella generaci\u00f3n ni siquiera exist\u00eda el concepto de padre ausente y ahora la mayor\u00eda de los progenitores vivir\u00eda como una cat\u00e1strofe perderse alg\u00fan cap\u00edtulo importante de sus v\u00e1stagos. Muchos han desembocado en esa crianza exigente que los expertos llaman \u00abintensiva\u00bb, en la que la obligaci\u00f3n de cubrir hasta la \u00faltima necesidad -quiz\u00e1 m\u00e1s bien el \u00faltimo deseo- de los hijos les lleva a vivir con la lengua fuera. En semejante marco, \u00bfqui\u00e9n se anima a ir a por el segundo?<\/p>\n\n\n\n<p>\u00abCada vez somos m\u00e1s conscientes de la importancia de la crianza, la relevancia que tiene estar presentes para validar las emociones, para acompa\u00f1ar\u00bb, explica la psic\u00f3loga Silvia \u00c1lava. Eso requiere m\u00e1s tiempo, m\u00e1s dedicaci\u00f3n, m\u00e1s esfuerzo. \u00abEn ocasiones estamos malentendiendo esa crianza y nos vamos a un t\u00e9rmino m\u00e1s sobreprotector. Esa idea de &#8216;como a m\u00ed no me cuesta nada ya se lo hago yo que ya tendr\u00e1 tiempo para sufrir&#8217;. No es una crianza consciente si acabamos en &#8216;ya te resuelvo yo todo&#8217;. Eso tiene unas consecuencias negativas\u00bb. Por un lado, reducimos la autonom\u00eda de los peques y adem\u00e1s estresamos a los padres hasta el l\u00edmite. Y, si eso pasa con uno, con dos o tres es un imposible.<\/p>\n\n\n\n<p>Los datos de 2023 detallan que las mujeres espa\u00f1olas tienen 1,09 hijos. Al margen de ese aire surrealista que tienen las medias, la conclusi\u00f3n es que impera el modelo de hijo \u00fanico. Seg\u00fan el INE nacieron 323.034 beb\u00e9s en Espa\u00f1a en 2024. El a\u00f1o anterior fueron 320.606, la cifra m\u00e1s baja -atenci\u00f3n al dato, que viene curva- desde 1941. Hay m\u00faltiples factores que nos han llevado a tocar suelo en los registros del \u00faltimo siglo. Echemos un vistazo.<\/p>\n\n\n\n<p>En primer lugar, el sablazo. 334.343 euros es lo que cuesta tener un hijo hasta los 31 a\u00f1os, seg\u00fan un estudio de Raisin. Una ni\u00f1a sale por 324.894. La diferencia, seg\u00fan los autores, se debe a que ellas se emancipan antes y bajan las facturas. Una curiosidad, por si alguno cree que lo caro son los pa\u00f1ales: la franja m\u00e1s prohibitiva va de los 12 a los 18 a\u00f1os, donde los padres precisan de media, 100.000 euros para dar respuesta a los gastos de sus hijos.<\/p>\n\n\n\n<p>En estos gastos, esa crianza volcada en ellos tambi\u00e9n dispara los costes. Durante siglos, las familias vieron en sus hijos -y en contar con ellos en abundancia- una ayuda para las labores del campo y del hogar. Se ve\u00eda como una obligaci\u00f3n familiar garantizar las manos que har\u00edan la cosecha y dar\u00edan futuro a la casa. Hay estudios que se\u00f1alan incluso que, cuando la mortalidad infantil comenz\u00f3 a bajar, se produjo un descenso de la natalidad porque se ve\u00eda el relevo garantizado.<\/p>\n\n\n\n<p>Hoy en d\u00eda es lo contrario. Los ni\u00f1os y j\u00f3venes, lejos de ser vistos como ingreso, requieren inversi\u00f3n. Y, en esta crianza volcada en ellos, mucho m\u00e1s. Se les quiere dar lo mejor y allanarles el camino. Es lo que sucede con la educaci\u00f3n, que es la segunda gran partida del gasto. Quiz\u00e1 una familia media pueda mandar fuera al ni\u00f1o en verano para que aprenda ingl\u00e9s, pero \u00bfa los dos? \u00bfa los tres? Multipliquen.<\/p>\n\n\n\n<p>\u00abLa parte econ\u00f3mica es muy importante, pero tambi\u00e9n la edad de la maternidad se ha retrasado y no da tiempo a tener tantos hijos. Tambi\u00e9n hay serias dificultades para conciliar la vida laboral\u00bb, ahonda Silvia \u00c1lava. Hay periodos en que la experiencia suele ser agotadora. Los dos primeros a\u00f1os, por ejemplo. En EE UU se ha puesto de moda el &#8216;two in two&#8217;, un plan basado en tener dos hijos en dos a\u00f1os para que ese periodo de no dormir, entre otros d\u00e9ficits, se acorte.<\/p>\n\n\n\n<p>Formarse para ser padre -algo impensable en otras generaciones- lleva su tiempo. Hay familias en que se planifica todo. Y quien descarta tener hijos mayor porque teme no seguirles el ritmo. Eso reduce el periodo h\u00e1bil. Hay m\u00e1s factores que pueden influir, como una lactancia materna dilatada o un colecho prolongado.<\/p>\n\n\n\n<h3 class=\"wp-block-heading\">Las ventajas de ser varios<\/h3>\n\n\n\n<p>Al final, la crianza actual dispara el esfuerzo materno y paterno. Nos volcamos en estar siempre a su lado y no somos omnipresentes. A la misma hora no podemos ir a ver el partido del ni\u00f1o y de la ni\u00f1a. \u00bfTenemos solo uno o les ense\u00f1amos que la vida es tambi\u00e9n esto? Igual nos estamos exigiendo demasiado los padres. \u00abHay que tener cuidado con eso. Tenemos que recordar que los padres perfectos no existen. El hecho de que queramos hacer una crianza consciente ya indica que lo estamos haciendo bien, pero no nos debemos agobiar para no llegar a un apego ansioso\u00bb, defiende la psic\u00f3loga del gabinete \u00c1lava Reyes.<\/p>\n\n\n\n<p>\u00abLo que hay que dejar claro es que tener una crianza consciente no est\u00e1 re\u00f1ido con tener hermanos. Porque adem\u00e1s as\u00ed aprender\u00e1n a compartir y tambi\u00e9n que no siempre te toca a ti todo. Compartir\u00e1n la atenci\u00f3n de los padres y no pasa nada y eso es bueno\u00bb, explica. Esto minimiza algunos de los problemas asociados tradicionalmente a los hijos \u00fanicos, como el ego\u00edsmo o el egocentrismo. \u00abNo es bueno que todo gire en torno al ni\u00f1o porque el mundo no gira en torno a \u00e9l. A veces ser\u00e1s el protagonista y, a veces, no. Sirve para que aprendan a negociar y a ceder porque si no, cuando van al cole, empiezan las dificultades. No son el centro del universo y la bofetada es grande\u00bb<a href=\"https:\/\/www.ideal.es\/autor\/jesus-j-hernandez-173.html\"><\/a><\/p>\n\n\n\n<p><a href=\"https:\/\/www.ideal.es\/autor\/jesus-j-hernandez-173.html\"><strong>Jes\u00fas J. Hern\u00e1ndez<\/strong><\/a><\/p>\n\n\n\n<p>https:\/\/www.ideal.es\/vivir\/padres-hijos\/bebes\/crianza-locos-gasto-quieres-tener-bebe-20250516185949-ntrc.html?<\/p>\n\n\n\n\n","protected":false},"excerpt":{"rendered":"<p>Por qu\u00e9 nos encaminamos hacia un mundo de hijos \u00fanicos&#8230; y sobreprotegidos Que la paternidad&#8230;<\/p>\n","protected":false},"author":1,"featured_media":76979,"comment_status":"closed","ping_status":"closed","sticky":false,"template":"","format":"standard","meta":{"_coblocks_attr":"","_coblocks_dimensions":"","_coblocks_responsive_height":"","_coblocks_accordion_ie_support":"","jetpack_post_was_ever_published":false,"_jetpack_newsletter_access":"","_jetpack_dont_email_post_to_subs":false,"_jetpack_newsletter_tier_id":0,"_jetpack_memberships_contains_paywalled_content":false,"_jetpack_memberships_contains_paid_content":false,"footnotes":"","jetpack_publicize_message":"","jetpack_publicize_feature_enabled":true,"jetpack_social_post_already_shared":true,"jetpack_social_options":{"image_generator_settings":{"template":"highway","default_image_id":0,"enabled":false},"version":2}},"categories":[1161,186,44,6937],"tags":[],"class_list":["post-76978","post","type-post","status-publish","format-standard","has-post-thumbnail","hentry","category-ciudadania","category-instituciones","category-noticias-de-hoy","category-sociedad"],"jetpack_publicize_connections":[],"jetpack_featured_media_url":"https:\/\/i0.wp.com\/miradordeatarfe.es\/wp-content\/uploads\/2025\/05\/Hijo-unico-kbdD-U2301788507266OuG-1200x840%40RC.webp?fit=1182%2C840&ssl=1","jetpack_likes_enabled":true,"jetpack_sharing_enabled":true,"_links":{"self":[{"href":"https:\/\/miradordeatarfe.es\/index.php?rest_route=\/wp\/v2\/posts\/76978","targetHints":{"allow":["GET"]}}],"collection":[{"href":"https:\/\/miradordeatarfe.es\/index.php?rest_route=\/wp\/v2\/posts"}],"about":[{"href":"https:\/\/miradordeatarfe.es\/index.php?rest_route=\/wp\/v2\/types\/post"}],"author":[{"embeddable":true,"href":"https:\/\/miradordeatarfe.es\/index.php?rest_route=\/wp\/v2\/users\/1"}],"replies":[{"embeddable":true,"href":"https:\/\/miradordeatarfe.es\/index.php?rest_route=%2Fwp%2Fv2%2Fcomments&post=76978"}],"version-history":[{"count":2,"href":"https:\/\/miradordeatarfe.es\/index.php?rest_route=\/wp\/v2\/posts\/76978\/revisions"}],"predecessor-version":[{"id":76981,"href":"https:\/\/miradordeatarfe.es\/index.php?rest_route=\/wp\/v2\/posts\/76978\/revisions\/76981"}],"wp:featuredmedia":[{"embeddable":true,"href":"https:\/\/miradordeatarfe.es\/index.php?rest_route=\/wp\/v2\/media\/76979"}],"wp:attachment":[{"href":"https:\/\/miradordeatarfe.es\/index.php?rest_route=%2Fwp%2Fv2%2Fmedia&parent=76978"}],"wp:term":[{"taxonomy":"category","embeddable":true,"href":"https:\/\/miradordeatarfe.es\/index.php?rest_route=%2Fwp%2Fv2%2Fcategories&post=76978"},{"taxonomy":"post_tag","embeddable":true,"href":"https:\/\/miradordeatarfe.es\/index.php?rest_route=%2Fwp%2Fv2%2Ftags&post=76978"}],"curies":[{"name":"wp","href":"https:\/\/api.w.org\/{rel}","templated":true}]}}