{"id":76998,"date":"2025-06-01T11:00:00","date_gmt":"2025-06-01T09:00:00","guid":{"rendered":"https:\/\/miradordeatarfe.es\/?p=76998"},"modified":"2025-10-16T10:06:22","modified_gmt":"2025-10-16T08:06:22","slug":"visita-de-felipe-gonzalez-a-atarfe%c2%b7-por-jose-enrique-granados","status":"publish","type":"post","link":"https:\/\/miradordeatarfe.es\/?p=76998","title":{"rendered":"\u00abVISITA DE FELIPE GONZ\u00c1LEZ A ATARFE\u00b7 por Jos\u00e9 Enrique Granados"},"content":{"rendered":"\n<p><strong>El 21 de enero de 1982, IDEAL informaba de la visita que Felipe Gonz\u00e1lez hab\u00eda realizado a las poblaciones de Peligros, Albolote y Atarfe.<\/strong><br \/><br \/><em>\u201cEsta gira fue improvisada y pese a lo precipitado de la convocatoria tuvo gran resonancia y hay que poner de relieve la rapidez con que respondieron las poblaciones citadas a esta convocatoria.\u201d<br \/><br \/>\u201cFinalmente en Atarfe, el se\u00f1or Gonz\u00e1lez lleg\u00f3 a las cinco y veinte minutos de la tarde a la Casa del Pueblo donde aguardaban las ejecutivas de UGT y PSOE, los concejales socialistas del ayuntamiento y un gran n\u00famero de atarfe\u00f1os que se estima cerca de tres mil personas que cortaron el tr\u00e1fico, las barandas del Paseo de Santa Ana y el local que tiene una cabida de quinientas personas estaba totalmente abarrotado.<br \/><br \/>En su interior, tras la presentaci\u00f3n y saludos del secretario local del PSOE en Atarfe, Antonio Casado, que agradeci\u00f3 el inter\u00e9s y la atenci\u00f3n que para con Atarfe hab\u00eda mostrado el secretario general, Felipe Gonz\u00e1lez, de girar visita a la Casa del Pueblo, primera que se construy\u00f3 en Granada, s\u00edmbolo de tradici\u00f3n socialista y que data del a\u00f1o 1914.<br \/><br \/>Felipe Gonz\u00e1lez pidi\u00f3 en primer lugar que perdonaran su intervenci\u00f3n por el tiempo limitado de la misma, prometi\u00f3 hacer una campa\u00f1a intensa en los pr\u00f3ximos meses con motivo de las elecciones al Parlamento andaluz y que de nuevo recorrer\u00eda la Vega granadina cuna del socialismo granadino, donde mayor calor y solidaridad he sentido. A continuaci\u00f3n, refiri\u00e9ndose a Andaluc\u00eda, dijo que entre todos hemos de trabajar incansablemente para levantarla.\u201d<br \/><\/em><br \/>Efectivamente, tal tuvo que ser la premura de la convocatoria que alguna de las asistentes acudi\u00f3 a saludar al l\u00edder socialista con los rulos puestos.<br \/><br \/>Gacetilla y curiosidades elvirenses.<\/p>\n\n\n\n\n","protected":false},"excerpt":{"rendered":"<p>El 21 de enero de 1982, IDEAL informaba de la visita que Felipe Gonz\u00e1lez hab\u00eda&#8230;<\/p>\n","protected":false},"author":1,"featured_media":76999,"comment_status":"closed","ping_status":"closed","sticky":false,"template":"","format":"standard","meta":{"_coblocks_attr":"","_coblocks_dimensions":"","_coblocks_responsive_height":"","_coblocks_accordion_ie_support":"","jetpack_post_was_ever_published":false,"_jetpack_newsletter_access":"","_jetpack_dont_email_post_to_subs":false,"_jetpack_newsletter_tier_id":0,"_jetpack_memberships_contains_paywalled_content":false,"_jetpack_memberships_contains_paid_content":false,"footnotes":"","jetpack_publicize_message":"","jetpack_publicize_feature_enabled":true,"jetpack_social_post_already_shared":true,"jetpack_social_options":{"image_generator_settings":{"template":"highway","default_image_id":0,"enabled":false},"version":2}},"categories":[1161,1225,186,38,44],"tags":[],"class_list":["post-76998","post","type-post","status-publish","format-standard","has-post-thumbnail","hentry","category-ciudadania","category-ha-de-atarfe","category-instituciones","category-opinion-de-jose-enrique-granados","category-noticias-de-hoy"],"jetpack_publicize_connections":[],"jetpack_featured_media_url":"https:\/\/i0.wp.com\/miradordeatarfe.es\/wp-content\/uploads\/2025\/05\/492539375_1221127713354042_7918820346203192745_n.jpg?fit=1867%2C1259&ssl=1","jetpack_likes_enabled":true,"jetpack_sharing_enabled":true,"_links":{"self":[{"href":"https:\/\/miradordeatarfe.es\/index.php?rest_route=\/wp\/v2\/posts\/76998","targetHints":{"allow":["GET"]}}],"collection":[{"href":"https:\/\/miradordeatarfe.es\/index.php?rest_route=\/wp\/v2\/posts"}],"about":[{"href":"https:\/\/miradordeatarfe.es\/index.php?rest_route=\/wp\/v2\/types\/post"}],"author":[{"embeddable":true,"href":"https:\/\/miradordeatarfe.es\/index.php?rest_route=\/wp\/v2\/users\/1"}],"replies":[{"embeddable":true,"href":"https:\/\/miradordeatarfe.es\/index.php?rest_route=%2Fwp%2Fv2%2Fcomments&post=76998"}],"version-history":[{"count":1,"href":"https:\/\/miradordeatarfe.es\/index.php?rest_route=\/wp\/v2\/posts\/76998\/revisions"}],"predecessor-version":[{"id":77000,"href":"https:\/\/miradordeatarfe.es\/index.php?rest_route=\/wp\/v2\/posts\/76998\/revisions\/77000"}],"wp:featuredmedia":[{"embeddable":true,"href":"https:\/\/miradordeatarfe.es\/index.php?rest_route=\/wp\/v2\/media\/76999"}],"wp:attachment":[{"href":"https:\/\/miradordeatarfe.es\/index.php?rest_route=%2Fwp%2Fv2%2Fmedia&parent=76998"}],"wp:term":[{"taxonomy":"category","embeddable":true,"href":"https:\/\/miradordeatarfe.es\/index.php?rest_route=%2Fwp%2Fv2%2Fcategories&post=76998"},{"taxonomy":"post_tag","embeddable":true,"href":"https:\/\/miradordeatarfe.es\/index.php?rest_route=%2Fwp%2Fv2%2Ftags&post=76998"}],"curies":[{"name":"wp","href":"https:\/\/api.w.org\/{rel}","templated":true}]}}