{"id":77034,"date":"2025-05-20T11:00:00","date_gmt":"2025-05-20T09:00:00","guid":{"rendered":"https:\/\/miradordeatarfe.es\/?p=77034"},"modified":"2025-05-20T11:21:34","modified_gmt":"2025-05-20T09:21:34","slug":"los-tesoros-que-esconde-la-vieja-granada-medina-elvira","status":"publish","type":"post","link":"https:\/\/miradordeatarfe.es\/?p=77034","title":{"rendered":"Los tesoros que esconde la vieja Granada: MEDINA ELVIRA"},"content":{"rendered":"\n<p class=\"has-medium-font-size\"><strong>Las excavaciones de Medida Elvira, que sacar\u00e1n a  la luz restos de la que fue la primera &#8216;capital&#8217; de la provincia entre  los siglo IX y XI, ser\u00e1n conservados y puestos en valor para un futuro  centro de interpretaci\u00f3n<\/strong><\/p>\n\n\n\n<p class=\"has-medium-font-size\">De Medina Elvira, situado en el t\u00e9rmino municipal de Atarfe, se ha hablado en los foros cient\u00edficos m\u00e1s importantes en Par\u00eds, Londres, Roma o Varsovia. Se han publicado art\u00edculos en algunas de las revistas arqueol\u00f3gicas m\u00e1s reputadas del mundo. Pero \u00bfqu\u00e9 saben realmente los propios atarfe\u00f1os de la que fue la capital de la &#8216;provincia&#8217; de Granada entre los siglos IX y XI? Pues b\u00e1sicamente lo mismo que el resto de los granadinos. Que fue una ciudad importante y poco m\u00e1s. Es la gran paradoja de Medina Elvira. Que se han realizado hasta sesenta sondeos con fines de investigaci\u00f3n, pero se ha divulgado poco o nada para el &#8216;gran p\u00fablico&#8217;. Un d\u00e9ficit que va camino de resolverse en el medio plazo.<\/p>\n\n\n\n<p class=\"has-medium-font-size\">El Ayuntamiento de Atarfe, gobernado por el PSOE con el apoyo de IU, ha solicitado una subvenci\u00f3n europea de un mill\u00f3n de euros para hacer un centro de interpretaci\u00f3n de Medina Elvira para los ciudadanos de Atarfe, pero que tambi\u00e9n sea un punto de atracci\u00f3n tur\u00edstica a la manera de la villa romana de Salar. B\u00e1sicamente porque el subsuelo de Atarfe, las 323 hect\u00e1reas que ocupa el yacimiento m\u00e1s extenso de Andaluc\u00eda, esconde restos de enorme relevancia patrimonial. Tanto es as\u00ed que las primeras colecciones que entraron en el Museo Arqueol\u00f3gico Nacional o en el Museo Arqueol\u00f3gico de Granada proced\u00edan de Medina Elvira.<\/p>\n\n\n\n<figure class=\"wp-block-gallery has-nested-images columns-default is-cropped wp-block-gallery-1 is-layout-flex wp-block-gallery-is-layout-flex\">\n<figure class=\"wp-block-image size-large\"><img data-recalc-dims=\"1\" loading=\"lazy\" decoding=\"async\" width=\"640\" height=\"427\" data-id=\"77036\" src=\"https:\/\/i0.wp.com\/miradordeatarfe.es\/wp-content\/uploads\/2025\/05\/medina_elvira-4.webp?resize=640%2C427&#038;ssl=1\" alt=\"\" class=\"wp-image-77036\" srcset=\"https:\/\/i0.wp.com\/miradordeatarfe.es\/wp-content\/uploads\/2025\/05\/medina_elvira-4.webp?resize=1024%2C683&amp;ssl=1 1024w, https:\/\/i0.wp.com\/miradordeatarfe.es\/wp-content\/uploads\/2025\/05\/medina_elvira-4.webp?resize=300%2C200&amp;ssl=1 300w, https:\/\/i0.wp.com\/miradordeatarfe.es\/wp-content\/uploads\/2025\/05\/medina_elvira-4.webp?resize=768%2C512&amp;ssl=1 768w, https:\/\/i0.wp.com\/miradordeatarfe.es\/wp-content\/uploads\/2025\/05\/medina_elvira-4.webp?resize=1536%2C1024&amp;ssl=1 1536w, https:\/\/i0.wp.com\/miradordeatarfe.es\/wp-content\/uploads\/2025\/05\/medina_elvira-4.webp?resize=1320%2C880&amp;ssl=1 1320w, https:\/\/i0.wp.com\/miradordeatarfe.es\/wp-content\/uploads\/2025\/05\/medina_elvira-4.webp?w=1920&amp;ssl=1 1920w\" sizes=\"auto, (max-width: 640px) 100vw, 640px\" \/><\/figure>\n\n\n\n<figure class=\"wp-block-image size-large\"><img data-recalc-dims=\"1\" loading=\"lazy\" decoding=\"async\" width=\"640\" height=\"453\" data-id=\"77037\" src=\"https:\/\/i0.wp.com\/miradordeatarfe.es\/wp-content\/uploads\/2025\/05\/medina_elvira-3-kDBG-1200x851%40Ideal.webp?resize=640%2C453&#038;ssl=1\" alt=\"\" class=\"wp-image-77037\" srcset=\"https:\/\/i0.wp.com\/miradordeatarfe.es\/wp-content\/uploads\/2025\/05\/medina_elvira-3-kDBG-1200x851%40Ideal.webp?resize=1024%2C724&amp;ssl=1 1024w, https:\/\/i0.wp.com\/miradordeatarfe.es\/wp-content\/uploads\/2025\/05\/medina_elvira-3-kDBG-1200x851%40Ideal.webp?resize=300%2C212&amp;ssl=1 300w, https:\/\/i0.wp.com\/miradordeatarfe.es\/wp-content\/uploads\/2025\/05\/medina_elvira-3-kDBG-1200x851%40Ideal.webp?resize=768%2C543&amp;ssl=1 768w, https:\/\/i0.wp.com\/miradordeatarfe.es\/wp-content\/uploads\/2025\/05\/medina_elvira-3-kDBG-1200x851%40Ideal.webp?w=1200&amp;ssl=1 1200w\" sizes=\"auto, (max-width: 640px) 100vw, 640px\" \/><\/figure>\n\n\n\n<figure class=\"wp-block-image size-large\"><img data-recalc-dims=\"1\" loading=\"lazy\" decoding=\"async\" width=\"640\" height=\"449\" data-id=\"77038\" src=\"https:\/\/i0.wp.com\/miradordeatarfe.es\/wp-content\/uploads\/2025\/05\/medina_elvira-5-kDBG-1200x841%40Ideal.jpg?resize=640%2C449&#038;ssl=1\" alt=\"\" class=\"wp-image-77038\" srcset=\"https:\/\/i0.wp.com\/miradordeatarfe.es\/wp-content\/uploads\/2025\/05\/medina_elvira-5-kDBG-1200x841%40Ideal.jpg?resize=1024%2C718&amp;ssl=1 1024w, https:\/\/i0.wp.com\/miradordeatarfe.es\/wp-content\/uploads\/2025\/05\/medina_elvira-5-kDBG-1200x841%40Ideal.jpg?resize=300%2C210&amp;ssl=1 300w, https:\/\/i0.wp.com\/miradordeatarfe.es\/wp-content\/uploads\/2025\/05\/medina_elvira-5-kDBG-1200x841%40Ideal.jpg?resize=768%2C538&amp;ssl=1 768w, https:\/\/i0.wp.com\/miradordeatarfe.es\/wp-content\/uploads\/2025\/05\/medina_elvira-5-kDBG-1200x841%40Ideal.jpg?w=1200&amp;ssl=1 1200w\" sizes=\"auto, (max-width: 640px) 100vw, 640px\" \/><\/figure>\n<\/figure>\n\n\n\n<p class=\"has-small-font-size\">Trabajando en el yacimiento. JORGE PASTOR<\/p>\n\n\n\n<p>Pero todos estos planes de futuro precisan de un &#8216;cooperador necesario&#8217;. Y este se llama Universidad de Granada. El equipo liderado por el profesor Guillermo Garc\u00eda-Contreras desarrollar\u00e1 hasta julio la tercera campa\u00f1a de excavaciones gracias al proyecto ERC Synergy Grant, dotado con un presupuesto de diez millones de euros, de los que una tercera parte son controlados por la UGR. \u00abLo m\u00e1s importante es que tenemos garantizada la financiaci\u00f3n hasta 2029, lo que nos permitir\u00e1 obtener conclusiones definitivas no solo de c\u00f3mo era Medina Elvira en s\u00ed, sino de todo lo que supuso, por ejemplo, en la evoluci\u00f3n de los cultivos en la Vega desde el secano de la \u00e9poca antigua al regad\u00edo del medievo\u00bb, explica Garc\u00eda-Contreras.<\/p>\n\n\n\n<figure class=\"wp-block-image size-full is-resized\"><img data-recalc-dims=\"1\" loading=\"lazy\" decoding=\"async\" width=\"640\" height=\"446\" src=\"https:\/\/i0.wp.com\/miradordeatarfe.es\/wp-content\/uploads\/2025\/05\/medina_elvira-1-kDBG-U2301628031333CpH-650x455%40Ideal.webp?resize=640%2C446&#038;ssl=1\" alt=\"\" class=\"wp-image-77039\" style=\"width:753px;height:auto\" srcset=\"https:\/\/i0.wp.com\/miradordeatarfe.es\/wp-content\/uploads\/2025\/05\/medina_elvira-1-kDBG-U2301628031333CpH-650x455%40Ideal.webp?w=650&amp;ssl=1 650w, https:\/\/i0.wp.com\/miradordeatarfe.es\/wp-content\/uploads\/2025\/05\/medina_elvira-1-kDBG-U2301628031333CpH-650x455%40Ideal.webp?resize=300%2C209&amp;ssl=1 300w\" sizes=\"auto, (max-width: 640px) 100vw, 640px\" \/><\/figure>\n\n\n\n<p class=\"has-small-font-size\">La alcaldesa de Atarfe, Yolanda Fern\u00e1ndez, conversa con Guillermo Garc\u00eda-Contreras. JORGE PASTOR<\/p>\n\n\n\n<p>Ahora mismo se est\u00e1 hoyando en una parcela de 400 metros cuadrados de propiedad municipal en uno los puntos calientes de Medina Elvira, a la sombra del Cerro del Sombrerete \u2013se llega a trav\u00e9s del camino de la antigua cementera de Atarfe\u2013. Ah\u00ed est\u00e1 saliendo de todo. Solo hace falta fijarse con un poco de atenci\u00f3n para ver cer\u00e1mica vidriada, fragmentos de vasijas, hebillas de cinturones, platos, costillas de vacas, tejas, huesos\u2026<\/p>\n\n\n\n<p>\u00abA falta de seguir las prospecciones, que bajar\u00e1n hasta los dos metros, ya tenemos todos los vestigios de la alquer\u00eda en que se transform\u00f3 Medina Elvira cuando los zir\u00edes refundaron Granada en su emplazamiento actual en 1013\u00bb. A partir de ese instante, aquel municipio de unos 10.000 habitantes, uno de los m\u00e1s poblados de Al-Andalus, fue cayendo en decadencia hasta convertirse en una cortijada en la que viv\u00edan varias familias.<\/p>\n\n\n\n<h3 class=\"wp-block-heading\">Dos metros<\/h3>\n\n\n\n<p>Eso es lo que est\u00e1 aflorando ahora. Pero la esplendorosa Medina Elvira empezar\u00e1 a mostrarse en la medida que se vaya profundizando. Unos dos metros. A diferencia de lo que ha sucedido hasta ahora, todo lo que vaya saliendo quedar\u00e1 a la intemperie. Es decir, tendr\u00e1 que ser conservado y puesto en valor. Porque aqu\u00ed, en este punto, es donde el Ayuntamiento quiere habilitar ese equipamiento para visitantes que ayude a comprender la trascendencia de Medina Elvira.<\/p>\n\n\n\n<figure class=\"wp-block-image size-large\"><img data-recalc-dims=\"1\" loading=\"lazy\" decoding=\"async\" width=\"640\" height=\"446\" src=\"https:\/\/i0.wp.com\/miradordeatarfe.es\/wp-content\/uploads\/2025\/05\/medina_elvira-21-kDBG-1200x841%40Ideal.webp?resize=640%2C446&#038;ssl=1\" alt=\"\" class=\"wp-image-77040\" srcset=\"https:\/\/i0.wp.com\/miradordeatarfe.es\/wp-content\/uploads\/2025\/05\/medina_elvira-21-kDBG-1200x841%40Ideal.webp?resize=1024%2C713&amp;ssl=1 1024w, https:\/\/i0.wp.com\/miradordeatarfe.es\/wp-content\/uploads\/2025\/05\/medina_elvira-21-kDBG-1200x841%40Ideal.webp?resize=300%2C209&amp;ssl=1 300w, https:\/\/i0.wp.com\/miradordeatarfe.es\/wp-content\/uploads\/2025\/05\/medina_elvira-21-kDBG-1200x841%40Ideal.webp?resize=768%2C535&amp;ssl=1 768w, https:\/\/i0.wp.com\/miradordeatarfe.es\/wp-content\/uploads\/2025\/05\/medina_elvira-21-kDBG-1200x841%40Ideal.webp?w=1200&amp;ssl=1 1200w\" sizes=\"auto, (max-width: 640px) 100vw, 640px\" \/><\/figure>\n\n\n\n<figure class=\"wp-block-gallery has-nested-images columns-default is-cropped wp-block-gallery-2 is-layout-flex wp-block-gallery-is-layout-flex\">\n<figure class=\"wp-block-image size-large\"><img data-recalc-dims=\"1\" loading=\"lazy\" decoding=\"async\" width=\"640\" height=\"763\" data-id=\"77041\" src=\"https:\/\/i0.wp.com\/miradordeatarfe.es\/wp-content\/uploads\/2025\/05\/medina_elvira-19-kDBG-711x841%40Ideal.webp?resize=640%2C763&#038;ssl=1\" alt=\"\" class=\"wp-image-77041\" srcset=\"https:\/\/i0.wp.com\/miradordeatarfe.es\/wp-content\/uploads\/2025\/05\/medina_elvira-19-kDBG-711x841%40Ideal.webp?w=705&amp;ssl=1 705w, https:\/\/i0.wp.com\/miradordeatarfe.es\/wp-content\/uploads\/2025\/05\/medina_elvira-19-kDBG-711x841%40Ideal.webp?resize=251%2C300&amp;ssl=1 251w\" sizes=\"auto, (max-width: 640px) 100vw, 640px\" \/><\/figure>\n\n\n\n<figure class=\"wp-block-image size-large\"><img data-recalc-dims=\"1\" loading=\"lazy\" decoding=\"async\" width=\"640\" height=\"454\" data-id=\"77042\" src=\"https:\/\/i0.wp.com\/miradordeatarfe.es\/wp-content\/uploads\/2025\/05\/medina_elvira-22-kDBG-1200x851%40Ideal.webp?resize=640%2C454&#038;ssl=1\" alt=\"\" class=\"wp-image-77042\" srcset=\"https:\/\/i0.wp.com\/miradordeatarfe.es\/wp-content\/uploads\/2025\/05\/medina_elvira-22-kDBG-1200x851%40Ideal.webp?resize=1024%2C726&amp;ssl=1 1024w, https:\/\/i0.wp.com\/miradordeatarfe.es\/wp-content\/uploads\/2025\/05\/medina_elvira-22-kDBG-1200x851%40Ideal.webp?resize=300%2C213&amp;ssl=1 300w, https:\/\/i0.wp.com\/miradordeatarfe.es\/wp-content\/uploads\/2025\/05\/medina_elvira-22-kDBG-1200x851%40Ideal.webp?resize=768%2C545&amp;ssl=1 768w, https:\/\/i0.wp.com\/miradordeatarfe.es\/wp-content\/uploads\/2025\/05\/medina_elvira-22-kDBG-1200x851%40Ideal.webp?w=1200&amp;ssl=1 1200w\" sizes=\"auto, (max-width: 640px) 100vw, 640px\" \/><\/figure>\n<\/figure>\n\n\n\n<p class=\"has-small-font-size\">Objetos hallados en Medina Elvira. JORGE PASTOR<\/p>\n\n\n\n<p>El \u00e1rea de actuaci\u00f3n se extender\u00e1 en cuatro cuadr\u00edculas \u2013unos 1.600 metros cuadrados\u2013 en plena Barriada de Sierra Elvira. Ah\u00ed es donde G\u00f3mez Moreno localiz\u00f3, por ejemplo, la mezquita de Medina Elvira en el \u00faltimo tercio del siglo XIX. Y ah\u00ed es donde los diez especialistas dirigidos por Guillermo Garc\u00eda-Contreras est\u00e1n sacando &#8216;cosas&#8217; interesantes. Por lo pronto, casas con patios, un pavimento compatible con una infraestructura h\u00eddrica \u2013todas las hip\u00f3tesis est\u00e1n abiertas\u2013, talleres artesanos y una zona de tumbas. Todo a un nivel casi superficial, a menos de un metro.<\/p>\n\n\n\n<figure class=\"wp-block-image size-full is-resized\"><img data-recalc-dims=\"1\" loading=\"lazy\" decoding=\"async\" width=\"640\" height=\"448\" src=\"https:\/\/i0.wp.com\/miradordeatarfe.es\/wp-content\/uploads\/2025\/05\/medina_elvira-16-kDBG-U2301628031333fR-650x455%40Ideal.jpg?resize=640%2C448&#038;ssl=1\" alt=\"\" class=\"wp-image-77043\" style=\"width:763px;height:auto\" srcset=\"https:\/\/i0.wp.com\/miradordeatarfe.es\/wp-content\/uploads\/2025\/05\/medina_elvira-16-kDBG-U2301628031333fR-650x455%40Ideal.jpg?w=650&amp;ssl=1 650w, https:\/\/i0.wp.com\/miradordeatarfe.es\/wp-content\/uploads\/2025\/05\/medina_elvira-16-kDBG-U2301628031333fR-650x455%40Ideal.jpg?resize=300%2C210&amp;ssl=1 300w\" sizes=\"auto, (max-width: 640px) 100vw, 640px\" \/><\/figure>\n\n\n\n<p class=\"has-small-font-size\">Cuadr\u00edcula donde se est\u00e1 trabajando en Medina Elvira. JORGE PASTOR<\/p>\n\n\n\n<p>Los materiales son llevados inicialmente a una nave del Ayuntamiento donde se clasifican y se almacenan durante un a\u00f1o, cuando son depositados en el Museo Arqueol\u00f3gico. En ese periodo de tiempo se intentan recomponer objetos de los que se han encontrado varios trozos.Ya lo han conseguido con alg\u00fan plato. Tambi\u00e9n se preparan las muestras para ser enviadas a laboratorios como el de la Universidad de Granada o el de York, en el Reino Unido, donde se realizan pruebas qu\u00edmicas y donde se analizan sustancias como los residuos, a fin de dilucidar qu\u00e9 tipo de alimentos conten\u00edan las vasijas, verbigracia.<\/p>\n\n\n\n<figure class=\"wp-block-image size-large\"><img data-recalc-dims=\"1\" loading=\"lazy\" decoding=\"async\" width=\"640\" height=\"446\" src=\"https:\/\/i0.wp.com\/miradordeatarfe.es\/wp-content\/uploads\/2025\/05\/medina_elvira-8-kDBG-1200x841%40Ideal.jpg?resize=640%2C446&#038;ssl=1\" alt=\"\" class=\"wp-image-77044\" srcset=\"https:\/\/i0.wp.com\/miradordeatarfe.es\/wp-content\/uploads\/2025\/05\/medina_elvira-8-kDBG-1200x841%40Ideal.jpg?resize=1024%2C714&amp;ssl=1 1024w, https:\/\/i0.wp.com\/miradordeatarfe.es\/wp-content\/uploads\/2025\/05\/medina_elvira-8-kDBG-1200x841%40Ideal.jpg?resize=300%2C209&amp;ssl=1 300w, https:\/\/i0.wp.com\/miradordeatarfe.es\/wp-content\/uploads\/2025\/05\/medina_elvira-8-kDBG-1200x841%40Ideal.jpg?resize=768%2C536&amp;ssl=1 768w, https:\/\/i0.wp.com\/miradordeatarfe.es\/wp-content\/uploads\/2025\/05\/medina_elvira-8-kDBG-1200x841%40Ideal.jpg?w=1200&amp;ssl=1 1200w\" sizes=\"auto, (max-width: 640px) 100vw, 640px\" \/><\/figure>\n\n\n\n<figure class=\"wp-block-gallery has-nested-images columns-default is-cropped wp-block-gallery-3 is-layout-flex wp-block-gallery-is-layout-flex\">\n<figure class=\"wp-block-image size-large\"><img data-recalc-dims=\"1\" loading=\"lazy\" decoding=\"async\" width=\"640\" height=\"453\" data-id=\"77045\" src=\"https:\/\/i0.wp.com\/miradordeatarfe.es\/wp-content\/uploads\/2025\/05\/medina_elvira-17-kDBG-1200x851%40Ideal.jpg?resize=640%2C453&#038;ssl=1\" alt=\"\" class=\"wp-image-77045\" srcset=\"https:\/\/i0.wp.com\/miradordeatarfe.es\/wp-content\/uploads\/2025\/05\/medina_elvira-17-kDBG-1200x851%40Ideal.jpg?resize=1024%2C724&amp;ssl=1 1024w, https:\/\/i0.wp.com\/miradordeatarfe.es\/wp-content\/uploads\/2025\/05\/medina_elvira-17-kDBG-1200x851%40Ideal.jpg?resize=300%2C212&amp;ssl=1 300w, https:\/\/i0.wp.com\/miradordeatarfe.es\/wp-content\/uploads\/2025\/05\/medina_elvira-17-kDBG-1200x851%40Ideal.jpg?resize=768%2C543&amp;ssl=1 768w, https:\/\/i0.wp.com\/miradordeatarfe.es\/wp-content\/uploads\/2025\/05\/medina_elvira-17-kDBG-1200x851%40Ideal.jpg?w=1200&amp;ssl=1 1200w\" sizes=\"auto, (max-width: 640px) 100vw, 640px\" \/><\/figure>\n\n\n\n<figure class=\"wp-block-image size-large\"><img data-recalc-dims=\"1\" loading=\"lazy\" decoding=\"async\" width=\"640\" height=\"446\" data-id=\"77046\" src=\"https:\/\/i0.wp.com\/miradordeatarfe.es\/wp-content\/uploads\/2025\/05\/medina_elvira-8-kDBG-1200x841%40Ideal-1.jpg?resize=640%2C446&#038;ssl=1\" alt=\"\" class=\"wp-image-77046\" srcset=\"https:\/\/i0.wp.com\/miradordeatarfe.es\/wp-content\/uploads\/2025\/05\/medina_elvira-8-kDBG-1200x841%40Ideal-1.jpg?resize=1024%2C714&amp;ssl=1 1024w, https:\/\/i0.wp.com\/miradordeatarfe.es\/wp-content\/uploads\/2025\/05\/medina_elvira-8-kDBG-1200x841%40Ideal-1.jpg?resize=300%2C209&amp;ssl=1 300w, https:\/\/i0.wp.com\/miradordeatarfe.es\/wp-content\/uploads\/2025\/05\/medina_elvira-8-kDBG-1200x841%40Ideal-1.jpg?resize=768%2C536&amp;ssl=1 768w, https:\/\/i0.wp.com\/miradordeatarfe.es\/wp-content\/uploads\/2025\/05\/medina_elvira-8-kDBG-1200x841%40Ideal-1.jpg?w=1200&amp;ssl=1 1200w\" sizes=\"auto, (max-width: 640px) 100vw, 640px\" \/><\/figure>\n<\/figure>\n\n\n\n<p class=\"has-small-font-size\">Diferentes localizaciones de la campa\u00f1a de 2025. JORGE PASTOR<\/p>\n\n\n\n<p class=\"has-medium-font-size\"><strong>La &#8216;Granada la vieja&#8217;, la de Atarfe, ense\u00f1a la patita para escribir una parte de su Historia. Un relato que, despu\u00e9s de veinte a\u00f1os, llegar\u00e1 por  fin a la gente. Lo llaman Conocimiento. <\/strong><\/p>\n\n\n\n<p><a href=\"https:\/\/www.ideal.es\/autor\/jorge-pastor-400.html\"><strong>Jorge Pastor<\/strong><\/a><\/p>\n\n\n\n<p>FOTOS: Diez arque\u00f3logos trabajar\u00e1n hasta julio en el yacimiento de Medina Elvira. JORGE PASTOR<\/p>\n\n\n\n<p><a href=\"https:\/\/www.ideal.es\/culturas\/tesoros-esconde-vieja-granada-20250520001551-nt.html\">https:\/\/www.ideal.es\/culturas\/tesoros-esconde-vieja-granada-20250520001551-nt.html<\/a><\/p>\n","protected":false},"excerpt":{"rendered":"<p>Las excavaciones de Medida Elvira, que sacar\u00e1n a la luz restos de la que fue&#8230;<\/p>\n","protected":false},"author":1,"featured_media":77035,"comment_status":"closed","ping_status":"closed","sticky":false,"template":"","format":"standard","meta":{"_coblocks_attr":"","_coblocks_dimensions":"","_coblocks_responsive_height":"","_coblocks_accordion_ie_support":"","jetpack_post_was_ever_published":false,"_jetpack_newsletter_access":"","_jetpack_dont_email_post_to_subs":false,"_jetpack_newsletter_tier_id":0,"_jetpack_memberships_contains_paywalled_content":false,"_jetpack_memberships_contains_paid_content":false,"footnotes":"","jetpack_publicize_message":"","jetpack_publicize_feature_enabled":true,"jetpack_social_post_already_shared":false,"jetpack_social_options":{"image_generator_settings":{"template":"highway","default_image_id":0,"enabled":false},"version":2}},"categories":[1225,186,5359,10431,44],"tags":[],"class_list":["post-77034","post","type-post","status-publish","format-standard","has-post-thumbnail","hentry","category-ha-de-atarfe","category-instituciones","category-madinat-ilbira","category-medina-elvira-2","category-noticias-de-hoy"],"jetpack_publicize_connections":[],"jetpack_featured_media_url":"https:\/\/i0.wp.com\/miradordeatarfe.es\/wp-content\/uploads\/2025\/05\/medina_elvira-14-kDBG-U2301628031333Q0D-1200x840%40Ideal.jpg?fit=1200%2C839&ssl=1","jetpack_likes_enabled":true,"jetpack_sharing_enabled":true,"_links":{"self":[{"href":"https:\/\/miradordeatarfe.es\/index.php?rest_route=\/wp\/v2\/posts\/77034","targetHints":{"allow":["GET"]}}],"collection":[{"href":"https:\/\/miradordeatarfe.es\/index.php?rest_route=\/wp\/v2\/posts"}],"about":[{"href":"https:\/\/miradordeatarfe.es\/index.php?rest_route=\/wp\/v2\/types\/post"}],"author":[{"embeddable":true,"href":"https:\/\/miradordeatarfe.es\/index.php?rest_route=\/wp\/v2\/users\/1"}],"replies":[{"embeddable":true,"href":"https:\/\/miradordeatarfe.es\/index.php?rest_route=%2Fwp%2Fv2%2Fcomments&post=77034"}],"version-history":[{"count":1,"href":"https:\/\/miradordeatarfe.es\/index.php?rest_route=\/wp\/v2\/posts\/77034\/revisions"}],"predecessor-version":[{"id":77047,"href":"https:\/\/miradordeatarfe.es\/index.php?rest_route=\/wp\/v2\/posts\/77034\/revisions\/77047"}],"wp:featuredmedia":[{"embeddable":true,"href":"https:\/\/miradordeatarfe.es\/index.php?rest_route=\/wp\/v2\/media\/77035"}],"wp:attachment":[{"href":"https:\/\/miradordeatarfe.es\/index.php?rest_route=%2Fwp%2Fv2%2Fmedia&parent=77034"}],"wp:term":[{"taxonomy":"category","embeddable":true,"href":"https:\/\/miradordeatarfe.es\/index.php?rest_route=%2Fwp%2Fv2%2Fcategories&post=77034"},{"taxonomy":"post_tag","embeddable":true,"href":"https:\/\/miradordeatarfe.es\/index.php?rest_route=%2Fwp%2Fv2%2Ftags&post=77034"}],"curies":[{"name":"wp","href":"https:\/\/api.w.org\/{rel}","templated":true}]}}