{"id":77067,"date":"2025-05-22T11:15:46","date_gmt":"2025-05-22T09:15:46","guid":{"rendered":"https:\/\/miradordeatarfe.es\/?p=77067"},"modified":"2025-05-22T12:32:10","modified_gmt":"2025-05-22T10:32:10","slug":"la-promotora-de-la-megaplanta-solar-de-la-vega-renuncia-al-proyecto-por-su-inviabilidad","status":"publish","type":"post","link":"https:\/\/miradordeatarfe.es\/?p=77067","title":{"rendered":"La promotora de la megaplanta solar de la Vega renuncia al proyecto por su \u00abinviabilidad\u00bb"},"content":{"rendered":"\n<h2 class=\"wp-block-heading\">La Junta revoca la declaraci\u00f3n de utilidad p\u00fablica, archiva el expediente y devuelve el aval a la empresa tras a\u00f1os de tramitaci\u00f3n y pol\u00e9mica<\/h2>\n\n\n\n<p>Fin a la megaplanta solar que hab\u00eda proyectada en la Vega de Granada. A petici\u00f3n de los promotores, la Junta de Andaluc\u00eda suspende el proyecto tres a\u00f1os despu\u00e9s de que se pusiera en marcha los primeros tr\u00e1mites. En una resoluci\u00f3n de la delegaci\u00f3n territorial de Econom\u00eda, Hacienda, Fondos Europeos y de Industria, Energ\u00eda y Minas de Granada, a la que ha tenido acceso este medio, la administraci\u00f3n acepta la renuncia de los derechos de la empresa que promov\u00eda las tres plantas solares y una l\u00ednea de evacuaci\u00f3n.<\/p>\n\n\n\n<p>El proyecto fue declarado de utilidad p\u00fablica en diciembre de 2024, pero ahora se revoca esa decisi\u00f3n. Seg\u00fan explican a preguntas de IDEAL fuentes de la Junta de Andaluc\u00eda, la empresa Granada Solar 133 ha decidido prescindir de los proyectos de las plantas fotovoltaicas Ence Atarfe I, Ence Atarfe II y Ence Atarfe III al \u00abno poderse ejecutar debido a una incompatibilidad reglamentaria con la l\u00ednea de evacuaci\u00f3n de otras plantas de producci\u00f3n\u00bb, lo que les impide desarrollar las plantas. Es decir y en palabras de Magnon, la promotora, la iniciativa es inviable t\u00e9cnicamente. \u00abAl tener que modificar el proyecto y ser inviable t\u00e9cnicamente esa modificaci\u00f3n se ha decidido dejarlo. No se continuar\u00e1 con su desarrollo al no ser compatible t\u00e9cnicamente con otras iniciativas de energ\u00edas renovables de la zona\u00bb, confirma a IDEAL.<\/p>\n\n\n\n<p>Por ello, han presentado ante la delegaci\u00f3n territorial su renuncia a los derechos y han pedido la devoluci\u00f3n de los avales que entregaron. Seg\u00fan explican las fuentes de la Junta, esa inviabilidad t\u00e9cnica se produce porque una l\u00ednea de evacuaci\u00f3n de unas plantas de producci\u00f3n discurre por encima de las plantas fotovoltaicas, algo que genera \u00abincompatibilidad reglamentaria\u00bb.<\/p>\n\n\n\n<p>Finalmente, la Junta ha procedido al archivo y cierre de los expedientes de autorizaci\u00f3n administrativa previa, autorizaci\u00f3n administrativa de construcci\u00f3n y de declaraci\u00f3n en concreto de utilidad p\u00fablica de estos tres proyectos. Por su parte, la empresa que promov\u00eda el proyecto insiste en que contin\u00faan \u00abcon el desarrollo de su cartera de proyectos de energ\u00edas renovables\u00bb.<\/p>\n\n\n\n<p>La compa\u00f1\u00eda asegura que est\u00e1 dando un \u00abimpulso relevante a sus iniciativas de calor industrial y combustibles renovables\u00bb y apuesta por el desarrollo de otros proyectos fotovoltaicos. Dentro de los combustibles renovables destaca la alianza con dos consultoras energ\u00e9ticas, que forman parte de CPPI, un fondo de pensiones canadiense que gestiona aproximadamente 590 miles de millones de d\u00f3lares para analizar el desarrollo de una planta de e-metanol en un complejo que tienen en Puertollano, en Ciudad Real.<\/p>\n\n\n\n<p><strong>Proceso judicial<\/strong><\/p>\n\n\n\n<p>Las plantas solares que hab\u00eda proyectada en la Vega de Granada no ha estado exenta de pol\u00e9mica desde sus primeros compases hace tres a\u00f1os cuando se hizo p\u00fablico el proyecto de impacto ambiental. Agricultores y ayuntamientos afectados trataron de ponerle freno.<\/p>\n\n\n\n<p>De hecho, se cre\u00f3 la Plataforma en Defensa de la Vega de Granada y su Entorno, que denunci\u00f3 en junio de 2024 ante la Fiscal\u00eda a la Junta de Andaluc\u00eda y varias empresas por el perjuicio que consideran que su construcci\u00f3n supondr\u00eda para la Vega de Granada. Adicionalmente, se interpuso un recurso de alzada.<\/p>\n\n\n\n<p><strong>Celebran la renuncia<\/strong><\/p>\n\n\n\n<p>En marzo de este a\u00f1o, los propietarios que se iban a ver afectados por la expropiaci\u00f3n de las tierras, 155 hect\u00e1reas aproximadamente, pidieron amparo al Tribunal Superior de Justicia de Andaluc\u00eda, con el fin de que sus cultivos y \u00abterrenos de excepcional valor productivo\u00bb no se vieran perjudicados con la construcci\u00f3n de una l\u00ednea de alta tensi\u00f3n. La agrupaci\u00f3n reclamaba que no se autorizara el tendido u obligara a la empresa que promueve el parque solar a que lo realizara de forma subterr\u00e1nea.<\/p>\n\n\n\n<p>Los tres parques solares fotovoltaicos se proyectaban en los t\u00e9rminos municipales de Vegas del Genil y Santa Fe, principalmente con una producci\u00f3n pico total de 132 megavatios (Mw), y de la l\u00ednea de evacuaci\u00f3n de la electricidad generada hasta la subestaci\u00f3n colectora de Atarfe, prevista en el proyecto, y de esta a otra subestaci\u00f3n propiedad de Red El\u00e9ctrica Espa\u00f1ola. La l\u00ednea iba a tener una longitud total de 14,5 kil\u00f3metros. El tendido a\u00e9reo preve\u00eda la instalaci\u00f3n de un total de 28 apoyos o pilares de entre 24 y 2&#8217;9 metros de altura, en dos tramos distintos de 169 metros y de 4,6 kil\u00f3metros.<\/p>\n\n\n\n<p><a href=\"https:\/\/www.ideal.es\/autor\/pilar-garcia-trevijano-3248.html\"><strong>Pilar Garc\u00eda-Trevijano<\/strong><\/a><\/p>\n\n\n\n<p>FOTO: Choperas de la Vega. Alfredo Aguilar<\/p>\n\n\n\n<p><a href=\"https:\/\/www.ideal.es\/granada\/promotora-megaplanta-solar-vega-renuncia-proyecto-inviabilidad-20250522002212-nt.html?vca=dgtk-rrss-ide&amp;vso=fb&amp;vmc=social&amp;vli=ed-gran\">https:\/\/www.ideal.es\/granada\/promotora-megaplanta-solar-vega-renuncia-proyecto-inviabilidad-20250522002212-nt.html?vca=dgtk-rrss-ide&amp;vso=fb&amp;vmc=social&amp;vli=ed-gran<\/a><a href=\"https:\/\/www.ideal.es\/autor\/pilar-garcia-trevijano-3248.html\"><\/a><\/p>\n","protected":false},"excerpt":{"rendered":"<p>La Junta revoca la declaraci\u00f3n de utilidad p\u00fablica, archiva el expediente y devuelve el aval&#8230;<\/p>\n","protected":false},"author":1,"featured_media":77068,"comment_status":"closed","ping_status":"closed","sticky":false,"template":"","format":"standard","meta":{"_coblocks_attr":"","_coblocks_dimensions":"","_coblocks_responsive_height":"","_coblocks_accordion_ie_support":"","jetpack_post_was_ever_published":false,"_jetpack_newsletter_access":"","_jetpack_dont_email_post_to_subs":false,"_jetpack_newsletter_tier_id":0,"_jetpack_memberships_contains_paywalled_content":false,"_jetpack_memberships_contains_paid_content":false,"footnotes":"","jetpack_publicize_message":"","jetpack_publicize_feature_enabled":true,"jetpack_social_post_already_shared":true,"jetpack_social_options":{"image_generator_settings":{"template":"highway","default_image_id":0,"enabled":false},"version":2}},"categories":[2,186,9,44],"tags":[],"class_list":["post-77067","post","type-post","status-publish","format-standard","has-post-thumbnail","hentry","category-atarfe","category-instituciones","category-medio-ambiente","category-noticias-de-hoy"],"jetpack_publicize_connections":[],"jetpack_featured_media_url":"https:\/\/i0.wp.com\/miradordeatarfe.es\/wp-content\/uploads\/2025\/05\/vega-U2201726388783QJD-U2301843553374MDC-1200x840%40Ideal.jpg?fit=1200%2C840&ssl=1","jetpack_likes_enabled":true,"jetpack_sharing_enabled":true,"_links":{"self":[{"href":"https:\/\/miradordeatarfe.es\/index.php?rest_route=\/wp\/v2\/posts\/77067","targetHints":{"allow":["GET"]}}],"collection":[{"href":"https:\/\/miradordeatarfe.es\/index.php?rest_route=\/wp\/v2\/posts"}],"about":[{"href":"https:\/\/miradordeatarfe.es\/index.php?rest_route=\/wp\/v2\/types\/post"}],"author":[{"embeddable":true,"href":"https:\/\/miradordeatarfe.es\/index.php?rest_route=\/wp\/v2\/users\/1"}],"replies":[{"embeddable":true,"href":"https:\/\/miradordeatarfe.es\/index.php?rest_route=%2Fwp%2Fv2%2Fcomments&post=77067"}],"version-history":[{"count":1,"href":"https:\/\/miradordeatarfe.es\/index.php?rest_route=\/wp\/v2\/posts\/77067\/revisions"}],"predecessor-version":[{"id":77069,"href":"https:\/\/miradordeatarfe.es\/index.php?rest_route=\/wp\/v2\/posts\/77067\/revisions\/77069"}],"wp:featuredmedia":[{"embeddable":true,"href":"https:\/\/miradordeatarfe.es\/index.php?rest_route=\/wp\/v2\/media\/77068"}],"wp:attachment":[{"href":"https:\/\/miradordeatarfe.es\/index.php?rest_route=%2Fwp%2Fv2%2Fmedia&parent=77067"}],"wp:term":[{"taxonomy":"category","embeddable":true,"href":"https:\/\/miradordeatarfe.es\/index.php?rest_route=%2Fwp%2Fv2%2Fcategories&post=77067"},{"taxonomy":"post_tag","embeddable":true,"href":"https:\/\/miradordeatarfe.es\/index.php?rest_route=%2Fwp%2Fv2%2Ftags&post=77067"}],"curies":[{"name":"wp","href":"https:\/\/api.w.org\/{rel}","templated":true}]}}