{"id":77093,"date":"2025-05-27T11:00:00","date_gmt":"2025-05-27T09:00:00","guid":{"rendered":"https:\/\/miradordeatarfe.es\/?p=77093"},"modified":"2025-05-27T12:20:27","modified_gmt":"2025-05-27T10:20:27","slug":"77093","status":"publish","type":"post","link":"https:\/\/miradordeatarfe.es\/?p=77093","title":{"rendered":"LA AMPA LA ERMITA DEL CEIP CLARA CAMPOAMOR ABRE UN PROCESO PARTICIPATIVO ENTRE LOS CENTROS EDUCATIVOS"},"content":{"rendered":"\n<p class=\"has-medium-font-size\"><strong>El pasado mi\u00e9rcoles, 21 de mayo, tuvo lugar un hecho hist\u00f3rico para el movimiento asociativo de Atarfe. Por primera vez fue convocado de forma oficial el nuevo Consejo Local de Participaci\u00f3n Ciudadana, \u00f3rgano de representaci\u00f3n de todas las asociaciones y entidades de la ciudad.<\/strong><\/p>\n\n\n\n<p>En el mismo se propuso designar los nombres de los dos Centros C\u00edvicos y que a solicitud de los vecinos de Atarfe se argumenten diferentes nombres para esos espacios , tratando de satisfacer las necesidades emergentes del crecimiento del ordenamiento urbano<\/p>\n\n\n\n<p>La elecci\u00f3n consiste en un proceso de participaci\u00f3n voluntaria de las Asociaciones del Consejo conjuntamente con el gobierno municipal<\/p>\n\n\n\n<p>El objetivo principal de este proyecto es que es el vecino\/a se apropie, logrando un compromiso con&nbsp;su lugar de residencia en la ciudad; es m\u00e1s bien un proyecto de ciudadan\u00eda donde se le da la posibilidad de aportar en la elecci\u00f3n de nombres para su pueblo en un trabajo de ellos y gobierno&nbsp;protagonizando un proceso de democratizaci\u00f3n de todas las relaciones sociales, pol\u00edticas.<\/p>\n\n\n\n<p>OBJETIVOS DEL PROYECTO es poner en funcionamiento e implementar los mecanismos democr\u00e1ticos de participaci\u00f3n ciudadana, impulsar la construcci\u00f3n de una cultura ciudadana que valore la participaci\u00f3n y la pertenencia al gobierno  Municipal.<\/p>\n\n\n\n<p>De esta manera se garantiza la efectiva participaci\u00f3n de los ciudadanos en los procesos de toma de decisi\u00f3n.<\/p>\n\n\n\n<p><strong>SABER D\u00d3NDE VIVO, ME HACE SER PARTE, ME IDENTIFICA CON AQUELLOS CON&nbsp; LOS QUE CONVIVO TODOS LOS D\u00cdAS<\/strong><\/p>\n\n\n\n<p class=\"has-large-font-size\"><strong>ALGUNAS INICIATIVAS QUE YA SE HAN PUESTO EN MARCHA<\/strong><\/p>\n\n\n\n<p class=\"has-medium-font-size\"><strong>Desde el AMPA La Ermita \u2013 CEIP Clara Campoamor queremos compartir una bonita iniciativa en la que todos podemos participar:<\/strong><\/p>\n\n\n\n<p>AMPA LA ERMITA fue la \u00fanica Asociaci\u00f3n de centros educativos que particip\u00f3 en el Consejo de Participaci\u00f3n Ciudadana, donde fueron  la \u00fanica AMPA presente en representaci\u00f3n de la comunidad educativa. Uno de los puntos tratados fue la posibilidad de proponer nombres para los Centros C\u00edvicos de Atarfe que a\u00fan no tienen nombre.  y desde esta Asociaci\u00f3n quiere dar la oportunidad a todo el alumnado de Atarfe para proponer un nombre y explicar por qu\u00e9 lo eligen. \u00a1Es una forma preciosa de fomentar su participaci\u00f3n, creatividad y sentido de pertenencia a su pueblo!<\/p>\n\n\n\n<p>Tal como dice su presidente Francisco L\u00f3pez &#8230; \u00ab<em>debemos animamos con el resto de AMPAs del municipio a sumarse a esta iniciativa. Si perteneces a otro centro educativo, env\u00eda tu propuesta al responsable de tu AMPA, y ellos nos la har\u00e1n llegar para incluirla en el documento conjunto que presentaremos. Recogeremos las ideas durante el mes de mayo. A primeros de junio, registraremos una instancia con todas las propuestas.\u00bb<\/em><\/p>\n\n\n\n<p>\u00a1Animaos a participar! Entre todos y todas, podemos darle un nombre con alma a estos espacios compartidos<\/p>\n","protected":false},"excerpt":{"rendered":"<p>El pasado mi\u00e9rcoles, 21 de mayo, tuvo lugar un hecho hist\u00f3rico para el movimiento asociativo&#8230;<\/p>\n","protected":false},"author":1,"featured_media":77182,"comment_status":"closed","ping_status":"closed","sticky":false,"template":"","format":"standard","meta":{"_coblocks_attr":"","_coblocks_dimensions":"","_coblocks_responsive_height":"","_coblocks_accordion_ie_support":"","jetpack_post_was_ever_published":false,"_jetpack_newsletter_access":"","_jetpack_dont_email_post_to_subs":false,"_jetpack_newsletter_tier_id":0,"_jetpack_memberships_contains_paywalled_content":false,"_jetpack_memberships_contains_paid_content":false,"footnotes":"","jetpack_publicize_message":"","jetpack_publicize_feature_enabled":true,"jetpack_social_post_already_shared":true,"jetpack_social_options":{"image_generator_settings":{"template":"highway","default_image_id":0,"enabled":false},"version":2}},"categories":[187,186,44,10801],"tags":[],"class_list":["post-77093","post","type-post","status-publish","format-standard","has-post-thumbnail","hentry","category-centros-educativos","category-instituciones","category-noticias-de-hoy","category-participa-atarfe"],"jetpack_publicize_connections":[],"jetpack_featured_media_url":"https:\/\/i0.wp.com\/miradordeatarfe.es\/wp-content\/uploads\/2025\/05\/AMPA.jpeg?fit=320%2C180&ssl=1","jetpack_likes_enabled":true,"jetpack_sharing_enabled":true,"_links":{"self":[{"href":"https:\/\/miradordeatarfe.es\/index.php?rest_route=\/wp\/v2\/posts\/77093","targetHints":{"allow":["GET"]}}],"collection":[{"href":"https:\/\/miradordeatarfe.es\/index.php?rest_route=\/wp\/v2\/posts"}],"about":[{"href":"https:\/\/miradordeatarfe.es\/index.php?rest_route=\/wp\/v2\/types\/post"}],"author":[{"embeddable":true,"href":"https:\/\/miradordeatarfe.es\/index.php?rest_route=\/wp\/v2\/users\/1"}],"replies":[{"embeddable":true,"href":"https:\/\/miradordeatarfe.es\/index.php?rest_route=%2Fwp%2Fv2%2Fcomments&post=77093"}],"version-history":[{"count":5,"href":"https:\/\/miradordeatarfe.es\/index.php?rest_route=\/wp\/v2\/posts\/77093\/revisions"}],"predecessor-version":[{"id":77185,"href":"https:\/\/miradordeatarfe.es\/index.php?rest_route=\/wp\/v2\/posts\/77093\/revisions\/77185"}],"wp:featuredmedia":[{"embeddable":true,"href":"https:\/\/miradordeatarfe.es\/index.php?rest_route=\/wp\/v2\/media\/77182"}],"wp:attachment":[{"href":"https:\/\/miradordeatarfe.es\/index.php?rest_route=%2Fwp%2Fv2%2Fmedia&parent=77093"}],"wp:term":[{"taxonomy":"category","embeddable":true,"href":"https:\/\/miradordeatarfe.es\/index.php?rest_route=%2Fwp%2Fv2%2Fcategories&post=77093"},{"taxonomy":"post_tag","embeddable":true,"href":"https:\/\/miradordeatarfe.es\/index.php?rest_route=%2Fwp%2Fv2%2Ftags&post=77093"}],"curies":[{"name":"wp","href":"https:\/\/api.w.org\/{rel}","templated":true}]}}