{"id":77106,"date":"2025-05-26T09:21:00","date_gmt":"2025-05-26T07:21:00","guid":{"rendered":"https:\/\/miradordeatarfe.es\/?p=77106"},"modified":"2025-05-24T18:31:34","modified_gmt":"2025-05-24T16:31:34","slug":"no-la-ciudad-de-los-15-minutos-no-implica-encerrar-a-la-gente-en-su-barrio","status":"publish","type":"post","link":"https:\/\/miradordeatarfe.es\/?p=77106","title":{"rendered":"No, la ciudad de los 15 minutos no implica encerrar a la gente en su barrio"},"content":{"rendered":"\n<p>La ciudad de los 15 minutos es un modelo que pretende reorganizar las urbes para intentar <strong>que cada persona tenga cerca todo lo que necesita en su d\u00eda a d\u00eda (servicios p\u00fablicos, colegios, tiendas, parques\u2026) y m\u00e1s facilidades para caminar y moverse en bici.<\/strong> Una idea, en principio amable, que ha generado miles de bulos, espoleados por cuentas de ultraderecha.<\/p>\n\n\n\n<p>La mecha prendi\u00f3 con cr\u00edticas a los cortes de tr\u00e1fico en calles de varias urbes anglosajonas (pues para facilitar la movilidad sostenible hay que quitar espacio al coche), y fueron subiendo de nivel: primero, que la ciudad de los 15 minutos supone cerrar calles al tr\u00e1fico y esto quita libertad de movimiento (lo cual es falso, pues hay muchas formas de moverse en las urbes). Despu\u00e9s, que es un plan para encerrar a la poblaci\u00f3n en su barrio; m\u00e1s adelante, que consiste en prohibir los coches, fraccionar las ciudades en guetos identitarios y controlar las emisiones de carbono de cada ciudadano mientras los poderosos siguen viajando en <em>jets<\/em> privados. Por \u00faltimo, que es un plan para encerrar a la poblaci\u00f3n en su barrio, cosa que no solo no es cierta, sino que da la vuelta a la realidad: de hecho, hay muchos nuevos barrios donde no hay servicios ni tiendas y se f\u00eda todo al coche, quitando la libertad a quien no conduce.<\/p>\n\n\n\n<p>Carlos Moreno, el profesor creador del concepto, les responde: \u201cEs un delirio decir que vamos a encerrar a los ciudadanos en su barrio. La ciudad de los 15 minutos es lo contrario, que puedas moverte libremente por tu barrio a pie o en bici, y luego por toda la ciudad en bici o transporte p\u00fablico, que es el medio para conectar los barrios\u201d.<\/p>\n\n\n\n<p>Aqu\u00ed se puede saber m\u00e1s sobre<a href=\"https:\/\/elpais.com\/clima-y-medio-ambiente\/2023-03-04\/15-mitos-sobre-la-ciudad-de-los-15-minutos-la-ultima-paranoia-de-los-conspiracionistas.html\"> la ciudad de los 15 minutos y sus bulos. &nbsp;<\/a><\/p>\n\n\n\n<p><a href=\"https:\/\/elpais.com\/autor\/miguel-angel-medina\/#?rel=author_top\"><strong>Miguel \u00c1ngel Medina<\/strong><\/a><\/p>\n\n\n\n<p>FOTO: Esquina entre Borrell y Consell de Cent, en Barcelona. AYUNTAMIENTO DE BARCELONA<\/p>\n\n\n\n<p><a href=\"https:\/\/elpais.com\/clima-y-medio-ambiente\/2023-03-04\/15-mitos-sobre-la-ciudad-de-los-15-minutos-la-ultima-paranoia-de-los-conspiracionistas.html\">https:\/\/elpais.com\/clima-y-medio-ambiente\/2023-03-04\/15-mitos-sobre-la-ciudad-de-los-15-minutos-la-ultima-paranoia-de-los-conspiracionistas.html<\/a><\/p>\n","protected":false},"excerpt":{"rendered":"<p>La ciudad de los 15 minutos es un modelo que pretende reorganizar las urbes para&#8230;<\/p>\n","protected":false},"author":1,"featured_media":77107,"comment_status":"closed","ping_status":"closed","sticky":false,"template":"","format":"standard","meta":{"_coblocks_attr":"","_coblocks_dimensions":"","_coblocks_responsive_height":"","_coblocks_accordion_ie_support":"","jetpack_post_was_ever_published":false,"_jetpack_newsletter_access":"","_jetpack_dont_email_post_to_subs":false,"_jetpack_newsletter_tier_id":0,"_jetpack_memberships_contains_paywalled_content":false,"_jetpack_memberships_contains_paid_content":false,"footnotes":"","jetpack_publicize_message":"","jetpack_publicize_feature_enabled":true,"jetpack_social_post_already_shared":true,"jetpack_social_options":{"image_generator_settings":{"template":"highway","default_image_id":0,"enabled":false},"version":2}},"categories":[2,1161,9,44],"tags":[],"class_list":["post-77106","post","type-post","status-publish","format-standard","has-post-thumbnail","hentry","category-atarfe","category-ciudadania","category-medio-ambiente","category-noticias-de-hoy"],"jetpack_publicize_connections":[],"jetpack_featured_media_url":"https:\/\/i0.wp.com\/miradordeatarfe.es\/wp-content\/uploads\/2025\/05\/Screenshot-2025-05-24-at-12-57-22-Detector-de-bulos-ambientales-No-no-van-a-pagar-a-los-ciudadanos-por-reciclar-Clima-y-Medio-Ambiente-EL-PAIS.png?fit=402%2C224&ssl=1","jetpack_likes_enabled":true,"jetpack_sharing_enabled":true,"_links":{"self":[{"href":"https:\/\/miradordeatarfe.es\/index.php?rest_route=\/wp\/v2\/posts\/77106","targetHints":{"allow":["GET"]}}],"collection":[{"href":"https:\/\/miradordeatarfe.es\/index.php?rest_route=\/wp\/v2\/posts"}],"about":[{"href":"https:\/\/miradordeatarfe.es\/index.php?rest_route=\/wp\/v2\/types\/post"}],"author":[{"embeddable":true,"href":"https:\/\/miradordeatarfe.es\/index.php?rest_route=\/wp\/v2\/users\/1"}],"replies":[{"embeddable":true,"href":"https:\/\/miradordeatarfe.es\/index.php?rest_route=%2Fwp%2Fv2%2Fcomments&post=77106"}],"version-history":[{"count":3,"href":"https:\/\/miradordeatarfe.es\/index.php?rest_route=\/wp\/v2\/posts\/77106\/revisions"}],"predecessor-version":[{"id":77111,"href":"https:\/\/miradordeatarfe.es\/index.php?rest_route=\/wp\/v2\/posts\/77106\/revisions\/77111"}],"wp:featuredmedia":[{"embeddable":true,"href":"https:\/\/miradordeatarfe.es\/index.php?rest_route=\/wp\/v2\/media\/77107"}],"wp:attachment":[{"href":"https:\/\/miradordeatarfe.es\/index.php?rest_route=%2Fwp%2Fv2%2Fmedia&parent=77106"}],"wp:term":[{"taxonomy":"category","embeddable":true,"href":"https:\/\/miradordeatarfe.es\/index.php?rest_route=%2Fwp%2Fv2%2Fcategories&post=77106"},{"taxonomy":"post_tag","embeddable":true,"href":"https:\/\/miradordeatarfe.es\/index.php?rest_route=%2Fwp%2Fv2%2Ftags&post=77106"}],"curies":[{"name":"wp","href":"https:\/\/api.w.org\/{rel}","templated":true}]}}