{"id":77148,"date":"2025-05-27T10:30:00","date_gmt":"2025-05-27T08:30:00","guid":{"rendered":"https:\/\/miradordeatarfe.es\/?p=77148"},"modified":"2025-05-27T09:56:28","modified_gmt":"2025-05-27T07:56:28","slug":"nueva-limpieza-en-el-entorno-de-sierra-elvira","status":"publish","type":"post","link":"https:\/\/miradordeatarfe.es\/?p=77148","title":{"rendered":"Nueva limpieza en el entorno de Sierra Elvira"},"content":{"rendered":"\n<p class=\"has-medium-font-size\"><strong>Se ha actuado en el entorno de las Aguas potables y la V\u00eda de Servicio de la A92 en la ladera<\/strong><\/p>\n\n\n\n<p>Ocho personas de las asociaciones Atarfe Sostenible y Senderismo el Castillejo, partieron del Corredor Verde hacia el Camino de las Canteras para incorporarse a la V\u00eda de Servicio; en ese trayecto se llenaron las primeras bolsas con la basura en la orilla del camino.<\/p>\n\n\n\n<p>En la zona de las antiguas Aguas Potables, donde estaban los primeros contenedores que expresamente el Ayuntamiento de Atarfe hab\u00eda instalado, se depositaron m\u00e1s de 100 kilos de restos pl\u00e1sticos, cartones, ropa\u2026<\/p>\n\n\n\n<p>Posteriormente en el Camino de Albarrate, se volvieron a dejar bolsas llenas en los contenedores de la puerta del Punto Limpio. Despu\u00e9s se hizo el tramo de v\u00eda de servicio hasta el paso subterr\u00e1neo a la altura de la granja HH. All\u00ed, en otros contenedores colocados para esta actividad, fueron m\u00e1s de 200 kilos los depositados, y adem\u00e1s se mandaron fotos de los vertidos de escombros en las cunetas. Se acab\u00f3 el recorrido volviendo al Corredor Verde por el otro lateral. En total se superaron los 400kilos.<\/p>\n\n\n\n<p>La ma\u00f1ana culmin\u00f3 con un merecido descanso a la sombra con refresco y bocadillo, comentando la labor hecha. Como siempre, se aprovech\u00f3 para dar a conocer acontecimientos de la Historia de Atarfe, en esta ocasi\u00f3n se coment\u00f3 la pol\u00e9mica que hubo en el pueblo sobre el trazado de la A92, con la oposici\u00f3n de un importante grupo de vecinos que propon\u00edan un trazado sin cercar Atarfe ni pasar por el Puerto de la Mora.<\/p>\n\n\n\n<p>Por el trayecto fueron varias las personas que se pararon a hablar y quejarse por lo lamentable de las basuras y agradeciendo la intervenci\u00f3n, desde la organizaci\u00f3n se les anim\u00f3 a participar en pr\u00f3ximas ocasiones.<\/p>\n\n\n\n<p>Todos las personas participantes muy satisfechas por colaborar para tener un entorno m\u00e1s limpio, por hacer m\u00e1s agradables los paseos de las vecinas y vecinos,&nbsp; por estrechar lazos de convivencia y por conocer a Pura, vecina de Caparacena, asociada al Castillejo, que se uni\u00f3 por primera vez a esta tarea. Una forma de ocio sostenible, la oportunidad de disfrutar mejorando el medio ambiente y conociendo a personas con grandes valores.<\/p>\n\n\n\n<figure class=\"wp-block-gallery has-nested-images columns-default is-cropped wp-block-gallery-1 is-layout-flex wp-block-gallery-is-layout-flex\">\n<figure class=\"wp-block-image size-large\"><img data-recalc-dims=\"1\" loading=\"lazy\" decoding=\"async\" width=\"640\" height=\"853\" data-id=\"77163\" src=\"https:\/\/i0.wp.com\/miradordeatarfe.es\/wp-content\/uploads\/2025\/05\/Imagen-de-WhatsApp-2025-05-26-a-las-16.29.17_c46ded20.jpg?resize=640%2C853&#038;ssl=1\" alt=\"\" class=\"wp-image-77163\" srcset=\"https:\/\/i0.wp.com\/miradordeatarfe.es\/wp-content\/uploads\/2025\/05\/Imagen-de-WhatsApp-2025-05-26-a-las-16.29.17_c46ded20.jpg?resize=768%2C1024&amp;ssl=1 768w, https:\/\/i0.wp.com\/miradordeatarfe.es\/wp-content\/uploads\/2025\/05\/Imagen-de-WhatsApp-2025-05-26-a-las-16.29.17_c46ded20.jpg?resize=225%2C300&amp;ssl=1 225w, https:\/\/i0.wp.com\/miradordeatarfe.es\/wp-content\/uploads\/2025\/05\/Imagen-de-WhatsApp-2025-05-26-a-las-16.29.17_c46ded20.jpg?resize=1152%2C1536&amp;ssl=1 1152w, https:\/\/i0.wp.com\/miradordeatarfe.es\/wp-content\/uploads\/2025\/05\/Imagen-de-WhatsApp-2025-05-26-a-las-16.29.17_c46ded20.jpg?resize=1024%2C1365&amp;ssl=1 1024w, https:\/\/i0.wp.com\/miradordeatarfe.es\/wp-content\/uploads\/2025\/05\/Imagen-de-WhatsApp-2025-05-26-a-las-16.29.17_c46ded20.jpg?resize=1320%2C1760&amp;ssl=1 1320w, https:\/\/i0.wp.com\/miradordeatarfe.es\/wp-content\/uploads\/2025\/05\/Imagen-de-WhatsApp-2025-05-26-a-las-16.29.17_c46ded20.jpg?w=1536&amp;ssl=1 1536w\" sizes=\"auto, (max-width: 640px) 100vw, 640px\" \/><\/figure>\n\n\n\n<figure class=\"wp-block-image size-large\"><img data-recalc-dims=\"1\" loading=\"lazy\" decoding=\"async\" width=\"640\" height=\"853\" data-id=\"77164\" src=\"https:\/\/i0.wp.com\/miradordeatarfe.es\/wp-content\/uploads\/2025\/05\/Imagen-de-WhatsApp-2025-05-26-a-las-16.29.17_7ba284cb.jpg?resize=640%2C853&#038;ssl=1\" alt=\"\" class=\"wp-image-77164\" srcset=\"https:\/\/i0.wp.com\/miradordeatarfe.es\/wp-content\/uploads\/2025\/05\/Imagen-de-WhatsApp-2025-05-26-a-las-16.29.17_7ba284cb.jpg?resize=768%2C1024&amp;ssl=1 768w, https:\/\/i0.wp.com\/miradordeatarfe.es\/wp-content\/uploads\/2025\/05\/Imagen-de-WhatsApp-2025-05-26-a-las-16.29.17_7ba284cb.jpg?resize=225%2C300&amp;ssl=1 225w, https:\/\/i0.wp.com\/miradordeatarfe.es\/wp-content\/uploads\/2025\/05\/Imagen-de-WhatsApp-2025-05-26-a-las-16.29.17_7ba284cb.jpg?resize=1152%2C1536&amp;ssl=1 1152w, https:\/\/i0.wp.com\/miradordeatarfe.es\/wp-content\/uploads\/2025\/05\/Imagen-de-WhatsApp-2025-05-26-a-las-16.29.17_7ba284cb.jpg?resize=1024%2C1365&amp;ssl=1 1024w, https:\/\/i0.wp.com\/miradordeatarfe.es\/wp-content\/uploads\/2025\/05\/Imagen-de-WhatsApp-2025-05-26-a-las-16.29.17_7ba284cb.jpg?resize=1320%2C1760&amp;ssl=1 1320w, https:\/\/i0.wp.com\/miradordeatarfe.es\/wp-content\/uploads\/2025\/05\/Imagen-de-WhatsApp-2025-05-26-a-las-16.29.17_7ba284cb.jpg?w=1536&amp;ssl=1 1536w\" sizes=\"auto, (max-width: 640px) 100vw, 640px\" \/><\/figure>\n\n\n\n<figure class=\"wp-block-image size-large\"><img data-recalc-dims=\"1\" loading=\"lazy\" decoding=\"async\" width=\"640\" height=\"853\" data-id=\"77165\" src=\"https:\/\/i0.wp.com\/miradordeatarfe.es\/wp-content\/uploads\/2025\/05\/Imagen-de-WhatsApp-2025-05-26-a-las-16.29.17_4057cae1.jpg?resize=640%2C853&#038;ssl=1\" alt=\"\" class=\"wp-image-77165\" srcset=\"https:\/\/i0.wp.com\/miradordeatarfe.es\/wp-content\/uploads\/2025\/05\/Imagen-de-WhatsApp-2025-05-26-a-las-16.29.17_4057cae1.jpg?resize=768%2C1024&amp;ssl=1 768w, https:\/\/i0.wp.com\/miradordeatarfe.es\/wp-content\/uploads\/2025\/05\/Imagen-de-WhatsApp-2025-05-26-a-las-16.29.17_4057cae1.jpg?resize=225%2C300&amp;ssl=1 225w, https:\/\/i0.wp.com\/miradordeatarfe.es\/wp-content\/uploads\/2025\/05\/Imagen-de-WhatsApp-2025-05-26-a-las-16.29.17_4057cae1.jpg?resize=1152%2C1536&amp;ssl=1 1152w, https:\/\/i0.wp.com\/miradordeatarfe.es\/wp-content\/uploads\/2025\/05\/Imagen-de-WhatsApp-2025-05-26-a-las-16.29.17_4057cae1.jpg?resize=1024%2C1365&amp;ssl=1 1024w, https:\/\/i0.wp.com\/miradordeatarfe.es\/wp-content\/uploads\/2025\/05\/Imagen-de-WhatsApp-2025-05-26-a-las-16.29.17_4057cae1.jpg?resize=1320%2C1760&amp;ssl=1 1320w, https:\/\/i0.wp.com\/miradordeatarfe.es\/wp-content\/uploads\/2025\/05\/Imagen-de-WhatsApp-2025-05-26-a-las-16.29.17_4057cae1.jpg?w=1536&amp;ssl=1 1536w\" sizes=\"auto, (max-width: 640px) 100vw, 640px\" \/><\/figure>\n\n\n\n<figure class=\"wp-block-image size-large\"><img data-recalc-dims=\"1\" loading=\"lazy\" decoding=\"async\" width=\"640\" height=\"850\" data-id=\"77166\" src=\"https:\/\/i0.wp.com\/miradordeatarfe.es\/wp-content\/uploads\/2025\/05\/Imagen-de-WhatsApp-2025-05-26-a-las-16.28.20_60cd6cf7.jpg?resize=640%2C850&#038;ssl=1\" alt=\"\" class=\"wp-image-77166\" srcset=\"https:\/\/i0.wp.com\/miradordeatarfe.es\/wp-content\/uploads\/2025\/05\/Imagen-de-WhatsApp-2025-05-26-a-las-16.28.20_60cd6cf7.jpg?resize=771%2C1024&amp;ssl=1 771w, https:\/\/i0.wp.com\/miradordeatarfe.es\/wp-content\/uploads\/2025\/05\/Imagen-de-WhatsApp-2025-05-26-a-las-16.28.20_60cd6cf7.jpg?resize=226%2C300&amp;ssl=1 226w, https:\/\/i0.wp.com\/miradordeatarfe.es\/wp-content\/uploads\/2025\/05\/Imagen-de-WhatsApp-2025-05-26-a-las-16.28.20_60cd6cf7.jpg?resize=768%2C1020&amp;ssl=1 768w, https:\/\/i0.wp.com\/miradordeatarfe.es\/wp-content\/uploads\/2025\/05\/Imagen-de-WhatsApp-2025-05-26-a-las-16.28.20_60cd6cf7.jpg?resize=1157%2C1536&amp;ssl=1 1157w, https:\/\/i0.wp.com\/miradordeatarfe.es\/wp-content\/uploads\/2025\/05\/Imagen-de-WhatsApp-2025-05-26-a-las-16.28.20_60cd6cf7.jpg?resize=1024%2C1360&amp;ssl=1 1024w, https:\/\/i0.wp.com\/miradordeatarfe.es\/wp-content\/uploads\/2025\/05\/Imagen-de-WhatsApp-2025-05-26-a-las-16.28.20_60cd6cf7.jpg?resize=1320%2C1753&amp;ssl=1 1320w, https:\/\/i0.wp.com\/miradordeatarfe.es\/wp-content\/uploads\/2025\/05\/Imagen-de-WhatsApp-2025-05-26-a-las-16.28.20_60cd6cf7.jpg?w=1536&amp;ssl=1 1536w\" sizes=\"auto, (max-width: 640px) 100vw, 640px\" \/><\/figure>\n<\/figure>\n","protected":false},"excerpt":{"rendered":"<p>Se ha actuado en el entorno de las Aguas potables y la V\u00eda de Servicio&#8230;<\/p>\n","protected":false},"author":1,"featured_media":77149,"comment_status":"closed","ping_status":"closed","sticky":false,"template":"","format":"standard","meta":{"_coblocks_attr":"","_coblocks_dimensions":"","_coblocks_responsive_height":"","_coblocks_accordion_ie_support":"","jetpack_post_was_ever_published":false,"_jetpack_newsletter_access":"","_jetpack_dont_email_post_to_subs":false,"_jetpack_newsletter_tier_id":0,"_jetpack_memberships_contains_paywalled_content":false,"_jetpack_memberships_contains_paid_content":false,"footnotes":"","jetpack_publicize_message":"","jetpack_publicize_feature_enabled":true,"jetpack_social_post_already_shared":true,"jetpack_social_options":{"image_generator_settings":{"template":"highway","default_image_id":0,"enabled":false},"version":2}},"categories":[7725,1161,44,10799],"tags":[],"class_list":["post-77148","post","type-post","status-publish","format-standard","has-post-thumbnail","hentry","category-atarfe-sostenible","category-ciudadania","category-noticias-de-hoy","category-voluntariado"],"jetpack_publicize_connections":[],"jetpack_featured_media_url":"https:\/\/i0.wp.com\/miradordeatarfe.es\/wp-content\/uploads\/2025\/05\/imagen62423_0_original.jpg?fit=420%2C383&ssl=1","jetpack_likes_enabled":true,"jetpack_sharing_enabled":true,"_links":{"self":[{"href":"https:\/\/miradordeatarfe.es\/index.php?rest_route=\/wp\/v2\/posts\/77148","targetHints":{"allow":["GET"]}}],"collection":[{"href":"https:\/\/miradordeatarfe.es\/index.php?rest_route=\/wp\/v2\/posts"}],"about":[{"href":"https:\/\/miradordeatarfe.es\/index.php?rest_route=\/wp\/v2\/types\/post"}],"author":[{"embeddable":true,"href":"https:\/\/miradordeatarfe.es\/index.php?rest_route=\/wp\/v2\/users\/1"}],"replies":[{"embeddable":true,"href":"https:\/\/miradordeatarfe.es\/index.php?rest_route=%2Fwp%2Fv2%2Fcomments&post=77148"}],"version-history":[{"count":3,"href":"https:\/\/miradordeatarfe.es\/index.php?rest_route=\/wp\/v2\/posts\/77148\/revisions"}],"predecessor-version":[{"id":77168,"href":"https:\/\/miradordeatarfe.es\/index.php?rest_route=\/wp\/v2\/posts\/77148\/revisions\/77168"}],"wp:featuredmedia":[{"embeddable":true,"href":"https:\/\/miradordeatarfe.es\/index.php?rest_route=\/wp\/v2\/media\/77149"}],"wp:attachment":[{"href":"https:\/\/miradordeatarfe.es\/index.php?rest_route=%2Fwp%2Fv2%2Fmedia&parent=77148"}],"wp:term":[{"taxonomy":"category","embeddable":true,"href":"https:\/\/miradordeatarfe.es\/index.php?rest_route=%2Fwp%2Fv2%2Fcategories&post=77148"},{"taxonomy":"post_tag","embeddable":true,"href":"https:\/\/miradordeatarfe.es\/index.php?rest_route=%2Fwp%2Fv2%2Ftags&post=77148"}],"curies":[{"name":"wp","href":"https:\/\/api.w.org\/{rel}","templated":true}]}}