{"id":77155,"date":"2025-05-26T11:20:00","date_gmt":"2025-05-26T09:20:00","guid":{"rendered":"https:\/\/miradordeatarfe.es\/?p=77155"},"modified":"2025-05-26T12:47:05","modified_gmt":"2025-05-26T10:47:05","slug":"el-consejo-de-participacion-se-pone-en-marcha","status":"publish","type":"post","link":"https:\/\/miradordeatarfe.es\/?p=77155","title":{"rendered":"EL NUEVO CONSEJO DE PARTICIPACI\u00d3N SE REUNE POR PRIMERA VEZ"},"content":{"rendered":"\n<p><strong>El pasado mi\u00e9rcoles, 21 de mayo, tuvo lugar un hecho hist\u00f3rico para el movimiento asociativo de Atarfe. Por primera vez fue convocado de forma oficial el NUEVO Consejo Local de Participaci\u00f3n Ciudadana, \u00f3rgano de representaci\u00f3n de todas las asociaciones y entidades de la ciudad.<\/strong><br \/><\/p>\n\n\n\n<p><strong>La Alcaldesa, Yolanda Fern\u00e1ndez, y el Concejal de Participaci\u00f3n Ciudadana, Javier Arenas<\/strong>, dieron comienzo al Consejo ante m\u00e1s de 40 representantes de todas aquellas asociaciones y entidades locales que han querido participar en \u00e9l.<\/p>\n\n\n\n<p>Los puntos que se trataron en esta primera convocatoria fueron:<br \/>a<strong>) La pr\u00f3xima convocatoria de subvenciones por concurrencia<\/strong> competitiva que sacar\u00e1 el Ayuntamiento de Atarfe en aproximadamente 15 d\u00edas. La Alcaldesa les anim\u00f3 a comenzar a preparar los proyectos,<br \/>as\u00ed como destac\u00f3 la gran apuesta de este Equipo de Gobierno por el \u00c1rea de Participaci\u00f3n Ciudadana. <\/p>\n\n\n\n<p>El Concejal, Javier Arenas, se\u00f1al\u00f3 que era fundamental que las asociaciones y entidades locales compitiesen en igualdad de condiciones por obtener ayudas por parte de la Administraci\u00f3n Local.<br \/><\/p>\n\n\n\n<p>b) <strong>La solicitud de propuesta de nombre para los dos Centros C\u00edvicos<\/strong> del municipio de Atarfe, siguiendo los art\u00edculos 13 y 14 del Reglamento Municipal. En este punto, los y las representantes fueron instados a<br \/>presentar en el plazo de un mes una instancia general con las propuestas que fueran aprobadas por parte de sus respectivas Juntas Directivas, as\u00ed como la justificaci\u00f3n de su elecci\u00f3n. En el pr\u00f3ximo Consejo se dar\u00e1 cuenta de las propuestas recibidas, as\u00ed como del procedimiento que se seguir\u00e1 para su elecci\u00f3n.<br \/><\/p>\n\n\n\n<p>c) <strong>Petici\u00f3n de propuestas para la elaboraci\u00f3n del programa \u201cParticipa Atarfe 2025\u201d<\/strong>. El Concejal de Participaci\u00f3n Ciudadana inform\u00f3 de ya tener actividades programadas en el marco de este programa, sin<br \/>embargo, anim\u00f3 a las asociaciones y entidades locales a presentar propuestas que completen esta programaci\u00f3n anual.<\/p>\n\n\n\n<p>d) Por parte de la Alcaldesa se inform\u00f3 a los presentes sobre los presupuestos 2025 y la intenci\u00f3n del Equipo de Gobierno de apostar por unos <strong>presupuestos participativos pr\u00f3ximamente<\/strong>, as\u00ed como por la<br \/>puesta en marcha el pr\u00f3ximo martes, 27 de mayo, de las reuniones de barrio en las que el Equipo de Gobierno participa de forma activa en la escucha de demandas y solicitudes por parte de los y las vecinas de los diferentes barrios de la ciudad. El Concejal anim\u00f3 a los y las representantes del Consejo a participar de forma activa en esta actividad y les emplaz\u00f3 a la primera de las reuniones a las 19:00h., en la Plaza<br \/>N\u00edvar (Plaza al lado de las pistas de p\u00e1del).<\/p>\n\n\n\n<p>e) Para concluir, el Concejal explic\u00f3 <strong>la adhesi\u00f3n de la ciudad a la Red Local de Acci\u00f3n en Salud as\u00ed como al Plan Estrat\u00e9gico en Salud del Ministerio de Sanidad<\/strong> de la mano del inicio de las primeras reuniones para la elaboraci\u00f3n del I Plan Local de Salud de Atarfe. Pr\u00f3ximamente dar\u00e1 m\u00e1s informaci\u00f3n, \u201cya que el movimiento asociativo va a ser clave en este proyecto\u201d, asegur\u00f3.<\/p>\n","protected":false},"excerpt":{"rendered":"<p>El pasado mi\u00e9rcoles, 21 de mayo, tuvo lugar un hecho hist\u00f3rico para el movimiento asociativo&#8230;<\/p>\n","protected":false},"author":1,"featured_media":77156,"comment_status":"closed","ping_status":"closed","sticky":false,"template":"","format":"standard","meta":{"_coblocks_attr":"","_coblocks_dimensions":"","_coblocks_responsive_height":"","_coblocks_accordion_ie_support":"","jetpack_post_was_ever_published":false,"_jetpack_newsletter_access":"","_jetpack_dont_email_post_to_subs":false,"_jetpack_newsletter_tier_id":0,"_jetpack_memberships_contains_paywalled_content":false,"_jetpack_memberships_contains_paid_content":false,"footnotes":"","jetpack_publicize_message":"","jetpack_publicize_feature_enabled":true,"jetpack_social_post_already_shared":true,"jetpack_social_options":{"image_generator_settings":{"template":"highway","default_image_id":0,"enabled":false},"version":2}},"categories":[6916,1161,186,44,10799],"tags":[],"class_list":["post-77155","post","type-post","status-publish","format-standard","has-post-thumbnail","hentry","category-ayuntamiento-de-atarfe","category-ciudadania","category-instituciones","category-noticias-de-hoy","category-voluntariado"],"jetpack_publicize_connections":[],"jetpack_featured_media_url":"https:\/\/i0.wp.com\/miradordeatarfe.es\/wp-content\/uploads\/2025\/05\/participacion-ciudadana.jpg?fit=450%2C298&ssl=1","jetpack_likes_enabled":true,"jetpack_sharing_enabled":true,"_links":{"self":[{"href":"https:\/\/miradordeatarfe.es\/index.php?rest_route=\/wp\/v2\/posts\/77155","targetHints":{"allow":["GET"]}}],"collection":[{"href":"https:\/\/miradordeatarfe.es\/index.php?rest_route=\/wp\/v2\/posts"}],"about":[{"href":"https:\/\/miradordeatarfe.es\/index.php?rest_route=\/wp\/v2\/types\/post"}],"author":[{"embeddable":true,"href":"https:\/\/miradordeatarfe.es\/index.php?rest_route=\/wp\/v2\/users\/1"}],"replies":[{"embeddable":true,"href":"https:\/\/miradordeatarfe.es\/index.php?rest_route=%2Fwp%2Fv2%2Fcomments&post=77155"}],"version-history":[{"count":2,"href":"https:\/\/miradordeatarfe.es\/index.php?rest_route=\/wp\/v2\/posts\/77155\/revisions"}],"predecessor-version":[{"id":77158,"href":"https:\/\/miradordeatarfe.es\/index.php?rest_route=\/wp\/v2\/posts\/77155\/revisions\/77158"}],"wp:featuredmedia":[{"embeddable":true,"href":"https:\/\/miradordeatarfe.es\/index.php?rest_route=\/wp\/v2\/media\/77156"}],"wp:attachment":[{"href":"https:\/\/miradordeatarfe.es\/index.php?rest_route=%2Fwp%2Fv2%2Fmedia&parent=77155"}],"wp:term":[{"taxonomy":"category","embeddable":true,"href":"https:\/\/miradordeatarfe.es\/index.php?rest_route=%2Fwp%2Fv2%2Fcategories&post=77155"},{"taxonomy":"post_tag","embeddable":true,"href":"https:\/\/miradordeatarfe.es\/index.php?rest_route=%2Fwp%2Fv2%2Ftags&post=77155"}],"curies":[{"name":"wp","href":"https:\/\/api.w.org\/{rel}","templated":true}]}}