{"id":77187,"date":"2025-05-29T10:30:27","date_gmt":"2025-05-29T08:30:27","guid":{"rendered":"https:\/\/miradordeatarfe.es\/?p=77187"},"modified":"2025-05-29T13:03:42","modified_gmt":"2025-05-29T11:03:42","slug":"el-jurado-del-premio-internacional-denovela-corta-francisco-ayala-se-reunepara-fallar-su-segunda-edicion","status":"publish","type":"post","link":"https:\/\/miradordeatarfe.es\/?p=77187","title":{"rendered":"ATARFE: LA FUNDACI\u00d3N SIERRA ELVIRA Y EL CONCURSO DE NOVELA CORTA"},"content":{"rendered":"\n<p class=\"has-medium-font-size\"><strong>El Jurado del Premio Internacional de Novela Corta \u201cFrancisco Ayala\u201d se re\u00fane para fallar su segunda edici\u00f3n<\/strong>.<strong>Los miembros del Jurado, compuesto por personalidades relevantes del mundo acad\u00e9mico y literario, pondr\u00e1n en com\u00fan sus propuestas para decidir la obra merecedora del galard\u00f3n<\/strong> <strong>entre las seis finalistas y conocer el nombre del ganador.<\/strong><\/p>\n\n\n\n<p>El Jurado del II Premio Internacional de Novela Corta \u201cFrancisco Ayala\u201d, presidido por la escritora, catedr\u00e1tica de Literatura Hispanoamericana y decana de la Facultad de Filosof\u00eda y Letras de la Universidad de Granada (UGR), Ana Gallego Cui\u00f1as, se reunir\u00e1 el pr\u00f3ximo jueves 29 de mayo para fallar su segunda edici\u00f3n entre las seis novelas finalistas, seleccionadas previamente por un comit\u00e9 de lectura que evalu\u00f3 un total de 808 novelas presentadas a concurso.<\/p>\n\n\n\n<p>Esta reuni\u00f3n decisoria tendr\u00e1 lugar a partir de las 19:00 horas, en la Fundaci\u00f3n Francisco Ayala \u2500Palacete Alc\u00e1zar del Genil\u2500 donde los miembros del jurado, compuesto por relevantes personalidades del mundo acad\u00e9mico y literario, pondr\u00e1n en com\u00fan sus propuestas para decidir la obra merecedora del galard\u00f3n y conocer el nombre del ganador. <\/p>\n\n\n\n<p>El fallo del Jurado ser\u00e1 hecho p\u00fablico al d\u00eda siguiente, 30 de mayo, mediante comunicado oficial.<br \/>El Premio Internacional de Novela Corta que lleva el nombre el ilustre autor granadino, Francisco<br \/>Ayala, m\u00e1ximo exponente del g\u00e9nero, fue creado en 2023 por la Fundaci\u00f3n Sierra Elvira, en<br \/>colaboraci\u00f3n con la propia Fundaci\u00f3n Francisco Ayala y la editorial Traspi\u00e9s, con el objetivo de<br \/>impulsar la actividad art\u00edstica y literaria de Granada m\u00e1s all\u00e1 del \u00e1mbito local atrayendo a los<br \/>mejores narradores del momento en lengua espa\u00f1ola. <\/p>\n\n\n\n<p>Se fall\u00f3 su primera edici\u00f3n en junio de 2024y fue su primer ganador el prestigioso autor Antonio Tocornal, con la novela \u00c1rida.<\/p>\n\n\n\n<p>A esta segunda edici\u00f3n han concurrido obras de veintiocho pa\u00edses, ampliando as\u00ed el \u00e1rea de<br \/>influencia con respecto a la edici\u00f3n anterior, a la que concurrieron diez pa\u00edses menos. M\u00e1s de la<br \/>mitad, 407, proceden de autores espa\u00f1oles y 146 son argentinos. Le siguen Colombia con 54;<br \/>M\u00e9xico, con 49; Cuba, con 35; Venezuela, con 25; Chile, con 20; Uruguay, con 12 y Per\u00fa, con 10. El<br \/>resto, una obra por pa\u00eds: Alemania, B\u00e9lgica, Brasil, Costa Rica, Ecuador, El Salvador, EE. UU,<br \/>Francia, Guinea Ecuatorial, Guatemala, Honduras, Italia, Nicaragua, Panam\u00e1, Paraguay, Portugal,<br \/>Puerto Rico y Rep\u00fablica Dominicana.<\/p>\n\n\n\n<p>El ganador recibir\u00e1 un premio en met\u00e1lico de 6.000 euros y la edici\u00f3n de la novela en la editorial<br \/>Traspi\u00e9s, junto con una obra art\u00edstica conmemorativa dise\u00f1ada expresamente para este certamen<br \/>por el profesor de escultura de la Universidad de Granada Balbino Montiano que tambi\u00e9n se le<br \/>har\u00e1 llegar al ganador de la primera edici\u00f3n. La ceremonia de entrega tendr\u00e1 lugar en el pr\u00f3ximo<br \/>oto\u00f1o en una fecha a\u00fan por determinar, con la novela ganadora ya publicada y la presencia del<br \/>autor ganador.<\/p>\n\n\n\n<p>II Premio Internacional de Novela Corta \u201cFrancisco Ayala \u201c<\/p>\n\n\n\n<p>Organiza: Colaboran:<\/p>\n\n\n\n<p>Fundaci\u00f3n Sierra Elvira. Avenida de Andaluc\u00eda n.\u00ba 139.<br \/>18230 Atarfe (Granada)<br \/>e-mail: prensa@fundacionsierraelvira.org<br \/>Tel. 624 29 21 96<\/p>\n\n\n\n<p>JURADO DEL II PREMIO INTERNACIONAL DE NOVELA CORTA \u201cFRANCISCO AYALA\u201d<br \/>2024\/25<br \/>El jurado para esta edici\u00f3n ha estado constituido por las siguientes personalidades<br \/>del mundo acad\u00e9mico y literario:<\/p>\n\n\n\n<ol class=\"wp-block-list\">\n<li>D.\u00aa Ana Gallego Cui\u00f1as. Decana de la Facultad de Filosof\u00eda y Letras y Catedr\u00e1tica de<br \/>Literatura Hispanoamericana de la UGR. Escritora.<\/li>\n\n\n\n<li>D.\u00aa. Cristina P\u00e9rez Valverde, Catedr\u00e1tica Did\u00e1ctica de Lengua y Literatura de la<br \/>Universidad de Granada. Escritora.<\/li>\n\n\n\n<li>D.\u00aa Carmen Mar\u00eda Pujante Segura. Catedr\u00e1tica de Literatura Espa\u00f1ola de la<br \/>Universidad de Murcia.<\/li>\n\n\n\n<li>D. Miguel \u00c1ngel Contreras Morales. Profesor de Lengua y Literatura espa\u00f1olas en<br \/>ense\u00f1anza secundaria. Poeta, escritor e investigador.<\/li>\n\n\n\n<li>D. Pedro Ruiz-Cabello Fern\u00e1ndez. Profesor de Lengua y Literatura espa\u00f1olas en<br \/>ense\u00f1anza secundaria. Escritor. Patrono de la Fundaci\u00f3n Sierra Elvira.<\/li>\n\n\n\n<li>D. Manuel G\u00f3mez Ros. Licenciado en Filolog\u00eda Hisp\u00e1nica y en Teor\u00eda de la Literatura<br \/>y director de la Fundaci\u00f3n Ayala. Escritor.<\/li>\n\n\n\n<li>D. Miguel \u00c1ngel C\u00e1liz Delgado. Ediciones Traspi\u00e9s. Escritor.<\/li>\n<\/ol>\n\n\n\n<p class=\"has-small-font-size\"><em><strong>Acerca de la Fundaci\u00f3n Sierra Elvira<\/strong><br \/>La Fundaci\u00f3n Sierra Elvira es una entidad sin \u00e1nimo de lucro radicada en Atarfe (Granada). Fue creada en 2011 con el prop\u00f3sito de promocionar la cultura,las artes, las ciencias y la acci\u00f3n social. El fundador y presidente hasta sufallecimiento, en 2021, fue Marcos Antonio Lamolda Palacios, ilustre atarfe\u00f1o, quien ejerci\u00f3 la docencia como catedr\u00e1tico de Estratigraf\u00eda y Paleontolog\u00eda en laUniversidad del Pa\u00eds Vasco y leg\u00f3 su patrimonio personal a la Fundaci\u00f3n paraejercer sus fines.<\/em><\/p>\n\n\n\n<p class=\"has-small-font-size\"><em>Su presidente en la actualidad es Cecilio Mart\u00edn Garc\u00eda.<br \/>La Fundaci\u00f3n anualmente viene patrocinando cert\u00e1menes literarios y art\u00edsticos: de poes\u00eda, de cuentos, relatos, de escultura, fotograf\u00eda, etc., destinados todos ellos a creadores j\u00f3venes. Tambi\u00e9n otorga premios y ayudas a los escolares m\u00e1s destacados de la localidad. Adem\u00e1s, colabora con los centros educativos para la celebraci\u00f3n de actos de car\u00e1cter educativo, divulgativo o cient\u00edfico<\/em><\/p>\n","protected":false},"excerpt":{"rendered":"<p>El Jurado del Premio Internacional de Novela Corta \u201cFrancisco Ayala\u201d se re\u00fane para fallar su&#8230;<\/p>\n","protected":false},"author":1,"featured_media":77188,"comment_status":"closed","ping_status":"closed","sticky":false,"template":"","format":"standard","meta":{"_coblocks_attr":"","_coblocks_dimensions":"","_coblocks_responsive_height":"","_coblocks_accordion_ie_support":"","jetpack_post_was_ever_published":false,"_jetpack_newsletter_access":"","_jetpack_dont_email_post_to_subs":false,"_jetpack_newsletter_tier_id":0,"_jetpack_memberships_contains_paywalled_content":false,"_jetpack_memberships_contains_paid_content":false,"footnotes":"","jetpack_publicize_message":"","jetpack_publicize_feature_enabled":true,"jetpack_social_post_already_shared":false,"jetpack_social_options":{"image_generator_settings":{"template":"highway","default_image_id":0,"enabled":false},"version":2}},"categories":[1161,186,44],"tags":[],"class_list":["post-77187","post","type-post","status-publish","format-standard","has-post-thumbnail","hentry","category-ciudadania","category-instituciones","category-noticias-de-hoy"],"jetpack_publicize_connections":[],"jetpack_featured_media_url":"https:\/\/i0.wp.com\/miradordeatarfe.es\/wp-content\/uploads\/2025\/05\/Cartel-II-RED-Premio-Novela-Corta-Fco-Ayala-S.jpg?fit=1413%2C913&ssl=1","jetpack_likes_enabled":true,"jetpack_sharing_enabled":true,"_links":{"self":[{"href":"https:\/\/miradordeatarfe.es\/index.php?rest_route=\/wp\/v2\/posts\/77187","targetHints":{"allow":["GET"]}}],"collection":[{"href":"https:\/\/miradordeatarfe.es\/index.php?rest_route=\/wp\/v2\/posts"}],"about":[{"href":"https:\/\/miradordeatarfe.es\/index.php?rest_route=\/wp\/v2\/types\/post"}],"author":[{"embeddable":true,"href":"https:\/\/miradordeatarfe.es\/index.php?rest_route=\/wp\/v2\/users\/1"}],"replies":[{"embeddable":true,"href":"https:\/\/miradordeatarfe.es\/index.php?rest_route=%2Fwp%2Fv2%2Fcomments&post=77187"}],"version-history":[{"count":2,"href":"https:\/\/miradordeatarfe.es\/index.php?rest_route=\/wp\/v2\/posts\/77187\/revisions"}],"predecessor-version":[{"id":77191,"href":"https:\/\/miradordeatarfe.es\/index.php?rest_route=\/wp\/v2\/posts\/77187\/revisions\/77191"}],"wp:featuredmedia":[{"embeddable":true,"href":"https:\/\/miradordeatarfe.es\/index.php?rest_route=\/wp\/v2\/media\/77188"}],"wp:attachment":[{"href":"https:\/\/miradordeatarfe.es\/index.php?rest_route=%2Fwp%2Fv2%2Fmedia&parent=77187"}],"wp:term":[{"taxonomy":"category","embeddable":true,"href":"https:\/\/miradordeatarfe.es\/index.php?rest_route=%2Fwp%2Fv2%2Fcategories&post=77187"},{"taxonomy":"post_tag","embeddable":true,"href":"https:\/\/miradordeatarfe.es\/index.php?rest_route=%2Fwp%2Fv2%2Ftags&post=77187"}],"curies":[{"name":"wp","href":"https:\/\/api.w.org\/{rel}","templated":true}]}}