{"id":77193,"date":"2025-05-28T11:15:00","date_gmt":"2025-05-28T09:15:00","guid":{"rendered":"https:\/\/miradordeatarfe.es\/?p=77193"},"modified":"2025-10-16T10:11:41","modified_gmt":"2025-10-16T08:11:41","slug":"cosa-de-la-imagen-por-juan-de-dios-villanueva-roa","status":"publish","type":"post","link":"https:\/\/miradordeatarfe.es\/?p=77193","title":{"rendered":"\u00abCosa de la imagen\u00bb por Juan de Dios Villanueva Roa"},"content":{"rendered":"\n<p class=\"has-medium-font-size\"><strong>Cuesti\u00f3n de imagen, de implantar una postura que se piensa es la que los otros esperan del personaje inventado. <\/strong><\/p>\n\n\n\n<p>El interdicto se desprende de quien es realmente y se convierte, aparentemente, en ese otro que cree que los dem\u00e1s quieren ver. Y act\u00faa, siempre act\u00faa hasta que llega el momento en el que se convierte fantasmalmente en quien los otros quieren que sea. Y cuando habla lo hace diciendo lo que los suyos, cree, que quieren escuchar, aunque sean frases absurdas, gracetas sin gracia, mensajes m\u00e1s vac\u00edos que la cuenta corriente del que duerme en el cajero del banco. <\/p>\n\n\n\n<p>Pero as\u00ed \u00e9l cree que se est\u00e1 ganando la vida y que llegar\u00e1 lejos, a presidir cualquier gobierno en cualquier comunidad de su universo. Y ensaya su discurso de investidura, y pone caras de ganador, de persona seria, en quien se puede confiar porque dice que los otros no son fiables, que son ladrones, mentirosos, ambiciosos, d\u00e9spotas, imb\u00e9ciles, \u00e1cratas en confesionario\u2026, todo aquello que su gabinete de ocurrencias le dicta cada jornada. Y llega el d\u00eda en que su postureo deja de serlo, en el que ya \u00e9l deja de ser aquel que fue, al que su madre pari\u00f3, al que formaron en las escuelas y universidad, el que chateaba con sus amigos en el bar, esos que estaban con \u00e9l porque eran grupo y eran felices solo formando grupo. <\/p>\n\n\n\n<p>Ahora quienes se le acercan lo hacen prepar\u00e1ndose su futuro, pensando en alcanzar el puesto que sea en el reparto de cargos cuando \u00e9l llegue a ser de verdad el personaje que simula desde que alguien le dijo al o\u00eddo: es tu hora. Y \u00e9l comenz\u00f3 a creerlo.<\/p>\n\n\n\n<p>FOTO: https:\/\/juliocmd.blogspot.com\/2020\/01\/10-claves-para-crear-una-imagen.html<\/p>\n\n\n\n<p><a href=\"https:\/\/www.ideal.es\/opinion\/juan-de-dios-villanueva-roa-imagen-20250528234024-nt.html\">https:\/\/www.ideal.es\/opinion\/juan-de-dios-villanueva-roa-imagen-20250528234024-nt.html<\/a><\/p>\n","protected":false},"excerpt":{"rendered":"<p>Cuesti\u00f3n de imagen, de implantar una postura que se piensa es la que los otros&#8230;<\/p>\n","protected":false},"author":1,"featured_media":77196,"comment_status":"closed","ping_status":"closed","sticky":false,"template":"","format":"standard","meta":{"_coblocks_attr":"","_coblocks_dimensions":"","_coblocks_responsive_height":"","_coblocks_accordion_ie_support":"","jetpack_post_was_ever_published":false,"_jetpack_newsletter_access":"","_jetpack_dont_email_post_to_subs":false,"_jetpack_newsletter_tier_id":0,"_jetpack_memberships_contains_paywalled_content":false,"_jetpack_memberships_contains_paid_content":false,"footnotes":"","jetpack_publicize_message":"","jetpack_publicize_feature_enabled":true,"jetpack_social_post_already_shared":true,"jetpack_social_options":{"image_generator_settings":{"template":"highway","default_image_id":0,"enabled":false},"version":2}},"categories":[1161,9772,44,7671,1],"tags":[],"class_list":["post-77193","post","type-post","status-publish","format-standard","has-post-thumbnail","hentry","category-ciudadania","category-opinion-de-juan-de-dios-villanueva","category-noticias-de-hoy","category-politica","category-uncategorized"],"jetpack_publicize_connections":[],"jetpack_featured_media_url":"https:\/\/i0.wp.com\/miradordeatarfe.es\/wp-content\/uploads\/2025\/05\/importancia-imagen-personal.jpg?fit=1200%2C600&ssl=1","jetpack_likes_enabled":true,"jetpack_sharing_enabled":true,"_links":{"self":[{"href":"https:\/\/miradordeatarfe.es\/index.php?rest_route=\/wp\/v2\/posts\/77193","targetHints":{"allow":["GET"]}}],"collection":[{"href":"https:\/\/miradordeatarfe.es\/index.php?rest_route=\/wp\/v2\/posts"}],"about":[{"href":"https:\/\/miradordeatarfe.es\/index.php?rest_route=\/wp\/v2\/types\/post"}],"author":[{"embeddable":true,"href":"https:\/\/miradordeatarfe.es\/index.php?rest_route=\/wp\/v2\/users\/1"}],"replies":[{"embeddable":true,"href":"https:\/\/miradordeatarfe.es\/index.php?rest_route=%2Fwp%2Fv2%2Fcomments&post=77193"}],"version-history":[{"count":1,"href":"https:\/\/miradordeatarfe.es\/index.php?rest_route=\/wp\/v2\/posts\/77193\/revisions"}],"predecessor-version":[{"id":77194,"href":"https:\/\/miradordeatarfe.es\/index.php?rest_route=\/wp\/v2\/posts\/77193\/revisions\/77194"}],"wp:featuredmedia":[{"embeddable":true,"href":"https:\/\/miradordeatarfe.es\/index.php?rest_route=\/wp\/v2\/media\/77196"}],"wp:attachment":[{"href":"https:\/\/miradordeatarfe.es\/index.php?rest_route=%2Fwp%2Fv2%2Fmedia&parent=77193"}],"wp:term":[{"taxonomy":"category","embeddable":true,"href":"https:\/\/miradordeatarfe.es\/index.php?rest_route=%2Fwp%2Fv2%2Fcategories&post=77193"},{"taxonomy":"post_tag","embeddable":true,"href":"https:\/\/miradordeatarfe.es\/index.php?rest_route=%2Fwp%2Fv2%2Ftags&post=77193"}],"curies":[{"name":"wp","href":"https:\/\/api.w.org\/{rel}","templated":true}]}}