{"id":77211,"date":"2025-05-31T10:03:00","date_gmt":"2025-05-31T08:03:00","guid":{"rendered":"https:\/\/miradordeatarfe.es\/?p=77211"},"modified":"2025-05-28T17:19:15","modified_gmt":"2025-05-28T15:19:15","slug":"tu-tus-hijos-y-el-tarro-de-los-dulces","status":"publish","type":"post","link":"https:\/\/miradordeatarfe.es\/?p=77211","title":{"rendered":"T\u00fa, tus hijos y el tarro de los dulces"},"content":{"rendered":"\n<h2 class=\"wp-block-heading\">En ning\u00fan otro \u00e1mbito se nota ese v\u00e9rtigo \u2015el v\u00e9rtigo de saber tanto que no sabes nada\u2015 como en lo de criar a los ni\u00f1os y tratar de educarlos<\/h2>\n\n\n\n<p>Supongo que algunas cosas no se ense\u00f1an, sino que se aprenden. Puedes haberlas visto y puedes tratar de imitarlas y hasta copiarlas, que es como se aprende de veras, pero tendr\u00e1s que ser t\u00fa el que decidas y arriesgues, el que te equivoques. Supongo tambi\u00e9n que en ning\u00fan otro \u00e1mbito se nota ese v\u00e9rtigo \u2015el v\u00e9rtigo de saber tanto que no sabes nada\u2015 como en lo de <a href=\"https:\/\/elpais.com\/noticias\/crianza-hijos\/\" target=\"_blank\" rel=\"noreferrer noopener\">criar a los hijos<\/a> y tratar de educarlos.<\/p>\n\n\n\n<p>Puede que t\u00fa te hubieras imaginado de madre o de padre. Puede que te hubieras formado la ilusi\u00f3n de pensar qu\u00e9 tipo de progenitor ser\u00edas. Puede que hubieras escogido las frases de tu madre y de tu padre que por supuesto t\u00fa no ibas a repetir nunca. Tendr\u00edas claras aquellas man\u00edas suyas que detestabas <a href=\"https:\/\/elpais.com\/mamas-papas\/expertos\/2024-07-20\/como-influye-la-infancia-de-los-padres-en-la-crianza-de-los-hijos.html\" target=\"_blank\" rel=\"noreferrer noopener\">y que no te iban a pasar a ti<\/a>.<\/p>\n\n\n\n<p>Puede que te hubieras propuesto unas l\u00edneas rojas que a\u00fan mantienes, claro, porque tienen que ver con tus principios, aunque quiz\u00e1 te digas que fueran muchas l\u00edneas y muy rojas y compruebas ahora que el tiempo ha acabado por deste\u00f1irlas y desgastarlas. La vida, al cabo, consiste en salir a flote de una pieza.<\/p>\n\n\n\n<p>Luego un d\u00eda de pronto los ni\u00f1os te preguntar\u00e1n si hay algo de merienda y te encontrar\u00e1n al l\u00edmite de un cansancio que no es ni mucho ni poco, que ni siquiera es extraordinario, pero que est\u00e1 hecho del trabajo, de los turnos, de las extraescolares y de tu propia exigencia por llegar a todas partes y llegar bien. No se puede estar en todo y sonre\u00edr, ni hacen falta grandes haza\u00f1as para sentirte sin fuerzas: la rutina es capaz de llevarse a la persona que fuiste sin que te des apenas cuenta.<\/p>\n\n\n\n<p>Y t\u00fa, en un gesto sencillo y corriente, sacar\u00e1s un tarro de aquellos dulces que reservabas y que te dijiste que no les dar\u00edas hasta una ocasi\u00f3n puntual, porque hay que cuidar la alimentaci\u00f3n tanto como se pueda. Pero es tarde y est\u00e1s cansado. Y no es por los dulces, que son lo de menos. Es por la culpa, que no cabe en un tarro. En el fondo, sentir\u00e1s el reproche que te manda aquel padre que quisiste ser, tan estricto y ejemplar y que, en verdad, no ten\u00eda ni idea de muchas cosas. De la vida, por ejemplo.<\/p>\n\n\n\n<p>Les das los dulces sin mayores dramas y sacas ese aprendizaje: que la crianza necesita de buenos prop\u00f3sitos que acabar\u00e1n sometidos a la implacable ley de que hacemos lo que podemos y llegamos donde llegamos. No se tratar\u00e1, entonces, de juzgarse con condescendencia. Se tratar\u00e1, sencillamente, de no juzgarse y vivir.<\/p>\n\n\n\n<p><a href=\"https:\/\/elpais.com\/autor\/jose-luis-sastre-cebolla\/#?rel=author_top\"><strong>Jos\u00e9 Luis Sastre<\/strong><\/a><\/p>\n\n\n\n<p>FOTO: GETTY<\/p>\n\n\n\n<p><a href=\"https:\/\/elpais.com\/opinion\/2025-05-28\/tu-tus-hijos-y-el-tarro-de-los-dulces.html\">https:\/\/elpais.com\/opinion\/2025-05-28\/tu-tus-hijos-y-el-tarro-de-los-dulces.html<\/a><\/p>\n","protected":false},"excerpt":{"rendered":"<p>En ning\u00fan otro \u00e1mbito se nota ese v\u00e9rtigo \u2015el v\u00e9rtigo de saber tanto que no&#8230;<\/p>\n","protected":false},"author":1,"featured_media":77212,"comment_status":"closed","ping_status":"closed","sticky":false,"template":"","format":"standard","meta":{"_coblocks_attr":"","_coblocks_dimensions":"","_coblocks_responsive_height":"","_coblocks_accordion_ie_support":"","jetpack_post_was_ever_published":false,"_jetpack_newsletter_access":"","_jetpack_dont_email_post_to_subs":false,"_jetpack_newsletter_tier_id":0,"_jetpack_memberships_contains_paywalled_content":false,"_jetpack_memberships_contains_paid_content":false,"footnotes":"","jetpack_publicize_message":"","jetpack_publicize_feature_enabled":true,"jetpack_social_post_already_shared":true,"jetpack_social_options":{"image_generator_settings":{"template":"highway","default_image_id":0,"enabled":false},"version":2}},"categories":[44,6937,10],"tags":[],"class_list":["post-77211","post","type-post","status-publish","format-standard","has-post-thumbnail","hentry","category-noticias-de-hoy","category-sociedad","category-salud"],"jetpack_publicize_connections":[],"jetpack_featured_media_url":"https:\/\/i0.wp.com\/miradordeatarfe.es\/wp-content\/uploads\/2025\/05\/Screenshot-2025-05-28-at-11-35-03-Tu-tus-hijos-y-el-tarro-de-los-dulces-Opinion-EL-PAIS.png?fit=536%2C376&ssl=1","jetpack_likes_enabled":true,"jetpack_sharing_enabled":true,"_links":{"self":[{"href":"https:\/\/miradordeatarfe.es\/index.php?rest_route=\/wp\/v2\/posts\/77211","targetHints":{"allow":["GET"]}}],"collection":[{"href":"https:\/\/miradordeatarfe.es\/index.php?rest_route=\/wp\/v2\/posts"}],"about":[{"href":"https:\/\/miradordeatarfe.es\/index.php?rest_route=\/wp\/v2\/types\/post"}],"author":[{"embeddable":true,"href":"https:\/\/miradordeatarfe.es\/index.php?rest_route=\/wp\/v2\/users\/1"}],"replies":[{"embeddable":true,"href":"https:\/\/miradordeatarfe.es\/index.php?rest_route=%2Fwp%2Fv2%2Fcomments&post=77211"}],"version-history":[{"count":1,"href":"https:\/\/miradordeatarfe.es\/index.php?rest_route=\/wp\/v2\/posts\/77211\/revisions"}],"predecessor-version":[{"id":77213,"href":"https:\/\/miradordeatarfe.es\/index.php?rest_route=\/wp\/v2\/posts\/77211\/revisions\/77213"}],"wp:featuredmedia":[{"embeddable":true,"href":"https:\/\/miradordeatarfe.es\/index.php?rest_route=\/wp\/v2\/media\/77212"}],"wp:attachment":[{"href":"https:\/\/miradordeatarfe.es\/index.php?rest_route=%2Fwp%2Fv2%2Fmedia&parent=77211"}],"wp:term":[{"taxonomy":"category","embeddable":true,"href":"https:\/\/miradordeatarfe.es\/index.php?rest_route=%2Fwp%2Fv2%2Fcategories&post=77211"},{"taxonomy":"post_tag","embeddable":true,"href":"https:\/\/miradordeatarfe.es\/index.php?rest_route=%2Fwp%2Fv2%2Ftags&post=77211"}],"curies":[{"name":"wp","href":"https:\/\/api.w.org\/{rel}","templated":true}]}}