{"id":77214,"date":"2025-05-29T09:39:00","date_gmt":"2025-05-29T07:39:00","guid":{"rendered":"https:\/\/miradordeatarfe.es\/?p=77214"},"modified":"2025-05-28T11:57:31","modified_gmt":"2025-05-28T09:57:31","slug":"la-crisis-climatica-no-da-tregua-las-temperaturas-se-mantendran-en-niveles-record-en-el-proximo-lustro","status":"publish","type":"post","link":"https:\/\/miradordeatarfe.es\/?p=77214","title":{"rendered":"La crisis clim\u00e1tica no da tregua: las temperaturas se mantendr\u00e1n en niveles r\u00e9cord en el pr\u00f3ximo lustro"},"content":{"rendered":"\n<p class=\"has-medium-font-size\">L<strong>a Organizaci\u00f3n Meteorol\u00f3gica Mundial pronostica que la temperatura media anual global para cada a\u00f1o entre 2025 y 2029 ser\u00e1 entre 1,2 \u00b0C y 1,9 \u00b0C superior a la media del per\u00edodo 1850-1900<\/strong>.<\/p>\n\n\n\n<p>Un nuevo informe de la <strong>Organizaci\u00f3n Meteorol\u00f3gica Mundial<\/strong> (OMM) pronostica que las temperaturas se mantendr\u00e1n en niveles r\u00e9cord o cerca de ellos en los pr\u00f3ximos cinco a\u00f1os.&nbsp;Esta predicci\u00f3n aumentar\u00e1 los riesgos clim\u00e1ticos y los impactos en <strong>las sociedades, las econom\u00edas y el desarrollo sostenible<\/strong>.<\/p>\n\n\n\n<p>El informe de la OMM pronostica que la temperatura media anual global cercana a la superficie para cada a\u00f1o entre 2025 y 2029 ser\u00e1 <strong>entre 1,2 \u00b0C y 1,9 \u00b0C<\/strong> superior a la media del per\u00edodo 1850-1900.<\/p>\n\n\n\n<p>Existe un 80% de probabilidad de que al menos un a\u00f1o entre 2025 y 2029 sea m\u00e1s c\u00e1lido que el a\u00f1o m\u00e1s c\u00e1lido registrado (actualmente 2024). Y existe<strong> un 86% de probabilidad<\/strong> de que al menos un a\u00f1o supere en m\u00e1s de 1,5 \u00b0C el nivel preindustrial. El informe no ofrece predicciones globales para a\u00f1os individuales.<\/p>\n\n\n\n<p>Seg\u00fan el informe, se prev\u00e9<strong> un 70% de probabilidad<\/strong> de que el calentamiento promedio quinquenal para el per\u00edodo 2025-2029 supere los 1,5 \u00b0C. Esto supone un aumento con respecto al 47% del informe del a\u00f1o pasado (para el per\u00edodo 2024-2028) y al 32% del informe de 2023 para el per\u00edodo 2023-2027.<\/p>\n\n\n\n<p>Cada fracci\u00f3n adicional de grado de calentamiento provoca olas de calor m\u00e1s da\u00f1inas, <strong>precipitaciones extremas<\/strong>, sequ\u00edas intensas, derretimiento de las capas de hielo, el hielo marino y los glaciares, calentamiento del oc\u00e9ano y aumento del nivel del mar.<\/p>\n\n\n\n<p>Por otro lado, se prev\u00e9 que el calentamiento del \u00c1rtico durante los <strong>pr\u00f3ximos cinco inviernos prolongados<\/strong> (de noviembre a marzo) sea m\u00e1s de tres veces y media superior al promedio mundial, con 2,4 \u00b0C por encima de la temperatura promedio durante el per\u00edodo de referencia de <strong>30 a\u00f1os m\u00e1s reciente<\/strong> (1991-2020). Las predicciones del hielo marino para marzo de 2025-2029 sugieren nuevas reducciones en la concentraci\u00f3n de hielo marino en los mares de <strong>Barents, Bering y Ojotsk<\/strong>.<\/p>\n\n\n\n<h2 class=\"wp-block-heading\">Condiciones m\u00e1s secas para la Amazon\u00eda<\/h2>\n\n\n\n<p>Los patrones de precipitaci\u00f3n previstos para mayo-septiembre de 2025-2029, en relaci\u00f3n con el per\u00edodo de <strong>referencia de 1991-2020<\/strong>, sugieren condiciones m\u00e1s h\u00famedas que el promedio en el Sahel, el norte de <strong>Europa, Alaska y el norte de Siberia<\/strong>, y condiciones m\u00e1s secas que el promedio para esta temporada en la Amazonia.<\/p>\n\n\n\n<p>Los \u00faltimos a\u00f1os, excepto 2023, en la regi\u00f3n del sur de Asia han sido m\u00e1s h\u00famedos que el promedio y el pron\u00f3stico sugiere que esta situaci\u00f3n continuar\u00e1 durante <strong>el per\u00edodo 2025-2029<\/strong>. Esto podr\u00eda no ocurrir en todas las temporadas de este per\u00edodo.<\/p>\n\n\n\n<h2 class=\"wp-block-heading\">Impacto negativo creciente en nuestra vida cotidiana<\/h2>\n\n\n\n<p>\u00abAcabamos de experimentar los diez a\u00f1os m\u00e1s c\u00e1lidos registrados. Lamentablemente, <strong>este informe de la OMM no ofrece indicios<\/strong> de una mejora en los pr\u00f3ximos a\u00f1os, lo que significa que habr\u00e1 un impacto<strong> negativo creciente <\/strong>en nuestras econom\u00edas, nuestra vida cotidiana, nuestros ecosistemas y nuestro planeta\u00bb, declar\u00f3 en un comunicado la Secretaria General Adjunta de la OMM, <strong>Ko Barrett<\/strong>.<\/p>\n\n\n\n<p>El nivel de 1,5 \u00b0C (y 2,0 \u00b0C) especificado en el <a href=\"https:\/\/www.publico.es\/tag\/acuerdo-de-paris\">Acuerdo de Par\u00eds<\/a> se refiere al nivel de calentamiento a largo plazo inferido a partir de las<strong> temperaturas globales<\/strong>, generalmente a lo largo de 20 a\u00f1os. Se prev\u00e9 que se produzcan superaciones temporales de dichos niveles con mayor frecuencia a medida que el aumento subyacente de la <strong>temperatura global<\/strong> se acerque a dicho nivel.<\/p>\n\n\n\n<p>El nivel actual de calentamiento ya provoca olas de calor m\u00e1s da\u00f1inas, <strong>precipitaciones extremas<\/strong>, sequ\u00edas intensas, derretimiento de las capas de hielo, el hielo marino y los glaciares, el calentamiento del oc\u00e9ano y el aumento del nivel del mar.<\/p>\n\n\n\n<p>En virtud del Acuerdo de Par\u00eds, los pa\u00edses acordaron mantener el aumento de la temperatura superficial media global a largo plazo muy por debajo de los 2 \u00b0C con respecto a los niveles preindustriales y proseguir los esfuerzos para limitar dicho aumento a 1,5 \u00b0C. La comunidad cient\u00edfica ha advertido reiteradamente que un<strong> calentamiento superior a 1,5 \u00b0C<\/strong> corre el riesgo de desencadenar impactos mucho m\u00e1s graves del cambio clim\u00e1tico y fen\u00f3menos meteorol\u00f3gicos extremos, y que cada fracci\u00f3n de grado de calentamiento importa.<\/p>\n\n\n\n<p>AGENCIAS<\/p>\n\n\n\n<p>FOTO: <\/p>\n\n\n\n<p>Varias personas hacen deporte en la zona de Madrid R\u00edo, a 27 de mayo de 2025.<strong>EFE\/ Marisca<\/strong><\/p>\n\n\n\n\n","protected":false},"excerpt":{"rendered":"<p>La Organizaci\u00f3n Meteorol\u00f3gica Mundial pronostica que la temperatura media anual global para cada a\u00f1o entre&#8230;<\/p>\n","protected":false},"author":1,"featured_media":77215,"comment_status":"closed","ping_status":"closed","sticky":false,"template":"","format":"standard","meta":{"_coblocks_attr":"","_coblocks_dimensions":"","_coblocks_responsive_height":"","_coblocks_accordion_ie_support":"","jetpack_post_was_ever_published":false,"_jetpack_newsletter_access":"","_jetpack_dont_email_post_to_subs":false,"_jetpack_newsletter_tier_id":0,"_jetpack_memberships_contains_paywalled_content":false,"_jetpack_memberships_contains_paid_content":false,"footnotes":"","jetpack_publicize_message":"","jetpack_publicize_feature_enabled":true,"jetpack_social_post_already_shared":true,"jetpack_social_options":{"image_generator_settings":{"template":"highway","default_image_id":0,"enabled":false},"version":2}},"categories":[10797,1161,44,10],"tags":[],"class_list":["post-77214","post","type-post","status-publish","format-standard","has-post-thumbnail","hentry","category-ciencia","category-ciudadania","category-noticias-de-hoy","category-salud"],"jetpack_publicize_connections":[],"jetpack_featured_media_url":"https:\/\/i0.wp.com\/miradordeatarfe.es\/wp-content\/uploads\/2025\/05\/6836be4f6b0c4.jpeg?fit=990%2C557&ssl=1","jetpack_likes_enabled":true,"jetpack_sharing_enabled":true,"_links":{"self":[{"href":"https:\/\/miradordeatarfe.es\/index.php?rest_route=\/wp\/v2\/posts\/77214","targetHints":{"allow":["GET"]}}],"collection":[{"href":"https:\/\/miradordeatarfe.es\/index.php?rest_route=\/wp\/v2\/posts"}],"about":[{"href":"https:\/\/miradordeatarfe.es\/index.php?rest_route=\/wp\/v2\/types\/post"}],"author":[{"embeddable":true,"href":"https:\/\/miradordeatarfe.es\/index.php?rest_route=\/wp\/v2\/users\/1"}],"replies":[{"embeddable":true,"href":"https:\/\/miradordeatarfe.es\/index.php?rest_route=%2Fwp%2Fv2%2Fcomments&post=77214"}],"version-history":[{"count":1,"href":"https:\/\/miradordeatarfe.es\/index.php?rest_route=\/wp\/v2\/posts\/77214\/revisions"}],"predecessor-version":[{"id":77216,"href":"https:\/\/miradordeatarfe.es\/index.php?rest_route=\/wp\/v2\/posts\/77214\/revisions\/77216"}],"wp:featuredmedia":[{"embeddable":true,"href":"https:\/\/miradordeatarfe.es\/index.php?rest_route=\/wp\/v2\/media\/77215"}],"wp:attachment":[{"href":"https:\/\/miradordeatarfe.es\/index.php?rest_route=%2Fwp%2Fv2%2Fmedia&parent=77214"}],"wp:term":[{"taxonomy":"category","embeddable":true,"href":"https:\/\/miradordeatarfe.es\/index.php?rest_route=%2Fwp%2Fv2%2Fcategories&post=77214"},{"taxonomy":"post_tag","embeddable":true,"href":"https:\/\/miradordeatarfe.es\/index.php?rest_route=%2Fwp%2Fv2%2Ftags&post=77214"}],"curies":[{"name":"wp","href":"https:\/\/api.w.org\/{rel}","templated":true}]}}