{"id":77237,"date":"2025-05-31T11:30:00","date_gmt":"2025-05-31T09:30:00","guid":{"rendered":"https:\/\/miradordeatarfe.es\/?p=77237"},"modified":"2025-05-28T17:20:09","modified_gmt":"2025-05-28T15:20:09","slug":"atarfe-a-nuestros-as-mayores-de-60-no-hay-quien-los-pare","status":"publish","type":"post","link":"https:\/\/miradordeatarfe.es\/?p=77237","title":{"rendered":"ATARFE: \u00a1A nuestros\/as mayores de 60 no hay quien los pare!"},"content":{"rendered":"\n<p class=\"has-medium-font-size\"><strong>La Concejal\u00eda de Innovaci\u00f3n est\u00e1 impartiendo talleres gratuitos en el Centro Guadalinfo dirigido a nuestros\/as mayores de 60 a\u00f1os.<\/strong><\/p>\n\n\n\n<p>Aprende a usar tu m\u00f3vil, proteger tu privacidad, detectar noticias falsas y mucho m\u00e1s.<\/p>\n\n\n\n<p>Calendario de talleres:<\/p>\n\n\n\n<p>&#8211;&nbsp;28 mayo: C\u00f3mo configurar y usar WhatsApp de forma segura<br \/>&#8211;&nbsp;4 junio: Banca digital. Aprende a utilizar el cajero autom\u00e1tico<br \/>&#8211;&nbsp;11 junio: Configuraci\u00f3n de privacidad en Redes Sociales<br \/>&#8211;&nbsp;18 junio: Aplicaciones del Servicio Sanitario P\u00fablico de Andaluc\u00eda<br \/>&#8211;&nbsp;2 julio: Detecta y lucha contra las fake news<\/p>\n\n\n\n<p>\u00a1No te los pierdas! Mejora tus habilidades digitales y gana autonom\u00eda.<\/p>\n\n\n\n<p>&#8211;&nbsp;De 10:00 a 12:00 h<br \/>&#8211;&nbsp;Punto Vuela (Guadalinfo) \u2013 Centro Cultural Medina Elvira<\/p>\n\n\n\n<p>M\u00e1s info e inscripciones llamando al 958 439 752&nbsp; O presencialmente en el Centro Cultural Medina Elvira&nbsp; Tambi\u00e9n puedes escribir a: atarfe.pv@puntosvuela.es<\/p>\n\n\n\n<p>\u00a1AP\u00daNTATE YA! \u00a1No pierdas esta oportunidad!&nbsp;<\/p>\n\n\n\n<figure class=\"wp-block-embed is-type-video is-provider-youtube wp-block-embed-youtube wp-embed-aspect-16-9 wp-has-aspect-ratio\"><div class=\"wp-block-embed__wrapper\">\n<iframe loading=\"lazy\" title=\"\ud83d\udce2 \u00a1A nuestros\/as mayores de 60 no hay quien los pare!\" width=\"540\" height=\"960\" src=\"https:\/\/www.youtube.com\/embed\/awYXaCIP43U?feature=oembed\" frameborder=\"0\" allow=\"accelerometer; autoplay; clipboard-write; encrypted-media; gyroscope; picture-in-picture; web-share\" referrerpolicy=\"strict-origin-when-cross-origin\" allowfullscreen><\/iframe>\n<\/div><\/figure>\n","protected":false},"excerpt":{"rendered":"<p>La Concejal\u00eda de Innovaci\u00f3n est\u00e1 impartiendo talleres gratuitos en el Centro Guadalinfo dirigido a nuestros\/as&#8230;<\/p>\n","protected":false},"author":1,"featured_media":77238,"comment_status":"closed","ping_status":"closed","sticky":false,"template":"","format":"standard","meta":{"_coblocks_attr":"","_coblocks_dimensions":"","_coblocks_responsive_height":"","_coblocks_accordion_ie_support":"","jetpack_post_was_ever_published":false,"_jetpack_newsletter_access":"","_jetpack_dont_email_post_to_subs":false,"_jetpack_newsletter_tier_id":0,"_jetpack_memberships_contains_paywalled_content":false,"_jetpack_memberships_contains_paid_content":false,"footnotes":"","jetpack_publicize_message":"","jetpack_publicize_feature_enabled":true,"jetpack_social_post_already_shared":true,"jetpack_social_options":{"image_generator_settings":{"template":"highway","default_image_id":0,"enabled":false},"version":2}},"categories":[6916,1161,186,44],"tags":[],"class_list":["post-77237","post","type-post","status-publish","format-standard","has-post-thumbnail","hentry","category-ayuntamiento-de-atarfe","category-ciudadania","category-instituciones","category-noticias-de-hoy"],"jetpack_publicize_connections":[],"jetpack_featured_media_url":"https:\/\/i0.wp.com\/miradordeatarfe.es\/wp-content\/uploads\/2025\/05\/Screenshot-2025-05-28-at-14-00-09-a.png?fit=304%2C322&ssl=1","jetpack_likes_enabled":true,"jetpack_sharing_enabled":true,"_links":{"self":[{"href":"https:\/\/miradordeatarfe.es\/index.php?rest_route=\/wp\/v2\/posts\/77237","targetHints":{"allow":["GET"]}}],"collection":[{"href":"https:\/\/miradordeatarfe.es\/index.php?rest_route=\/wp\/v2\/posts"}],"about":[{"href":"https:\/\/miradordeatarfe.es\/index.php?rest_route=\/wp\/v2\/types\/post"}],"author":[{"embeddable":true,"href":"https:\/\/miradordeatarfe.es\/index.php?rest_route=\/wp\/v2\/users\/1"}],"replies":[{"embeddable":true,"href":"https:\/\/miradordeatarfe.es\/index.php?rest_route=%2Fwp%2Fv2%2Fcomments&post=77237"}],"version-history":[{"count":2,"href":"https:\/\/miradordeatarfe.es\/index.php?rest_route=\/wp\/v2\/posts\/77237\/revisions"}],"predecessor-version":[{"id":77240,"href":"https:\/\/miradordeatarfe.es\/index.php?rest_route=\/wp\/v2\/posts\/77237\/revisions\/77240"}],"wp:featuredmedia":[{"embeddable":true,"href":"https:\/\/miradordeatarfe.es\/index.php?rest_route=\/wp\/v2\/media\/77238"}],"wp:attachment":[{"href":"https:\/\/miradordeatarfe.es\/index.php?rest_route=%2Fwp%2Fv2%2Fmedia&parent=77237"}],"wp:term":[{"taxonomy":"category","embeddable":true,"href":"https:\/\/miradordeatarfe.es\/index.php?rest_route=%2Fwp%2Fv2%2Fcategories&post=77237"},{"taxonomy":"post_tag","embeddable":true,"href":"https:\/\/miradordeatarfe.es\/index.php?rest_route=%2Fwp%2Fv2%2Ftags&post=77237"}],"curies":[{"name":"wp","href":"https:\/\/api.w.org\/{rel}","templated":true}]}}