{"id":77244,"date":"2025-05-29T11:00:00","date_gmt":"2025-05-29T09:00:00","guid":{"rendered":"https:\/\/miradordeatarfe.es\/?p=77244"},"modified":"2025-05-29T13:01:42","modified_gmt":"2025-05-29T11:01:42","slug":"historia-de-los-apellidos-de-atarfe-1-por-maria-teresa-garcia-del-moral","status":"publish","type":"post","link":"https:\/\/miradordeatarfe.es\/?p=77244","title":{"rendered":"HISTORIA DE LOS APELLIDOS DE ATARFE (1) por Mar\u00eda Teresa Garc\u00eda del Moral"},"content":{"rendered":"\n<p class=\"has-medium-font-size\"><strong>Comenzamos con esta publicaci\u00f3n una serie de peque\u00f1os art\u00edculos que versar\u00e1n sobre<br \/>apellidos de los habitantes de Atarfe. <\/strong><\/p>\n\n\n\n<p>Unos estaban ya presentes en el siglo XVI (Libro de Apeo y Repartimiento de Atarfe, a\u00f1o 1572, en abreviatura LAR -utilizamos la transcripci\u00f3n llevada a cabo por Lorenzo Padilla Mellado-); algunos se han conservado a lo largo del tiempo, de tal modo que aparecen en el Catastro del Marqu\u00e9s de la<br \/>Ensenada del siglo XVIII, a\u00f1o 1752, en abreviatura CME) y otros, incluso, se conservan hasta la actualidad. Muchos de estos apellidos o antrop\u00f3nimos forman parte del acervo topon\u00edmico del pueblo apareciendo en nombres de pagos, cortijos, cerros, barrancos o parajes.<br \/><\/p>\n\n\n\n<p>Algunos de estos antrop\u00f3nimos hacen referencia a nombres propios de persona, otros a<br \/>apellidos y otros a los lugares de procedencia (la mayor\u00eda de ellos en el caso de los<br \/>repobladores que se hicieron cargo de las propiedades de los moriscos expulsados).<br \/>Las fuentes documentales sobre las que hemos elaborado el estudio son:<br \/>-Para los apellidos antiguos: LAR y CME (en ning\u00fan caso especificamos el folio en que<br \/>se encuentra el dato, que consta en nuestro archivo personal para posibles consultas). Se<br \/>mantienen las graf\u00edas que aparecen en el documento.<\/p>\n\n\n\n<p>Para los apellidos actuales: Gu\u00eda telef\u00f3nica de Atarfe [consulta en l\u00ednea:<br \/><a href=\"https:\/\/www.abctelefonos.com\/indice_espana\/granada\/atarfe\/\">https:\/\/www.abctelefonos.com\/indice_espana\/granada\/atarfe\/<\/a>]. <\/p>\n\n\n\n<p>Hay que tener en cuenta, para los apellidos en la actualidad, que Atarfe ha atra\u00eddo a muchos nuevos habitantes por su situaci\u00f3n en el \u00e1rea metropolitana, por lo que no es factible pensar que todos los<br \/>que encontremos derivan de los apellidos antiguos.<\/p>\n\n\n\n<p>En algunos casos, como m\u00e1s arriba hemos indicado, el apellido se perpet\u00faa en un<br \/>top\u00f3nimo. En la medida de lo posible, se ir\u00e1 especificando.<br \/>En cuanto a la manera de sintetizar estos datos, hemos desestimado la forma de cuadro o<br \/>tabla, pues no se adaptar\u00eda al formato de El Mirador, por lo que pondremos siempre el<br \/>apellido que se analice en may\u00fasculas y negrita, sin seguir un orden alfab\u00e9tico, ya que,<br \/>en los libros que manejamos, los datos van saliendo como si dij\u00e9ramos \u201csalteados\u201d pues<br \/>una referencia se hace una vez por el marido, cabeza de casa (como ocurre en el CME)<br \/>y otras veces por la mujer con la que est\u00e1 casado y es imposible reflejar todos estos<br \/>datos a un tiempo.<\/p>\n\n\n\n<p>Empezamos, as\u00ed pues, esta andadura por los apellidos de antiguos habitantes de Atarfe,<br \/>con la esperanza de que guste y de que se puedan encontrar, en algunos de los casos, las<br \/>ra\u00edces de los propios.<\/p>\n\n\n\n<p><strong>ARROYO<\/strong><br \/>Encontramos en el LAR varias personas con este apellido que tuvieron propiedades en<br \/>Atarfe en el siglo XVI: Alonso Arroio o Arroyo (morisco), Blas de Arroyo, Alonso<br \/>Ha\u00e7en Arroyo (morisco) y Herederos de Arroyo (vecino de Albolote).<\/p>\n\n\n\n<p>En el siglo CME (siglo XVIII) no hemos encontrado a nadie con este apellido.<br \/>En la actualidad, tan solo tenemos referencia de una persona que se apellide as\u00ed.<\/p>\n\n\n\n<p><strong>ALMOD\u00d3VAR<\/strong><br \/>En el siglo XVI, en el LAR encontramos a Diego de Almodobar (poblador), natural del<br \/>Carpio (C\u00f3rdoba).<br \/>En el CME aparece Mar\u00eda de Almod\u00f3var, viuda, y su hijo Antonio Poyatos.<br \/>En la actualidad no tenemos noticias de nadie con este apellido.<\/p>\n\n\n\n<p><strong>AGUILAR<\/strong><br \/>En el LAR (siglo XVI) encontramos varias personas con este apellido: Juan de Aguilar<br \/>(alcalde, natural de Martos), Diego de Aguilar, Xriptoval [Crist\u00f3bal] de Aguilar<br \/>(poblador, de Ja\u00e9n), Alonso de Aguilar (jurado de Granada, que posee La Vi\u00f1uela),<br \/>Diego Aguilar el Viejo (vecino de Santa Fe), Juan L\u00f3pez de Aguilar (vecino de<br \/>Granada) y Juan de Aguilar C\u00e1mara (alcalde ordinario).<br \/>En el siglo XVIII (CME) solo hemos hallado una referencia: Antonio Aguilar<br \/>(jornalero), casado con Josepha Hermoso.<br \/>Actualmente hay muchos habitantes de Atarfe con este apellido.<\/p>\n\n\n\n<p><strong>MORALES<\/strong><br \/>En el LAR solo se cita a un vecino de Granada con propiedades en Atarfe, Baltasar de<br \/>Morales.<br \/>En el CME aparece Francisco Morales (labrador), casado con Mar\u00eda Guerrero.<br \/>En la actualidad, al menos hay 20 personas que lo tienen como primer apellido.<\/p>\n\n\n\n<p>1 Para este art\u00edculo y los siguientes queremos puntualizar que cualquier persona que tenga<br \/>informaci\u00f3n nueva o diferente de la que aqu\u00ed se expresa, puede comunicarlo al correo<br \/><strong>miradordeatarfe@gmail.com<\/strong>, con la referencia <strong>APELLIDOS.<\/strong><\/p>\n\n\n\n\n","protected":false},"excerpt":{"rendered":"<p>Comenzamos con esta publicaci\u00f3n una serie de peque\u00f1os art\u00edculos que versar\u00e1n sobreapellidos de los habitantes&#8230;<\/p>\n","protected":false},"author":1,"featured_media":77245,"comment_status":"closed","ping_status":"closed","sticky":false,"template":"","format":"standard","meta":{"_coblocks_attr":"","_coblocks_dimensions":"","_coblocks_responsive_height":"","_coblocks_accordion_ie_support":"","jetpack_post_was_ever_published":false,"_jetpack_newsletter_access":"","_jetpack_dont_email_post_to_subs":false,"_jetpack_newsletter_tier_id":0,"_jetpack_memberships_contains_paywalled_content":false,"_jetpack_memberships_contains_paid_content":false,"footnotes":"","jetpack_publicize_message":"","jetpack_publicize_feature_enabled":true,"jetpack_social_post_already_shared":false,"jetpack_social_options":{"image_generator_settings":{"template":"highway","default_image_id":0,"enabled":false},"version":2}},"categories":[1225,186,44],"tags":[],"class_list":["post-77244","post","type-post","status-publish","format-standard","has-post-thumbnail","hentry","category-ha-de-atarfe","category-instituciones","category-noticias-de-hoy"],"jetpack_publicize_connections":[],"jetpack_featured_media_url":"https:\/\/i0.wp.com\/miradordeatarfe.es\/wp-content\/uploads\/2025\/05\/Captura20250310130213.png?fit=412%2C326&ssl=1","jetpack_likes_enabled":true,"jetpack_sharing_enabled":true,"_links":{"self":[{"href":"https:\/\/miradordeatarfe.es\/index.php?rest_route=\/wp\/v2\/posts\/77244","targetHints":{"allow":["GET"]}}],"collection":[{"href":"https:\/\/miradordeatarfe.es\/index.php?rest_route=\/wp\/v2\/posts"}],"about":[{"href":"https:\/\/miradordeatarfe.es\/index.php?rest_route=\/wp\/v2\/types\/post"}],"author":[{"embeddable":true,"href":"https:\/\/miradordeatarfe.es\/index.php?rest_route=\/wp\/v2\/users\/1"}],"replies":[{"embeddable":true,"href":"https:\/\/miradordeatarfe.es\/index.php?rest_route=%2Fwp%2Fv2%2Fcomments&post=77244"}],"version-history":[{"count":2,"href":"https:\/\/miradordeatarfe.es\/index.php?rest_route=\/wp\/v2\/posts\/77244\/revisions"}],"predecessor-version":[{"id":77247,"href":"https:\/\/miradordeatarfe.es\/index.php?rest_route=\/wp\/v2\/posts\/77244\/revisions\/77247"}],"wp:featuredmedia":[{"embeddable":true,"href":"https:\/\/miradordeatarfe.es\/index.php?rest_route=\/wp\/v2\/media\/77245"}],"wp:attachment":[{"href":"https:\/\/miradordeatarfe.es\/index.php?rest_route=%2Fwp%2Fv2%2Fmedia&parent=77244"}],"wp:term":[{"taxonomy":"category","embeddable":true,"href":"https:\/\/miradordeatarfe.es\/index.php?rest_route=%2Fwp%2Fv2%2Fcategories&post=77244"},{"taxonomy":"post_tag","embeddable":true,"href":"https:\/\/miradordeatarfe.es\/index.php?rest_route=%2Fwp%2Fv2%2Ftags&post=77244"}],"curies":[{"name":"wp","href":"https:\/\/api.w.org\/{rel}","templated":true}]}}