{"id":77251,"date":"2025-05-30T10:33:00","date_gmt":"2025-05-30T08:33:00","guid":{"rendered":"https:\/\/miradordeatarfe.es\/?p=77251"},"modified":"2025-05-30T10:36:53","modified_gmt":"2025-05-30T08:36:53","slug":"atarfe-hoy-no-te-pierdas-la-gala-del-deporte-2025","status":"publish","type":"post","link":"https:\/\/miradordeatarfe.es\/?p=77251","title":{"rendered":"ATARFE HOY NO TE PIERDAS LA GALA DEL DEPORTE 2025"},"content":{"rendered":"\n<p class=\"has-medium-font-size\"><strong>Una noche para reconocer a nuestros deportistas, clubes y a todos los que hacen posible el fomento del deporte en Atarfe.<\/strong><\/p>\n\n\n\n<p>Se interpretar\u00e1 el himno oficial compuesto para nuestra candidatura a Villa Europea del Deporte 2026, una obra del prestigioso compositor Sa\u00fal G\u00f3mez, interpretada por nuestra BSMCA &#8211; Banda Sinf\u00f3nica Ciudad de Atarfe.<\/p>\n\n\n\n<p>Al finalizar la gala, disfrutaremos de la actuaci\u00f3n del grupo La Blanca y el Negro.<\/p>\n\n\n\n<p>&#x1f4c5; Fecha: Viernes 30 de Mayo de 2025<br \/>&#x1f562; Hora: 20:30 h<br \/>&#x1f4cd; Lugar: Campo de F\u00fatbol de Atarfe<\/p>\n\n\n\n<p> La Avenida Am\u00e9rica estar\u00e1 cortada al tr\u00e1fico desde las 17:00 h para facilitar el acceso a los deportistas.<\/p>\n\n\n\n<p>Tras los reconocimientos, nos espera una actuaci\u00f3n espectacular de <strong>La Blanca y el Negro<\/strong>, puro ritmo y energ\u00eda sobre el escenario, y en cabina&#8230; <strong>Alex Kamara DJ<\/strong> para que nadie se quede sentado\u00a0<\/p>\n\n\n\n<p>Tanto los premiados como los asistentes pasar\u00e1n una noche inolvidable ya que esta noche Atarfe se mueve al ritmo del deporte y la m\u00fasica.<\/p>\n\n\n\n<p>Buen ambiente, diversi\u00f3n asegurada y una oportunidad \u00fanica para vivir juntos esta gran noche.<\/p>\n\n\n\n<figure class=\"wp-block-embed is-type-video is-provider-youtube wp-block-embed-youtube wp-embed-aspect-16-9 wp-has-aspect-ratio\"><div class=\"wp-block-embed__wrapper\">\n<iframe loading=\"lazy\" title=\"\ud83c\udf89 \u00a130 de Mayo: La noche de los Campeones!\" width=\"540\" height=\"960\" src=\"https:\/\/www.youtube.com\/embed\/30EWBNM8xhM?feature=oembed\" frameborder=\"0\" allow=\"accelerometer; autoplay; clipboard-write; encrypted-media; gyroscope; picture-in-picture; web-share\" referrerpolicy=\"strict-origin-when-cross-origin\" allowfullscreen><\/iframe>\n<\/div><\/figure>\n\n\n\n<figure class=\"wp-block-embed is-type-video is-provider-youtube wp-block-embed-youtube wp-embed-aspect-16-9 wp-has-aspect-ratio\"><div class=\"wp-block-embed__wrapper\">\n<iframe loading=\"lazy\" title=\"\ud83c\udf89 \u00a1Ma\u00f1ana celebramos a lo grande la Gala del Deporte 2025\u2026 y la fiesta no acaba con los premios! \ud83c\udfc6\ud83d\udd25\" width=\"640\" height=\"360\" src=\"https:\/\/www.youtube.com\/embed\/M9y7adBnXz4?feature=oembed\" frameborder=\"0\" allow=\"accelerometer; autoplay; clipboard-write; encrypted-media; gyroscope; picture-in-picture; web-share\" referrerpolicy=\"strict-origin-when-cross-origin\" allowfullscreen><\/iframe>\n<\/div><\/figure>\n\n\n\n\n","protected":false},"excerpt":{"rendered":"<p>Una noche para reconocer a nuestros deportistas, clubes y a todos los que hacen posible&#8230;<\/p>\n","protected":false},"author":1,"featured_media":77252,"comment_status":"closed","ping_status":"closed","sticky":false,"template":"","format":"standard","meta":{"_coblocks_attr":"","_coblocks_dimensions":"","_coblocks_responsive_height":"","_coblocks_accordion_ie_support":"","jetpack_post_was_ever_published":false,"_jetpack_newsletter_access":"","_jetpack_dont_email_post_to_subs":false,"_jetpack_newsletter_tier_id":0,"_jetpack_memberships_contains_paywalled_content":false,"_jetpack_memberships_contains_paid_content":false,"footnotes":"","jetpack_publicize_message":"","jetpack_publicize_feature_enabled":true,"jetpack_social_post_already_shared":false,"jetpack_social_options":{"image_generator_settings":{"template":"highway","default_image_id":0,"enabled":false},"version":2}},"categories":[6916,182,186,44],"tags":[],"class_list":["post-77251","post","type-post","status-publish","format-standard","has-post-thumbnail","hentry","category-ayuntamiento-de-atarfe","category-deportes","category-instituciones","category-noticias-de-hoy"],"jetpack_publicize_connections":[],"jetpack_featured_media_url":"https:\/\/i0.wp.com\/miradordeatarfe.es\/wp-content\/uploads\/2025\/05\/Imagen-de-WhatsApp-2024-06-08-a-las-11.02.30_b570e634-1.webp?fit=768%2C578&ssl=1","jetpack_likes_enabled":true,"jetpack_sharing_enabled":true,"_links":{"self":[{"href":"https:\/\/miradordeatarfe.es\/index.php?rest_route=\/wp\/v2\/posts\/77251","targetHints":{"allow":["GET"]}}],"collection":[{"href":"https:\/\/miradordeatarfe.es\/index.php?rest_route=\/wp\/v2\/posts"}],"about":[{"href":"https:\/\/miradordeatarfe.es\/index.php?rest_route=\/wp\/v2\/types\/post"}],"author":[{"embeddable":true,"href":"https:\/\/miradordeatarfe.es\/index.php?rest_route=\/wp\/v2\/users\/1"}],"replies":[{"embeddable":true,"href":"https:\/\/miradordeatarfe.es\/index.php?rest_route=%2Fwp%2Fv2%2Fcomments&post=77251"}],"version-history":[{"count":2,"href":"https:\/\/miradordeatarfe.es\/index.php?rest_route=\/wp\/v2\/posts\/77251\/revisions"}],"predecessor-version":[{"id":77257,"href":"https:\/\/miradordeatarfe.es\/index.php?rest_route=\/wp\/v2\/posts\/77251\/revisions\/77257"}],"wp:featuredmedia":[{"embeddable":true,"href":"https:\/\/miradordeatarfe.es\/index.php?rest_route=\/wp\/v2\/media\/77252"}],"wp:attachment":[{"href":"https:\/\/miradordeatarfe.es\/index.php?rest_route=%2Fwp%2Fv2%2Fmedia&parent=77251"}],"wp:term":[{"taxonomy":"category","embeddable":true,"href":"https:\/\/miradordeatarfe.es\/index.php?rest_route=%2Fwp%2Fv2%2Fcategories&post=77251"},{"taxonomy":"post_tag","embeddable":true,"href":"https:\/\/miradordeatarfe.es\/index.php?rest_route=%2Fwp%2Fv2%2Ftags&post=77251"}],"curies":[{"name":"wp","href":"https:\/\/api.w.org\/{rel}","templated":true}]}}