{"id":77274,"date":"2025-06-02T08:32:00","date_gmt":"2025-06-02T06:32:00","guid":{"rendered":"https:\/\/miradordeatarfe.es\/?p=77274"},"modified":"2025-06-01T19:33:28","modified_gmt":"2025-06-01T17:33:28","slug":"que-sabemos-y-que-no-del-apagon-en-la-peninsula-iberica","status":"publish","type":"post","link":"https:\/\/miradordeatarfe.es\/?p=77274","title":{"rendered":"Qu\u00e9 sabemos y qu\u00e9 no del apag\u00f3n en la pen\u00ednsula ib\u00e9rica"},"content":{"rendered":"\n<ul class=\"wp-block-list\">\n<li>El 28 de abril de 2025 se produjo un apag\u00f3n que afect\u00f3 a Espa\u00f1a y Portugal y a las 11:15 horas del 29 de abril se restableci\u00f3 el suministro de electricidad. El Gobierno ha creado una comisi\u00f3n de investigaci\u00f3n y ha pedido un \u201cinforme independiente\u201d a la UE<\/li>\n\n\n\n<li>Red El\u00e9ctrica dijo que a las 12:33 hubo dos p\u00e9rdidas de generaci\u00f3n en un periodo de cinco segundos, el Gobierno a\u00f1adi\u00f3 una m\u00e1s 19 segundos antes y los operadores europeos han detectado tambi\u00e9n varias ca\u00eddas en ese periodo previo<\/li>\n\n\n\n<li>No se conocen las causas del apag\u00f3n, pero Red El\u00e9ctrica ha explicado que, por ahora, \u201cdescartan un ataque de ciberseguridad\u201d en sus instalaciones<\/li>\n<\/ul>\n\n\n\n<h2 class=\"wp-block-heading\">\u00bfQu\u00e9 caus\u00f3 el apag\u00f3n?<\/h2>\n\n\n\n<p>No hay a\u00fan una causa oficial. A las 14:00 h del 12 de mayo siguen investigando qu\u00e9 ocurri\u00f3.<\/p>\n\n\n\n<h2 class=\"wp-block-heading\">\u00bfC\u00f3mo se produjo?<\/h2>\n\n\n\n<p>A las <strong>12:33 h <\/strong>del 28 de abril de 2025, se produjo una<a target=\"_blank\" rel=\"noreferrer noopener\" href=\"https:\/\/demanda.ree.es\/visiona\/peninsula\/demandaau\/total\/2025-04-28\"><strong>p\u00e9rdida de potencia<\/strong><\/a><strong> en la red el\u00e9ctrica de la pen\u00ednsula ib\u00e9rica que afect\u00f3 a Espa\u00f1a y Portugal<\/strong>. Canarias, Baleares, Ceuta y Melilla no se vieron afectadas. Sobre c\u00f3mo sucedi\u00f3 se han hecho varias declaraciones p\u00fablicas, del <strong>Gobierno<\/strong>, de <strong>Red El\u00e9ctrica<\/strong> y tambi\u00e9n de <strong>ENTSO-e<\/strong>, el organismo que aglutina a los operadores de la red a nivel europeo. Sus versiones no casan del todo.<\/p>\n\n\n\n<p>El presidente del Gobierno Pedro S\u00e1nchez <a target=\"_blank\" rel=\"noreferrer noopener\" href=\"https:\/\/www.youtube.com\/live\/4W4lxQtTXtM?si=NIzQx1ljoUPWANl2&amp;t=999\">dijo el 28 de abril<\/a> que 15 gigavatios de generaci\u00f3n se perdieron \u201cs\u00fabitamente\u201d en apenas 5 segundos, lo que equival\u00eda aproximadamente al \u201c60% de la demanda en ese momento\u201d.<\/p>\n\n\n\n<figure class=\"wp-block-image\"><img data-recalc-dims=\"1\" decoding=\"async\" src=\"https:\/\/i0.wp.com\/files.maldita.es\/maldita\/uploads\/2025\/05\/6821e07518359file-jpg.jpg?w=640&#038;ssl=1\" alt=\"\"\/><figcaption class=\"wp-element-caption\"><em>Demanda y generaci\u00f3n de electricidad en el momento del apag\u00f3n. Aunque refleja el momento del apag\u00f3n, los datos no son exactos: el sistema cay\u00f3 a cero. Fuente: <\/em><a target=\"_blank\" rel=\"noreferrer noopener\" href=\"https:\/\/demanda.ree.es\/visiona\/peninsula\/demandaau\/total\/2025-04-28\"><em>REE<\/em><\/a><\/figcaption><\/figure>\n\n\n\n<p>Por su parte, el director de operaciones de Red El\u00e9ctrica, Eduardo Prieto, explic\u00f3 el d\u00eda 28 que sobre las 12:30h detectaron \u201c<strong>una oscilaci\u00f3n en el flujo de potencia que ha provocado la desconexi\u00f3n del sistema ib\u00e9rico espa\u00f1ol del sistema europeo<\/strong>\u201d. Prieto lo calific\u00f3 de \u201cincidente absolutamente excepcional y extraordinario\u201d. Insisti\u00f3 en evitar las \u201cespeculaciones\u201d sobre las causas, que estaban investigando.<\/p>\n\n\n\n<p>En una rueda de prensa el 29 de abril, Prieto detall\u00f3 que en el entorno de las 12:33 h, el sistema el\u00e9ctrico se encontraba con frecuencia, tensi\u00f3n y potencia \u201cestables\u201d y \u201cen condiciones de seguridad\u201d. Primero se detect\u00f3 un <strong>\u201cevento compatible con la p\u00e9rdida de generaci\u00f3n en la regi\u00f3n suroeste<\/strong> del sistema peninsular espa\u00f1ol que fue superado satisfactoriamente\u201d [<a target=\"_blank\" rel=\"noreferrer noopener\" href=\"https:\/\/x.com\/elmundoes\/status\/1917150950067707939\">min. 0:47<\/a>].<\/p>\n\n\n\n<p>Un segundo y medio despu\u00e9s, un<strong> segundo evento \u201cigualmente compatible con la p\u00e9rdida de generaci\u00f3n degrad\u00f3 las condiciones de funcionamiento del sistema<\/strong>\u201d. Esto deriv\u00f3, en los tres segundos y medio siguientes, en unas \u201ccondiciones incompatibles con la supervivencia del sistema el\u00e9ctrico\u201d, con las \u201coscilaciones\u201d en el flujo de potencia, la desconexi\u00f3n de las interconexiones con Francia y \u201cla desconexi\u00f3n de un <a target=\"_blank\" rel=\"noreferrer noopener\" href=\"https:\/\/maldita.es\/clima\/20250505\/supuestos-problemas-exceso-renovables-apagon\/\">contingente muy elevado\u201d de generaci\u00f3n renovable<\/a>, continu\u00f3 [<a target=\"_blank\" rel=\"noreferrer noopener\" href=\"https:\/\/x.com\/elmundoes\/status\/1917150950067707939\">min. 1:32<\/a>].<\/p>\n\n\n\n<p>El 5 de mayo, Sara Aagesen, vicepresidenta tercera y ministra para la Transici\u00f3n Ecol\u00f3gica y el Reto Demogr\u00e1fico, a\u00f1adi\u00f3 que <strong>19 segundos antes del apag\u00f3n se detect\u00f3<\/strong>, esta vez en el <strong>sur <\/strong>de la pen\u00ednsula, <strong>una p\u00e9rdida de generaci\u00f3n<\/strong>. Dijo que <a target=\"_blank\" rel=\"noreferrer noopener\" href=\"https:\/\/x.com\/LaHoraTVE\/status\/1919287516819009873\">estaban estudiando<\/a> si hay relaci\u00f3n entre este suceso y los dos eventos de las 12:33 h ocurridos en el suroeste.<\/p>\n\n\n\n<p>Adem\u00e1s, la organizaci\u00f3n que agrupa a los gestores de la red el\u00e9ctrica en los distintos pa\u00edses europeos, <a target=\"_blank\" rel=\"noreferrer noopener\" href=\"https:\/\/www.entsoe.eu\/about\/\">ENTSO-e<\/a>, ha iniciado una investigaci\u00f3n independiente sobre las causas del apag\u00f3n. El 9 de mayo publicaron <a target=\"_blank\" rel=\"noreferrer noopener\" href=\"https:\/\/www.entsoe.eu\/news\/2025\/05\/09\/entso-e-expert-panel-initiates-the-investigation-into-the-causes-of-iberian-blackout\/\">informaci\u00f3n preliminar<\/a> indicando que \u201cdurante la media hora previa al incidente, se observaron <strong>dos periodos de oscilaciones (de potencia y frecuencia)<\/strong> en la <a target=\"_blank\" rel=\"noreferrer noopener\" href=\"https:\/\/en.wikipedia.org\/wiki\/Continental_Europe_Synchronous_Area\">zona s\u00edncrona de Europa continental<\/a>, entre las 12:03 y 12:07 CET y entre las 12:19 y 12:21 CET\u201d. Red El\u00e9ctrica y RTE (el operador de la red francesa) \u201ctomaron acciones para mitigar esas oscilaciones\u201d.<\/p>\n\n\n\n<p>La misma organizaci\u00f3n tambi\u00e9n aporta una versi\u00f3n distinta del momento del apag\u00f3n:<\/p>\n\n\n\n<ul class=\"wp-block-list\">\n<li>Entre las 12:32:57 y las 12:33:17 \u201cpresumiblemente se registraron una serie de diferentes ca\u00eddas de generaci\u00f3n en el sur de Espa\u00f1a\u201d. Es decir, habr\u00eda habido <strong>varias ca\u00eddas de generaci\u00f3n en 20 segundos, no dos en un segundo y medio<\/strong>. Tambi\u00e9n cuantifican inicialmente esas ca\u00eddas:<strong> 2.200 MW<\/strong>.<\/li>\n\n\n\n<li>Entre las 12:33:18 y las 12:33:21, la frecuencia del sistema el\u00e9ctrico ib\u00e9rico continu\u00f3 descendiendo hasta los 48 Hz (debe ser siempre 50 Hz) y se activaron los planes de defensa contra el recorte autom\u00e1tico de la carga de Espa\u00f1a y Portugal.<\/li>\n\n\n\n<li>A las 12:33:21 CET, las l\u00edneas entre Francia y Espa\u00f1a fueron desconectadas por los dispositivos de protecci\u00f3n.<\/li>\n\n\n\n<li>A las 12:33:24 CET, el sistema el\u00e9ctrico ib\u00e9rico colaps\u00f3 por completo.<\/li>\n<\/ul>\n\n\n\n<h2 class=\"wp-block-heading\">\u00bfFue un ciberataque?<\/h2>\n\n\n\n<p>Tanto las autoridades portuguesas como la operadora el\u00e9ctrica espa\u00f1ola lo descartan, por el momento. Red El\u00e9ctrica inform\u00f3 en una comparecencia el 29 de abril lo siguiente: \u201cCon los an\u00e1lisis que hemos podido realizar en este momento, <strong>podemos descartar un incidente de ciberseguridad en las instalaciones de Red El\u00e9ctrica<\/strong>, en el centro de control de Red El\u00e9ctrica. En este sentido, desde ayer [28 de abril] hemos tenido la colaboraci\u00f3n del CNPIC [Centro Nacional de Protecci\u00f3n de Infraestructuras Cr\u00edticas], de INCIBE [Instituto Nacional de Ciberseguridad] y del CNI [Centro Nacional de Inteligencia], y esta ma\u00f1ana <strong>hemos podido concluir que, efectivamente, no ha habido ning\u00fan tipo de intrusi\u00f3n en los sistemas de Red El\u00e9ctrica<\/strong> que pudieran haber ocasionado el incidente\u201d.<\/p>\n\n\n\n<p>El presidente del Gobierno, Pedro S\u00e1nchez,<a target=\"_blank\" rel=\"noreferrer noopener\" href=\"https:\/\/www.youtube.com\/watch?v=6Ur72mm3JJg\"> explic\u00f3 el 29 de abril<\/a> que van a llegar \u201chasta el fondo del asunto\u201d y tomar\u00e1n \u201clas medidas necesarias para que esto no vuelva a suceder\u201d. Tambi\u00e9n van a exigir \u201c<strong>todas las responsabilidades pertinentes a todos los operadores privados<\/strong>\u201d. En este sentido, el Gobierno ha creado una <strong>comisi\u00f3n de investigaci\u00f3n en materia de ciberseguridad <\/strong>en el marco del Consejo de Seguridad Nacional, junto con la Comisi\u00f3n Nacional de Mercados y de la Competencia (CNMC) para esclarecer lo ocurrido. S\u00e1nchez ha explicado que el INCIBE, junto al Centro Criptol\u00f3gico Nacional, investiga los \u201c<strong>riesgos derivados de la emergencia el\u00e9ctrica<\/strong>\u201d y <strong>revisar\u00e1n los registros de informaci\u00f3n de Red El\u00e9ctrica<\/strong> y los operadores privados \u201cpara no descartar ninguna hip\u00f3tesis\u201d.&nbsp;<\/p>\n\n\n\n<p>Adem\u00e1s, la vicepresidenta tercera y ministra para la Transici\u00f3n ecol\u00f3gica, Sara Aagesen, anunci\u00f3 la creaci\u00f3n de <a target=\"_blank\" rel=\"noreferrer noopener\" href=\"https:\/\/bsky.app\/profile\/saraaagesen.bsky.social\/post\/3lobeyfte7224\"><strong>dos grupos de trabajo<\/strong><\/a>, el primero para analizar la operaci\u00f3n del sistema el\u00e9ctrico y el segundo sobre sistemas digitales y ciberseguridad.<\/p>\n\n\n\n<p>Igualmente, S\u00e1nchez ha pedido al Grupo Europeo de Coordinaci\u00f3n de Electricidad y a los reguladores independientes un \u201c<strong>informe independiente<\/strong> desde Bruselas\u201d para tener una fotograf\u00eda \u201cmucho m\u00e1s certera y veros\u00edmil\u201d, que ha prometido hacer p\u00fablico cuando lo tenga el Gobierno.\u201cRed El\u00e9ctrica ha hecho saber que descarta en la red de transportes cualquier ciberataque, valoramos positivamente este aspecto pero en cualquier caso<strong> la responsabilidad del Gobierno de Espa\u00f1a es hacer un an\u00e1lisis independiente<\/strong> de que es lo que ha sucedido y usar todos los resortes del Estado (&#8230;) y una vez examinados esos registros, <strong>no descartar ninguna hip\u00f3tesis<\/strong> hasta que tengamos los resultados de esos an\u00e1lisis\u201d<strong>, <\/strong>concluy\u00f3 el presidente del Gobierno, preguntado por el an\u00e1lisis preliminar de la operadora espa\u00f1ola.<\/p>\n\n\n\n<p>La <strong>Audiencia Nacional <\/strong><a target=\"_blank\" rel=\"noreferrer noopener\" href=\"https:\/\/www.poderjudicial.es\/cgpj\/es\/Poder-Judicial\/Noticias-Judiciales\/La-Audiencia-Nacional-abre-diligencias-para-investigar-si-el-apagon-en-toda-Espana-fue-un-sabotaje-informatico\">ha abierto diligencias<\/a> para <strong>investigar si el apag\u00f3n fue un sabotaje inform\u00e1tico<\/strong> a infraestructuras cr\u00edticas y ha requerido al Centro Criptol\u00f3gico Nacional y a Red El\u00e9ctrica informes sobre lo sucedido.<\/p>\n\n\n\n<h2 class=\"wp-block-heading\">\u00bfQu\u00e9 es un cero el\u00e9ctrico?<\/h2>\n\n\n\n<p><a target=\"_blank\" rel=\"noreferrer noopener\" href=\"https:\/\/portalcientifico.unileon.es\/investigadores\/97472\/detalle\">\u00c1lvaro de la Puente Gil<\/a>, profesor de Ingenier\u00eda El\u00e9ctrica de la Universidad de Le\u00f3n, indica a<a target=\"_blank\" rel=\"noreferrer noopener\" href=\"https:\/\/sciencemediacentre.es\/un-apagon-electrico-masivo-en-la-peninsula-deja-sin-suministro-millones-de-personas\"> Science Media Centre Espa\u00f1a<\/a> que es una situaci\u00f3n en la que la red el\u00e9ctrica <strong>\u201cpierde completamente la tensi\u00f3n<\/strong>, todo el sistema se apaga\u201d. Seg\u00fan explica, este apag\u00f3n ocurri\u00f3 porque en muy poco tiempo \u201c<strong>se perdi\u00f3 m\u00e1s de la mitad de la capacidad de generaci\u00f3n el\u00e9ctrica<\/strong>\u201d.<\/p>\n\n\n\n<p>La tensi\u00f3n es importante porque <strong>es lo que permite <\/strong><a target=\"_blank\" rel=\"noreferrer noopener\" href=\"https:\/\/www.ree.es\/es\/transporte-electricidad\/red#:~:text=La%20red%20de%20transporte%20est%C3%A1,kV%20en%20Baleares%20y%20Canarias.\"><strong>transportar electricidad<\/strong><\/a><strong> entre diferentes puntos de manera segura<\/strong>. En la pen\u00ednsula ib\u00e9rica, la red funciona a tensiones de <strong>400 y 200 kilovoltios <\/strong>(kV), en Baleares y Canarias, a 220, 132 y 66 kV, explica<a target=\"_blank\" rel=\"noreferrer noopener\" href=\"https:\/\/www.ree.es\/es\/transporte-electricidad\/red#:~:text=En%20Espa%C3%B1a%2C%20la%20red%20de%20transporte%20funciona%20mayoritariamente%20a%20400%20kilovoltios%20(kV)%20y%20220%20kV%20en%20la%20Pen%C3%ADnsula%2C%20y%20a%20220%20kV%2C%20132%20kV%20y%2066%20kV%20en%20Baleares%20y%20Canarias.\"> Red El\u00e9ctrica<\/a>. El sistema el\u00e9ctrico necesita<a target=\"_blank\" rel=\"noreferrer noopener\" href=\"https:\/\/www.esios.ree.es\/es\/generacion-y-consumo?date=29-04-2025#:~:text=La%20energ%C3%ADa%20el%C3%A9ctrica,generaci%C3%B3n%20de%20energ%C3%ADa.\"> generar y consumir la misma cantidad de electricidad en todo momento<\/a>. <a target=\"_blank\" rel=\"noreferrer noopener\" href=\"https:\/\/maldita.es\/clima\/20250429\/cero-energetico-electricidad-espana\/\"><strong>En este art\u00edculo puedes ampliar la informaci\u00f3n<\/strong><\/a>.<\/p>\n\n\n\n<h2 class=\"wp-block-heading\">\u00bfUn \u201cexceso\u201d de energ\u00edas renovables deriv\u00f3 en el apag\u00f3n?<\/h2>\n\n\n\n<p>&nbsp;Algunos contenidos en redes aseguran que el \u201cexceso\u201d de generaci\u00f3n el\u00e9ctrica con fotovoltaica y e\u00f3lica produjo oscilaciones en la red que la baja generaci\u00f3n con nuclear no pudo amortiguar. Otros dicen que la oscilaci\u00f3n ten\u00eda causa desconocida y, una vez ocurri\u00f3, ese <em>mix <\/em>el\u00e9ctrico no pudo amortiguarla.<\/p>\n\n\n\n<p>A 5 de mayo, <strong>Red El\u00e9ctrica ha informado de que hubo oscilaciones en la red, pero a\u00fan se desconoce qu\u00e9 las produjo<\/strong>. Adem\u00e1s ha habido d\u00edas similares al lunes 28, con alta generaci\u00f3n de electricidad a partir de energ\u00edas fotovoltaica y e\u00f3lica con baja producci\u00f3n nuclear, sin que haya habido problemas en la red. Hasta el momento, la operadora de la red no vincula ni descarta la influencia de ning\u00fan tipo de energ\u00eda en el mix el\u00e9ctrico como causa del apag\u00f3n. <a target=\"_blank\" rel=\"noreferrer noopener\" href=\"https:\/\/maldita.es\/clima\/20250505\/supuestos-problemas-exceso-renovables-apagon\/\"><strong>En este art\u00edculo te contamos lo que sabemos<\/strong><\/a>.<\/p>\n\n\n\n<h2 class=\"wp-block-heading\">Bulos y desinformaciones que estamos desmintiendo<\/h2>\n\n\n\n<p>En <a target=\"_blank\" rel=\"noreferrer noopener\" href=\"https:\/\/Maldita.es\">Maldita.es<\/a> estamos <strong>verificando los <\/strong><a target=\"_blank\" rel=\"noreferrer noopener\" href=\"https:\/\/maldita.es\/malditobulo\/20250430\/bulos-apagon-peninsula-iberica-en-abril-de-2025\/\"><strong>bulos y desinformaciones que circulan sobre el apag\u00f3n<\/strong><\/a>. A continuaci\u00f3n te dejamos los m\u00e1s virales que hemos desmentido desde el 28 de abril:<\/p>\n\n\n\n<p><a target=\"_blank\" rel=\"noreferrer noopener\" href=\"https:\/\/maldita.es\/malditobulo\/20250429\/que-sabemos-sobre-que-la-causa-del-apagon-sea-un-posible-ciberataque\/\"><strong>\u00bfApag\u00f3n por cibertaque? Red El\u00e9ctrica lo descarta y el Gobierno solicita una investigaci\u00f3n independiente<\/strong><\/a>. Algunos contenidos apuntan a que detr\u00e1s de los cortes de electricidad est\u00e1n Marruecos o Rusia. El Centro Criptol\u00f3gico Nacional est\u00e1 investigando lo ocurrido y Red El\u00e9ctrica, que ha pedido no especular sobre las causas, lo ha negado con los datos preliminares de los que dispone.<\/p>\n\n\n\n<p><a target=\"_blank\" rel=\"noreferrer noopener\" href=\"https:\/\/maldita.es\/malditobulo\/20250428\/von-der-leyen-apagon-ciberataque-ruso-cnn\/\"><strong>No, Ursula von der Leyen no ha dicho que el apag\u00f3n se deba a un ciberataque ruso<\/strong><\/a>. Circulan contenidos que dicen que la presidenta de la Comisi\u00f3n Europea, Ursula von der Leyen, habr\u00eda confirmado que el apag\u00f3n el\u00e9ctrico generalizado en la pen\u00ednsula Ib\u00e9rica es consecuencia de un ciberataque con origen en Rusia. Es un bulo. No hay rastro en canales y redes oficiales de la CE de que von der Leyen haya hecho esas declaraciones. A las 14:30h, la Cadena SER inform\u00f3 que desde la Comisi\u00f3n Europea han declarado a los medios que esos contenidos son falsos. Adem\u00e1s, <a target=\"_blank\" rel=\"noreferrer noopener\" href=\"https:\/\/maldita.es\/malditobulo\/20250430\/cronologia-bulo-cnn-von-der-leyen-ciberataque\/\">hemos investigado <strong>c\u00f3mo circul\u00f3 el bulo de unos pa\u00edses a otros<\/strong> y en diferentes idiomas<\/a>.<\/p>\n\n\n\n<p><a target=\"_blank\" rel=\"noreferrer noopener\" href=\"https:\/\/x.com\/RedElectricaREE\/status\/1917145514279158246\"><strong>El \u201cfen\u00f3meno atmosf\u00e9rico raro\u201d como causa del apag\u00f3n en la pen\u00ednsula ib\u00e9rica: la el\u00e9ctrica portuguesa niega haberlo afirmado y Reuters lo ha borrado<\/strong><\/a>. Publicaciones en redes aseguran que el operador energ\u00e9tico portugu\u00e9s dijo que el apag\u00f3n del 28 de abril de 2025 en toda la pen\u00ednsula ib\u00e9rica se origin\u00f3 por un \u201cfen\u00f3meno atmosf\u00e9rico raro\u201d. Es un bulo. La afirmaci\u00f3n apunta a una publicaci\u00f3n de la agencia Reuters citando a REN, pero \u00e9ste niega haber hecho esas declaraciones, y dicen no haber siquiera hablado con Reuters.&nbsp;La agencia de noticias ha eliminado la publicaci\u00f3n y toda referencia a la supuesta cita.<\/p>\n\n\n\n<p><a target=\"_blank\" rel=\"noreferrer noopener\" href=\"https:\/\/maldita.es\/malditobulo\/20250430\/imagenes-espacio-peninsula-iberica-apagon\/\"><strong>Cuidado con las supuestas im\u00e1genes satelitales de la pen\u00ednsula ib\u00e9rica a oscuras por el apag\u00f3n y c\u00f3mo algunas se usan para desinformar<\/strong><\/a>. Circulan en redes sociales&nbsp;supuestas im\u00e1genes satelitales nocturnas en las que la pen\u00ednsula ib\u00e9rica aparece completamente a oscuras.&nbsp;<a target=\"_blank\" rel=\"noreferrer noopener\" href=\"https:\/\/maldita.es\/malditobulo\/20250430\/islas-baleares-apagon-red-electrica\/\">Cuidado con estas im\u00e1genes<\/a>. En varias de ellas&nbsp;aparecen sin luz zonas como Baleares o Francia, donde no se registr\u00f3 ning\u00fan corte el\u00e9ctrico. En las im\u00e1genes satelitales p\u00fablicas, como las de la NASA, no se ve la superficie de la pen\u00ednsula ib\u00e9rica tan oscura como muestran las de los contenidos que est\u00e1n circulando, que no especifican la fuente.<\/p>\n\n\n\n<h2 class=\"wp-block-heading\">\u00bfA qu\u00e9 hora se restableci\u00f3 la electricidad?<\/h2>\n\n\n\n<p>A las <strong>11:15 h del 29 de abril<\/strong>, Red El\u00e9ctrica <a target=\"_blank\" rel=\"noreferrer noopener\" href=\"https:\/\/x.com\/RedElectricaREE\/status\/1917145514279158246\">inform\u00f3<\/a> de que se hab\u00eda \u201cnormalizado el funcionamiento del sistema el\u00e9ctrico peninsular\u201d.<\/p>\n\n\n\n<figure class=\"wp-block-image\"><img data-recalc-dims=\"1\" decoding=\"async\" src=\"https:\/\/i0.wp.com\/files.maldita.es\/maldita\/uploads\/2025\/04\/6810b0fd583b2image2-webp.webp?w=640&#038;ssl=1\" alt=\"\"\/><figcaption class=\"wp-element-caption\">Mensaje de Red El\u00e9ctrica anunciando el funcionamiento normalizado del sistema el\u00e9ctrico. Fuente: X.<\/figcaption><\/figure>\n\n\n\n<p><a href=\"https:\/\/api.whatsapp.com\/send?phone=34644229319&amp;text=&amp;source=&amp;data=&amp;app_absent=\">\u00bfCrees que te ha llegado un bulo? Verifica en nuestro chatbot de WhatsApp (+34 644 229 319)<\/a><\/p>\n\n\n\n<h2 class=\"wp-block-heading\">\u00bfC\u00f3mo se fue reactivando el sistema el\u00e9ctrico?<\/h2>\n\n\n\n<p>Red El\u00e9ctrica activ\u00f3 los <strong>planes de reposici\u00f3n<\/strong> tras el apag\u00f3n que, en caso de incidentes nacionales, obliga, <a target=\"_blank\" rel=\"noreferrer noopener\" href=\"https:\/\/www.boe.es\/buscar\/doc.php?id=BOE-A-1998-20053\">seg\u00fan una resoluci\u00f3n del Ministerio de Industria de 1998<\/a>, a los centros de control de productores, distribuidores y transporte a coordinar la restituci\u00f3n \u201cr\u00e1pida del servicio\u201d.<\/p>\n\n\n\n<p>A las <strong>13:33 h<\/strong>, Red El\u00e9ctrica <a target=\"_blank\" rel=\"noreferrer noopener\" href=\"https:\/\/x.com\/RedElectricaREE\/status\/1916818043235164267\">inform\u00f3<\/a> de que se estaba empezando a recuperar tensi\u00f3n por el <strong>norte y sur peninsular<\/strong>, un hecho que era \u201cclave para atender progresivamente el suministro de electricidad\u201d. Este proceso supon\u00eda la energizaci\u00f3n paulatina de la red de transporte a medida que los grupos de generaci\u00f3n se acoplen, explic\u00f3 la empresa que opera y gestiona el sistema el\u00e9ctrico espa\u00f1ol, es decir, \u201c<strong>reponer la tensi\u00f3n\u201d en los sistemas auxiliares de la generaci\u00f3n el\u00e9ctrica<\/strong> para alimentar las centrales.<\/p>\n\n\n\n<p><strong>Tres horas despu\u00e9s<\/strong> del inicio del apag\u00f3n Red El\u00e9ctrica <a target=\"_blank\" rel=\"noreferrer noopener\" href=\"https:\/\/x.com\/RedElectricaREE\/status\/1916847876384100455\">notific\u00f3<\/a> que se hab\u00eda conseguido recuperar tensi\u00f3n en subestaciones de varias <strong>zonas del norte, sur y oeste peninsular<\/strong> y a <strong>media tarde<\/strong>, se hab\u00eda <a target=\"_blank\" rel=\"noreferrer noopener\" href=\"https:\/\/x.com\/RedElectricaREE\/status\/1916879721071100341\">recuperado el suministro el\u00e9ctrico<\/a> en \u00e1reas de <strong>Catalu\u00f1a, Arag\u00f3n, Pa\u00eds Vasco, Galicia, La Rioja, Asturias, Navarra, Castilla y Le\u00f3n, Extremadura y Andaluc\u00eda<\/strong>.<\/p>\n\n\n\n<p>A las <strong>19:21 h<\/strong>, se hab\u00eda recuperado ya m\u00e1s de <strong>1\/5 de la demanda peninsular <\/strong>con 5.508 provenientes de producci\u00f3n aut\u00f3noma y de la<strong> interconexi\u00f3n con Francia<\/strong> y, <a target=\"_blank\" rel=\"noreferrer noopener\" href=\"https:\/\/x.com\/RedElectricaREE\/status\/1916909656007495997\">seg\u00fan Red El\u00e9ctrica<\/a>, se estaba reponiendo el suministro de manera progresiva en todas las zonas el\u00e9ctricas del territorio, con el 45% de los parques de subestaciones de la red de transporte ya energizados.<\/p>\n\n\n\n<p>El director de operaciones de Red El\u00e9ctrica inform\u00f3 en una comparecencia a las <strong>20:35h <\/strong>que ya se hab\u00eda repuesto el<strong> 35% de la demanda prevista<\/strong>.<\/p>\n\n\n\n<p>A las <strong>22:30 h<\/strong>, Red El\u00e9ctrica <a target=\"_blank\" rel=\"noreferrer noopener\" href=\"https:\/\/x.com\/RedElectricaREE\/status\/1916954542505333162\">asegur\u00f3<\/a> haber recuperado el <strong>48,2% de la demanda <\/strong>en la pen\u00ednsula ib\u00e9rica, y<strong> media hora m\u00e1s tarde<\/strong> estaba restablecido <a target=\"_blank\" rel=\"noreferrer noopener\" href=\"https:\/\/x.com\/RedElectricaREE\/status\/1916964594066628845\">el <strong>51% de la demanda<\/strong><\/a> peninsular. Durante la noche sigui\u00f3 aumentando ese porcentaje y<strong> a las 6 de la ma\u00f1ana, ya era del <\/strong><a target=\"_blank\" rel=\"noreferrer noopener\" href=\"https:\/\/x.com\/RedElectricaREE\/status\/1917078111205708225\"><strong>99,16% de la demanda<\/strong><\/a> de la Espa\u00f1a peninsular. A las <strong>11:15 h<\/strong>, Red El\u00e9ctrica <a target=\"_blank\" rel=\"noreferrer noopener\" href=\"https:\/\/x.com\/RedElectricaREE\/status\/1917145514279158246\">inform\u00f3<\/a> de que se hab\u00eda <strong>normalizado el suministro<\/strong>.<\/p>\n\n\n\n<h2 class=\"wp-block-heading\">\u00bfQu\u00e9 dijo el Gobierno espa\u00f1ol las horas siguientes al apag\u00f3n?<\/h2>\n\n\n\n<p>El d\u00eda del apag\u00f3n, Pedro S\u00e1nchez compareci\u00f3 en <a target=\"_blank\" rel=\"noreferrer noopener\" href=\"https:\/\/www.youtube.com\/live\/5Mb-UeslyTI?si=aAp_Pf2givKCJczp&amp;t=1893\">dos<\/a> <a target=\"_blank\" rel=\"noreferrer noopener\" href=\"https:\/\/www.youtube.com\/watch?v=4W4lxQtTXtM&amp;t=1002s\">ocasiones<\/a> desde la Moncloa sin aceptar preguntas. El presidente espa\u00f1ol explic\u00f3 que se hab\u00eda decretado la \u201c<strong>crisis de electricidad<\/strong>\u201d y varias comunidades aut\u00f3nomas solicitaron el <a target=\"_blank\" rel=\"noreferrer noopener\" href=\"https:\/\/www.boe.es\/buscar\/act.php?id=BOE-A-2015-7730#a29\"><strong>nivel 3 de emergencias<\/strong><\/a><strong> de Protecci\u00f3n Civil<\/strong>, lo que supone que es el Gobierno quien asume la gesti\u00f3n. A \u00faltima hora de la noche, el ministro del Interior, Fernando Grande-Marlaska,<a target=\"_blank\" rel=\"noreferrer noopener\" href=\"https:\/\/www.interior.gob.es\/opencms\/es\/detalle\/articulo\/Grande-Marlaska-declara-la-emergencia-de-interes-nacional-en-Andalucia-Extremadura-Murcia-La-Rioja-y-Madrid-por-el-apagon-electrico\/\"> declar\u00f3 la <strong>emergencia de inter\u00e9s nacional<\/strong><\/a> en Andaluc\u00eda, la Comunidad de Madrid, Castilla-La Mancha, Extremadura, Galicia, La Rioja, Regi\u00f3n de Murcia y Comunitat Valenciana. El 29 de abril, Interior desactiv\u00f3 la emergencia nacional para <a target=\"_blank\" rel=\"noreferrer noopener\" href=\"https:\/\/www.interior.gob.es\/opencms\/es\/detalle\/articulo\/Interior-desactiva-la-declaracion-de-emergencia-de-interes-nacional-en-seis-comunidades-al-sobreponerse-a-las-consecuencias-del-apagon\/\"><strong>seis de las ocho comunidades<\/strong><\/a>, Madrid y Extremadura no rebajaron el nivel de emergencias por lo que se mantuvo, y un d\u00eda despu\u00e9s <a target=\"_blank\" rel=\"noreferrer noopener\" href=\"https:\/\/www.lamoncloa.gob.es\/serviciosdeprensa\/notasprensa\/interior\/Paginas\/2025\/290425-desactivada-declaracion-emergencia.aspx\"><strong>hizo lo propio con estas dos \u00faltimas autonom\u00edas<\/strong><\/a>.&nbsp;<\/p>\n\n\n\n<p>El presidente del Gobierno explic\u00f3 que parte de la recuperaci\u00f3n del suministro por las interconexiones con Francia y Marruecos e incidi\u00f3 en que <strong>no hab\u00eda \u201cinformaci\u00f3n concluyente\u201d sobre las causas del apag\u00f3n y pidi\u00f3 seguir las comunicaciones oficiales sin especulaciones<\/strong> y dijo que no hab\u00eda \u201cproblemas de inseguridad\u201d, el sistema hospitalario funcionaba \u201ccorrectamente\u201d gracias a los grupos electr\u00f3genos, para los que <a target=\"_blank\" rel=\"noreferrer noopener\" href=\"https:\/\/www.infobae.com\/espana\/agencias\/2025\/04\/28\/la-ume-repone-sin-incidencias-los-electrogenos-en-los-hospitales-sin-suministro-electrico\/\">la UME repuso algunos de ellos<\/a>.&nbsp;<\/p>\n\n\n\n<p>En el tr\u00e1fico portuario \u201cno se ha detectado ninguna situaci\u00f3n especialmente grave\u201d, explic\u00f3 el ministro de Transportes, \u00d3scar Puente, en redes, y respecto a las conexiones a\u00e9reas, S\u00e1nchez dijo que lo hab\u00edan reducido un 20% \u201cpara garantizar la seguridad y el funcionamiento fluido\u201d y se produjeron cancelaciones en 344 de los 6.000 vuelos programados, por la desactivaci\u00f3n de torres de control. Durante la tarde, <strong>el tr\u00e1fico ferroviario estuvo interrumpido y durante la noche se fue restableciendo<\/strong>. Puente, inform\u00f3 en la ma\u00f1ana del 29 de abril que <strong>algunas redes ferroviarias estaban suspendidas<\/strong>, mientras otras conexiones volver\u00edan a la normalidad durante el d\u00eda.<\/p>\n\n\n\n<p>S\u00e1nchez pidi\u00f3 \u201c<strong>reducir al m\u00e1ximo los desplazamientos<\/strong>\u201d. En el caso de los trabajadores no esenciales, pidi\u00f3 tambi\u00e9n \u201cpriorizar la seguridad\u201d y evitar desplazarse a sus lugares de trabajo. Adem\u00e1s, insisti\u00f3 en consultar la informaci\u00f3n oficial y <strong>evitar propagar bulos<\/strong>, y <a target=\"_blank\" rel=\"noreferrer noopener\" href=\"https:\/\/maldita.es\/malditatecnologia\/20250429\/dispositivos-situacion-emergencia-apagon-movil-2G-electrodomesticos\/\"><strong>hacer un \u201cuso responsable\u201d del tel\u00e9fono m\u00f3vil<\/strong><\/a> \u2013hacer llamadas breves y utilizar el tel\u00e9fono 112 solo cuando sea realmente necesario\u2013 por el \u201cmomento cr\u00edtico\u201d de la red de telecomunicaciones, que sufr\u00edan interrupciones por la falta de suministro en las antenas. Adem\u00e1s, en algunas comunidades aut\u00f3nomas, por ejemplo, en las que se decret\u00f3 la emergencia nacional, los centros educativos est\u00e1n abiertos sin actividad lectiva este 29 de abril.&nbsp;<\/p>\n\n\n\n<p>El presidente del Gobierno a\u00f1adi\u00f3 por la noche que en el Consejo de Ministros del 29 de abril se aprobar\u00eda un \u201cacuerdo preventivo\u201d para <strong>liberar tres d\u00edas de reservas estrat\u00e9gicas de productos petrol\u00edferos<\/strong> aunque \u201cno hay se\u00f1al alguna de desabastecimiento\u201d.&nbsp;<\/p>\n\n\n\n<h2 class=\"wp-block-heading\">\u00bfQu\u00e9 dijo el operador el\u00e9ctrico portugu\u00e9s?<\/h2>\n\n\n\n<p>La Redes En\u00e9rgicas Nacionais (REN), la operadora el\u00e9ctrica portuguesa, <a target=\"_blank\" rel=\"noreferrer noopener\" href=\"https:\/\/www.ren.pt\/pt-pt\/media\/noticias\/rede-nacional-de-transporte-estabilizada\">inform\u00f3<\/a> que tambi\u00e9n a las 11:33 h (hora en Portugal) un \u201cacontecimiento absolutamente excepcional, con origen externo\u201d provoc\u00f3 un apag\u00f3n en Espa\u00f1a y Portugal. 12 horas despu\u00e9s, Portugal ya hab\u00eda restablecido \u201cel funcionamiento de todas las subestaciones de la red\u201d.<\/p>\n\n\n\n<h2 class=\"wp-block-heading\">\u00bfQu\u00e9 dijo el Gobierno portugu\u00e9s?<\/h2>\n\n\n\n<p>El primer ministro portugu\u00e9s, Luis Montenegro, explic\u00f3 que<strong> \u201ctodo apuntaba\u201d a que el fallo en Portugal se debi\u00f3 a la interconexi\u00f3n con Espa\u00f1a<\/strong> y a\u00f1adi\u00f3 que no hab\u00eda indicios que apuntasen a que se hubiera producido por un ciberataque, <a target=\"_blank\" rel=\"noreferrer noopener\" href=\"https:\/\/www.dn.pt\/sociedade\/montenegro-nada-est%C3%A1-afastado-mas-n%C3%A3o-h%C3%A1-indica%C3%A7%C3%A3o-de-ataque-cibern%C3%A9tico\">seg\u00fan recogieron medios locales<\/a>.<\/p>\n\n\n\n<h2 class=\"wp-block-heading\">\u00bfQu\u00e9 dijo el operador el\u00e9ctrico franc\u00e9s?<\/h2>\n\n\n\n<p>En <strong>Francia<\/strong>, hubo algunos cortes de electricidad sobre las 12:30 h \u201cdurante minutos\u201d en el Pa\u00eds Vasco franc\u00e9s, <strong>restablecidos al poco tiempo<\/strong>, <a target=\"_blank\" rel=\"noreferrer noopener\" href=\"https:\/\/x.com\/rte_france\/status\/1916835824722649495\">seg\u00fan inform\u00f3 la R\u00e9seau de Transport d&#8217;\u00c9lectricit\u00e9<\/a> (RTE), el operador el\u00e9ctrico franc\u00e9s. A\u00f1adi\u00f3 que la red francesa \u201ces segura\u201d y \u201cno existe riesgo de contagio\u201d. Adem\u00e1s, la red de la pen\u00ednsula ib\u00e9rica se desconect\u00f3 autom\u00e1ticamente entre las 12:38 h y las 13:30 h de la red europea, y Francia colabor\u00f3 en prestar asistencia a la red espa\u00f1ola.<\/p>\n\n\n\n<p>En un mensaje en redes sociales, la empresa gestora de la electricidad en Francia <a target=\"_blank\" rel=\"noreferrer noopener\" href=\"https:\/\/x.com\/rte_france\/status\/1916873882356556137\"><strong>neg\u00f3<\/strong><\/a><strong> que el origen del incidente estuviera relacionado con un incendio entre Perpi\u00f1\u00e1n y Narbona<\/strong>. No se report\u00f3 ning\u00fan incendio y las causas del apag\u00f3n est\u00e1n a\u00fan por determinar.<\/p>\n\n\n\n<p><em>Foto de portada: Una mujer usa la linterna de su tel\u00e9fono mientras pasea a su perro en una calle de Vigo a oscuras durante el apag\u00f3n que ha afectado a la pen\u00ednsula ib\u00e9rica el 28 de abril de 2025. (Foto de MIGUEL RIOPA \/ AFP)<\/em><\/p>\n\n\n\n<p><em>*Art\u00edculo actualizado a las 14:00 del 29\/04\/2025 para incluir nuevas declaraciones del presidente del Gobierno, Pedro S\u00e1nchez.<\/em><\/p>\n\n\n\n<hr class=\"wp-block-separator has-alpha-channel-opacity\"\/>\n\n\n\n<p>Primera fecha de publicaci\u00f3n de este art\u00edculo: 29\/04\/2025<\/p>\n","protected":false},"excerpt":{"rendered":"<p>\u00bfQu\u00e9 caus\u00f3 el apag\u00f3n? No hay a\u00fan una causa oficial. A las 14:00 h del&#8230;<\/p>\n","protected":false},"author":1,"featured_media":77276,"comment_status":"closed","ping_status":"closed","sticky":false,"template":"","format":"standard","meta":{"_coblocks_attr":"","_coblocks_dimensions":"","_coblocks_responsive_height":"","_coblocks_accordion_ie_support":"","jetpack_post_was_ever_published":false,"_jetpack_newsletter_access":"","_jetpack_dont_email_post_to_subs":false,"_jetpack_newsletter_tier_id":0,"_jetpack_memberships_contains_paywalled_content":false,"_jetpack_memberships_contains_paid_content":false,"footnotes":"","jetpack_publicize_message":"","jetpack_publicize_feature_enabled":true,"jetpack_social_post_already_shared":true,"jetpack_social_options":{"image_generator_settings":{"template":"highway","default_image_id":0,"enabled":false},"version":2}},"categories":[1161,186,44,7671,1],"tags":[],"class_list":["post-77274","post","type-post","status-publish","format-standard","has-post-thumbnail","hentry","category-ciudadania","category-instituciones","category-noticias-de-hoy","category-politica","category-uncategorized"],"jetpack_publicize_connections":[],"jetpack_featured_media_url":"https:\/\/i0.wp.com\/miradordeatarfe.es\/wp-content\/uploads\/2025\/06\/6810b1a944db2apagon-afp-webp.webp?fit=1600%2C675&ssl=1","jetpack_likes_enabled":true,"jetpack_sharing_enabled":true,"_links":{"self":[{"href":"https:\/\/miradordeatarfe.es\/index.php?rest_route=\/wp\/v2\/posts\/77274","targetHints":{"allow":["GET"]}}],"collection":[{"href":"https:\/\/miradordeatarfe.es\/index.php?rest_route=\/wp\/v2\/posts"}],"about":[{"href":"https:\/\/miradordeatarfe.es\/index.php?rest_route=\/wp\/v2\/types\/post"}],"author":[{"embeddable":true,"href":"https:\/\/miradordeatarfe.es\/index.php?rest_route=\/wp\/v2\/users\/1"}],"replies":[{"embeddable":true,"href":"https:\/\/miradordeatarfe.es\/index.php?rest_route=%2Fwp%2Fv2%2Fcomments&post=77274"}],"version-history":[{"count":1,"href":"https:\/\/miradordeatarfe.es\/index.php?rest_route=\/wp\/v2\/posts\/77274\/revisions"}],"predecessor-version":[{"id":77275,"href":"https:\/\/miradordeatarfe.es\/index.php?rest_route=\/wp\/v2\/posts\/77274\/revisions\/77275"}],"wp:featuredmedia":[{"embeddable":true,"href":"https:\/\/miradordeatarfe.es\/index.php?rest_route=\/wp\/v2\/media\/77276"}],"wp:attachment":[{"href":"https:\/\/miradordeatarfe.es\/index.php?rest_route=%2Fwp%2Fv2%2Fmedia&parent=77274"}],"wp:term":[{"taxonomy":"category","embeddable":true,"href":"https:\/\/miradordeatarfe.es\/index.php?rest_route=%2Fwp%2Fv2%2Fcategories&post=77274"},{"taxonomy":"post_tag","embeddable":true,"href":"https:\/\/miradordeatarfe.es\/index.php?rest_route=%2Fwp%2Fv2%2Ftags&post=77274"}],"curies":[{"name":"wp","href":"https:\/\/api.w.org\/{rel}","templated":true}]}}