{"id":77295,"date":"2025-06-02T11:00:00","date_gmt":"2025-06-02T09:00:00","guid":{"rendered":"https:\/\/miradordeatarfe.es\/?p=77295"},"modified":"2025-06-02T18:51:23","modified_gmt":"2025-06-02T16:51:23","slug":"esta-semana-leer-tiene-premio-en-atarfe","status":"publish","type":"post","link":"https:\/\/miradordeatarfe.es\/?p=77295","title":{"rendered":"\u00a1Esta semana, leer tiene premio en Atarfe!"},"content":{"rendered":"\n<p><strong>Con motivo de la Semana del Medio Ambiente 2025, la Biblioteca P\u00fablica Mariana Pineda lanza una iniciativa que une cultura y sostenibilidad: \u201cUn pr\u00e9stamo, una planta\u201d<\/strong>.<\/p>\n\n\n\n<p>Cada a\u00f1o se producen a nivel mundial&nbsp;<strong>m\u00e1s de 400 millones de toneladas de pl\u00e1stico<\/strong>&nbsp;y se cree que&nbsp;<strong>la mitad de este material<\/strong>&nbsp;se concibe para una vida \u00fatil de&nbsp;<strong>un solo uso.<\/strong><\/p>\n\n\n\n<p>Menos del 10% se recicla. Se estima que 11 millones de toneladas de desechos pl\u00e1sticos terminan cada a\u00f1o en lagos, r\u00edos y mares. Eso equivale al peso de alrededor de 1,089\u00a0Torre Eiffeles juntas. Asimismo, los micropl\u00e1sticos (part\u00edculas pl\u00e1sticas cuyo di\u00e1metro es inferior a 5 mm) invaden los alimentos, el agua e incluso el aire.<\/p>\n\n\n\n<p>Se estima que las personas ingieren m\u00e1s de 50.000 part\u00edculas de pl\u00e1stico cada a\u00f1o, e incluso muchas m\u00e1s si se tienen en cuenta las part\u00edculas inhaladas. Los productos pl\u00e1sticos de un solo uso que resultan desechados o quemados no solamente perjudican a la salud humana y la biodiversidad, sino que igualmente contaminan todo tipo de ecosistemas, desde los picos de monta\u00f1a hasta el lecho marino.<\/p>\n\n\n\n<p>Es posible hacer frente al problema de la contaminaci\u00f3n por pl\u00e1sticos si se aprovechan los avances cient\u00edficos y las soluciones existentes.<\/p>\n\n\n\n<p>El Ayuntamiento de Atarfe y la Biblioteca Municipal  Mariana Pineda <strong>Del 2 al 6 de junio<\/strong>, por cada libro que te lleves\u2026 \u00a1tambi\u00e9n te llevar\u00e1s una planta arom\u00e1tica!<br \/><strong>Lugar: Biblioteca P\u00fablica Mariana Pineda<\/strong><\/p>\n\n\n\n<p>Una forma simb\u00f3lica y preciosa de fomentar la lectura y al mismo tiempo cuidar el planeta.<\/p>\n\n\n\n<p>Organiza: Concejal\u00eda de Medio Ambiente, Concejal\u00eda de Cultura y Biblioteca P\u00fablica Mariana Pineda.<\/p>\n\n\n\n<p>\u00a1S\u00famate a esta iniciativa verde y cultiva el h\u00e1bito de leer!<\/p>\n\n\n\n<figure class=\"wp-block-image size-full is-resized\"><img data-recalc-dims=\"1\" loading=\"lazy\" decoding=\"async\" width=\"600\" height=\"750\" src=\"https:\/\/i0.wp.com\/miradordeatarfe.es\/wp-content\/uploads\/2025\/06\/un-prestamo-una-planta.jpg?resize=600%2C750&#038;ssl=1\" alt=\"\" class=\"wp-image-77296\" style=\"width:642px;height:auto\" srcset=\"https:\/\/i0.wp.com\/miradordeatarfe.es\/wp-content\/uploads\/2025\/06\/un-prestamo-una-planta.jpg?w=600&amp;ssl=1 600w, https:\/\/i0.wp.com\/miradordeatarfe.es\/wp-content\/uploads\/2025\/06\/un-prestamo-una-planta.jpg?resize=240%2C300&amp;ssl=1 240w\" sizes=\"auto, (max-width: 600px) 100vw, 600px\" \/><\/figure>\n","protected":false},"excerpt":{"rendered":"<p>Con motivo de la Semana del Medio Ambiente 2025, la Biblioteca P\u00fablica Mariana Pineda lanza&#8230;<\/p>\n","protected":false},"author":1,"featured_media":77297,"comment_status":"closed","ping_status":"closed","sticky":false,"template":"","format":"standard","meta":{"_coblocks_attr":"","_coblocks_dimensions":"","_coblocks_responsive_height":"","_coblocks_accordion_ie_support":"","jetpack_post_was_ever_published":false,"_jetpack_newsletter_access":"","_jetpack_dont_email_post_to_subs":false,"_jetpack_newsletter_tier_id":0,"_jetpack_memberships_contains_paywalled_content":false,"_jetpack_memberships_contains_paid_content":false,"footnotes":"","jetpack_publicize_message":"","jetpack_publicize_feature_enabled":true,"jetpack_social_post_already_shared":false,"jetpack_social_options":{"image_generator_settings":{"template":"highway","default_image_id":0,"enabled":false},"version":2}},"categories":[6916,186,9,44],"tags":[],"class_list":["post-77295","post","type-post","status-publish","format-standard","has-post-thumbnail","hentry","category-ayuntamiento-de-atarfe","category-instituciones","category-medio-ambiente","category-noticias-de-hoy"],"jetpack_publicize_connections":[],"jetpack_featured_media_url":"https:\/\/i0.wp.com\/miradordeatarfe.es\/wp-content\/uploads\/2025\/06\/Screenshot-2025-06-02-at-12-39-08-Dia-Mundial-del-Medio-Ambiente.png?fit=441%2C326&ssl=1","jetpack_likes_enabled":true,"jetpack_sharing_enabled":true,"_links":{"self":[{"href":"https:\/\/miradordeatarfe.es\/index.php?rest_route=\/wp\/v2\/posts\/77295","targetHints":{"allow":["GET"]}}],"collection":[{"href":"https:\/\/miradordeatarfe.es\/index.php?rest_route=\/wp\/v2\/posts"}],"about":[{"href":"https:\/\/miradordeatarfe.es\/index.php?rest_route=\/wp\/v2\/types\/post"}],"author":[{"embeddable":true,"href":"https:\/\/miradordeatarfe.es\/index.php?rest_route=\/wp\/v2\/users\/1"}],"replies":[{"embeddable":true,"href":"https:\/\/miradordeatarfe.es\/index.php?rest_route=%2Fwp%2Fv2%2Fcomments&post=77295"}],"version-history":[{"count":1,"href":"https:\/\/miradordeatarfe.es\/index.php?rest_route=\/wp\/v2\/posts\/77295\/revisions"}],"predecessor-version":[{"id":77298,"href":"https:\/\/miradordeatarfe.es\/index.php?rest_route=\/wp\/v2\/posts\/77295\/revisions\/77298"}],"wp:featuredmedia":[{"embeddable":true,"href":"https:\/\/miradordeatarfe.es\/index.php?rest_route=\/wp\/v2\/media\/77297"}],"wp:attachment":[{"href":"https:\/\/miradordeatarfe.es\/index.php?rest_route=%2Fwp%2Fv2%2Fmedia&parent=77295"}],"wp:term":[{"taxonomy":"category","embeddable":true,"href":"https:\/\/miradordeatarfe.es\/index.php?rest_route=%2Fwp%2Fv2%2Fcategories&post=77295"},{"taxonomy":"post_tag","embeddable":true,"href":"https:\/\/miradordeatarfe.es\/index.php?rest_route=%2Fwp%2Fv2%2Ftags&post=77295"}],"curies":[{"name":"wp","href":"https:\/\/api.w.org\/{rel}","templated":true}]}}