{"id":7740,"date":"2016-04-02T06:32:06","date_gmt":"2016-04-02T06:32:06","guid":{"rendered":"http:\/\/miradordeatarfe.es\/?p=7740"},"modified":"2016-03-31T14:39:57","modified_gmt":"2016-03-31T14:39:57","slug":"los-precios-de-la-telefonia-movil-suben-por-primera-vez-en-espana","status":"publish","type":"post","link":"https:\/\/miradordeatarfe.es\/?p=7740","title":{"rendered":"Los precios de la telefon\u00eda m\u00f3vil suben por primera vez en Espa\u00f1a"},"content":{"rendered":"<p class=\"articulo-subtitulo\">Las subidas de los paquetes y las tarifas planas aplicadas por los operadores causan el primer repunte al alza desde que hay estad\u00edsticas<!--more--><\/p>\n<div id=\"cuerpo_noticia\" class=\"articulo-cuerpo\">\n<p style=\"text-align: justify;\">La telefon\u00eda m\u00f3vil lleva bajando sus precios pr\u00e1cticamente desde su inicio comercial en Espa\u00f1a y, m\u00e1s concretamente, desde 2009 cuando comenzaron a hacerse estad\u00edsticas fiables. La fuerte competencia entre compa\u00f1\u00edas y la paquetizaci\u00f3n de servicios (fijo, m\u00f3vil, Internet y televisi\u00f3n) son las dos principales causas de ese descenso. Pero ese periodo de ca\u00eddas continuadas ha llegado a su fin. En el \u00faltimo tramo de 2015, las tarifas de la telefon\u00eda m\u00f3vil vivieron el primer repunte al alza de su historia.<\/p>\n<p style=\"text-align: justify;\">El llamado \u00edndice de precios m\u00f3viles, el principal indicador para medir este baremo porque es una especie de IPC de la telefon\u00eda ya que est\u00e1 compuesto por una cesta con distintos servicios de telefon\u00eda m\u00f3vil, incluyendo las llamadas de los paquetes convergentes, creci\u00f3 casi un punto (0,9) entre el segundo y el tercer trimestre de 2015, hasta los 31,6 puntos, seg\u00fan el \u00faltimo informe trimestral de la Comisi\u00f3n Nacional de los Mercados y la Competencia.<\/p>\n<p style=\"text-align: justify;\">Se trata del primer aumento de la serie hist\u00f3rica desde que comenz\u00f3 a confeccionarse este \u00edndice en el inicio de 2009. El \u00edndice naci\u00f3 en base 100 por lo que desde entonces los precios del m\u00f3vil han bajado cerca de un 70%. La inflexi\u00f3n al alza recoge fielmente las subidas de precios que aplicaron los operadores en la primavera de 2015. As\u00ed, Telef\u00f3nica subi\u00f3 en mayo del a\u00f1o pasado 5 euros su oferta convergente Movistar Fusi\u00f3n mientras que Vodafone anunciaba en abril nuevos precios para sus planes de tarifas m\u00f3viles (Mini, Smart y Red) que supon\u00edan un alza de entre uno y nueve euros.<\/p>\n<section id=\"sumario_2|foto\" class=\"sumario_foto centro\"><a name=\"sumario_2\"><\/a><\/p>\n<div class=\"sumario__interior\">\n<figure class=\"foto foto_w980\"><img data-recalc-dims=\"1\" loading=\"lazy\" decoding=\"async\" title=\"Los precios de la telefon\u00eda m\u00f3vil suben por primera vez en Espa\u00f1a\" src=\"https:\/\/i0.wp.com\/ep01.epimg.net\/economia\/imagenes\/2016\/03\/11\/actualidad\/1457720284_749106_1458510113_sumario_normal.png?resize=640%2C426\" srcset=\"      http:\/\/ep01.epimg.net\/economia\/imagenes\/2016\/03\/11\/actualidad\/1457720284_749106_1458510114_sumario_normal_recorte1.jpg 1960w,   http:\/\/ep01.epimg.net\/economia\/imagenes\/2016\/03\/11\/actualidad\/1457720284_749106_1458510114_sumario_normal_recorte2.jpg 720w  , http:\/\/ep01.epimg.net\/economia\/imagenes\/2016\/03\/11\/actualidad\/1457720284_749106_1458510113_sumario_normal.png 980w\" alt=\"Los precios de la telefon\u00eda m\u00f3vil suben por primera vez en Espa\u00f1a\" width=\"640\" height=\"426\" \/><\/figure>\n<div class=\"sumario-texto\"><\/div>\n<\/div>\n<\/section>\n<p style=\"text-align: justify;\">Este aumento ya se reflej\u00f3 t\u00edmidamente y, por primera vez desde 2007, en el IPC general de 2015. El grupo de comunicaciones, que abarca todas las tarifas, no solo las de m\u00f3viles, creci\u00f3 un 0,5% tras las ca\u00eddas de 2014 (-5,7%) y 2013 (-6,6%).<\/p>\n<section id=\"sumario_1|despiece\" class=\"sumario_despiece derecha\">\n<div class=\"sumario__interior\">\n<header class=\"sumario-encabezado\">\n<h4 class=\"sumario-titulo\"><span class=\"sin_enlace\">Un sector altamente deflacionario<\/span><\/h4>\n<\/header>\n<div class=\"sumario-texto\">\n<p>Los precios de los servicios de telecomunicaciones son altamente deflacionarios. En 2014, cayeron un 5,7% ,y en 2013 un 6,6%, <strong>seg\u00fan el IPC general.<\/strong><\/p>\n<p><strong>Las estad\u00edsticas de la CNMC<\/strong>, mucho m\u00e1s afinadas, hab\u00edan reflejado descensos mayores. En 2014, los precios de la telefon\u00eda m\u00f3vil cayeron un 17%; en 2013, cedieron el 26%, la mayor disminuci\u00f3n r\u00e9cord, superando al desplome de 18% en 2012 y el 9,6% de 2011.<\/p>\n<\/div>\n<\/div>\n<\/section>\n<p style=\"text-align: justify;\">El primer repunte de los precios se ver\u00e1 acentuado cuando se conozcan las estad\u00edsticas de los \u00faltimos seis meses, ya que todos los operadores han aplicado una subida de tarifas a sus paquetes convergentes (fijo, m\u00f3vil, datos e Internet). Movistar aument\u00f3 tres euros al mes el precio de todos sus paquetes convergentes Fusi\u00f3n desde el pasado 5 de febrero a cambio de aumentar la velocidad de subida para hacerla sim\u00e9trica a la de descarga en todas las conexiones de fibra \u00f3ptica y de regalar 1Gb de datos para todas las l\u00edneas m\u00f3viles.<\/p>\n<p style=\"text-align: justify;\">Por su parte, Orange aplica desde marzo una subida de tres euros mensuales a todos sus planes Canguro, su principal paquete convergente, a cambio de subir la velocidad a los clientes de fibra de 30 a 50 megas (Mbps) sim\u00e9tricos y aumentar de 150 a 200 los minutos de llamadas a m\u00f3viles y de 1,5 a 2 GB de datos en el m\u00f3vil. Y Vodafone ha anunciado esta misma semana que seguir\u00e1 el ejemplo de sus rivales y subir\u00e1 sus principales planes de precios, tanto de m\u00f3vil como los paquetes convergentes, entre 1 y 3 euros a partir del 18 de abril. La operadora brit\u00e1nica tambi\u00e9n aumenta los datos y las llamadas (de fijo a m\u00f3vil, entre familiares y de <em>roaming<\/em>)<\/p>\n<p style=\"text-align: justify;\">Cuando se computen esos aumentos, mucho m\u00e1s generalizados que los de la primavera de 2015, se reflejar\u00e1 el primer aumento interanual de los precios del m\u00f3vil de la historia, seg\u00fan apuntan los t\u00e9cnicos.<\/p>\n<h3 style=\"text-align: justify;\">Aumento del prepago<\/h3>\n<p style=\"text-align: justify;\">El aumento de las tarifas m\u00f3viles tambi\u00e9n se refleja en el ingreso medio por minuto, aunque muy ligeramente (+0,3%) hasta los 6,23 c\u00e9ntimos de euros, debido al ascenso que han experimentado las tarifas de prepago (+10,4%) compensada con el descenso de los precios de contrato. Asimismo, las llamadas sujetas a tarifa plana experimentaron igualmente su primer aumento hist\u00f3rico en el tercer trimestre de 2015 pasando de 5,7 a 6,1 c\u00e9ntimos por minuto.<\/p>\n<section id=\"sumario_3|foto\" class=\"sumario_foto centro\"><a name=\"sumario_3\"><\/a><\/p>\n<div class=\"sumario__interior\">\n<figure class=\"foto foto_w980\"><img data-recalc-dims=\"1\" loading=\"lazy\" decoding=\"async\" title=\"Los precios de la telefon\u00eda m\u00f3vil suben por primera vez en Espa\u00f1a\" src=\"https:\/\/i0.wp.com\/ep01.epimg.net\/economia\/imagenes\/2016\/03\/11\/actualidad\/1457720284_749106_1458510133_sumario_normal.png?resize=640%2C426\" srcset=\"      http:\/\/ep01.epimg.net\/economia\/imagenes\/2016\/03\/11\/actualidad\/1457720284_749106_1458510133_sumario_normal_recorte1.jpg 1960w,   http:\/\/ep01.epimg.net\/economia\/imagenes\/2016\/03\/11\/actualidad\/1457720284_749106_1458510133_sumario_normal_recorte2.jpg 720w  , http:\/\/ep01.epimg.net\/economia\/imagenes\/2016\/03\/11\/actualidad\/1457720284_749106_1458510133_sumario_normal.png 980w\" alt=\"Los precios de la telefon\u00eda m\u00f3vil suben por primera vez en Espa\u00f1a\" width=\"640\" height=\"426\" \/><\/figure>\n<div class=\"sumario-texto\"><\/div>\n<\/div>\n<\/section>\n<p style=\"text-align: justify;\">La banda ancha m\u00f3vil lleva ya un a\u00f1o reflejando la subida de tarifas aunque en este casos e corresponde con mayores prestaciones, ya que las compa\u00f1\u00edas han elevado notablemente el l\u00edmite del consumo de datos m\u00f3viles mensuales. As\u00ed, el ingreso medio por l\u00ednea y trimestre ha crecido un 4% en el \u00faltimo a\u00f1o, hasta los 27,57 euros.<\/p>\n<p style=\"text-align: justify;\">La subida de precios y el mayor gasto por hogar con los nuevos servicios de fibra y datos m\u00f3viles se refleja tambi\u00e9n en la facturaci\u00f3n del sector. En el tercer trimestre de 2015, fue de 7.509 millones de euros, un 2,7% superior a la del tercer trimestre de 2014. Se trata de segundo trimestre consecutivo en el que crece esa facturaci\u00f3n de las compa\u00f1\u00edas, que ha venido cayendo desde 2008.<\/p>\n<\/div>\n","protected":false},"excerpt":{"rendered":"<p>Las subidas de los paquetes y las tarifas planas aplicadas por los operadores causan el&#8230;<\/p>\n","protected":false},"author":1,"featured_media":7741,"comment_status":"closed","ping_status":"closed","sticky":false,"template":"","format":"standard","meta":{"_coblocks_attr":"","_coblocks_dimensions":"","_coblocks_responsive_height":"","_coblocks_accordion_ie_support":"","jetpack_post_was_ever_published":false,"_jetpack_newsletter_access":"","_jetpack_dont_email_post_to_subs":false,"_jetpack_newsletter_tier_id":0,"_jetpack_memberships_contains_paywalled_content":false,"_jetpack_memberships_contains_paid_content":false,"footnotes":"","jetpack_publicize_message":"","jetpack_publicize_feature_enabled":true,"jetpack_social_post_already_shared":false,"jetpack_social_options":{"image_generator_settings":{"template":"highway","default_image_id":0,"enabled":false},"version":2}},"categories":[44,15],"tags":[2368,1019,589,1243],"class_list":["post-7740","post","type-post","status-publish","format-standard","has-post-thumbnail","hentry","category-noticias-de-hoy","category-ultimas-noticias","tag-fibra","tag-precios","tag-tarifa","tag-telefonia"],"jetpack_publicize_connections":[],"jetpack_featured_media_url":"https:\/\/i0.wp.com\/miradordeatarfe.es\/wp-content\/uploads\/2016\/03\/recorte1.jpg?fit=1960%2C1143&ssl=1","jetpack_likes_enabled":true,"jetpack_sharing_enabled":true,"_links":{"self":[{"href":"https:\/\/miradordeatarfe.es\/index.php?rest_route=\/wp\/v2\/posts\/7740","targetHints":{"allow":["GET"]}}],"collection":[{"href":"https:\/\/miradordeatarfe.es\/index.php?rest_route=\/wp\/v2\/posts"}],"about":[{"href":"https:\/\/miradordeatarfe.es\/index.php?rest_route=\/wp\/v2\/types\/post"}],"author":[{"embeddable":true,"href":"https:\/\/miradordeatarfe.es\/index.php?rest_route=\/wp\/v2\/users\/1"}],"replies":[{"embeddable":true,"href":"https:\/\/miradordeatarfe.es\/index.php?rest_route=%2Fwp%2Fv2%2Fcomments&post=7740"}],"version-history":[{"count":1,"href":"https:\/\/miradordeatarfe.es\/index.php?rest_route=\/wp\/v2\/posts\/7740\/revisions"}],"predecessor-version":[{"id":7742,"href":"https:\/\/miradordeatarfe.es\/index.php?rest_route=\/wp\/v2\/posts\/7740\/revisions\/7742"}],"wp:featuredmedia":[{"embeddable":true,"href":"https:\/\/miradordeatarfe.es\/index.php?rest_route=\/wp\/v2\/media\/7741"}],"wp:attachment":[{"href":"https:\/\/miradordeatarfe.es\/index.php?rest_route=%2Fwp%2Fv2%2Fmedia&parent=7740"}],"wp:term":[{"taxonomy":"category","embeddable":true,"href":"https:\/\/miradordeatarfe.es\/index.php?rest_route=%2Fwp%2Fv2%2Fcategories&post=7740"},{"taxonomy":"post_tag","embeddable":true,"href":"https:\/\/miradordeatarfe.es\/index.php?rest_route=%2Fwp%2Fv2%2Ftags&post=7740"}],"curies":[{"name":"wp","href":"https:\/\/api.w.org\/{rel}","templated":true}]}}