{"id":7743,"date":"2016-03-31T06:38:29","date_gmt":"2016-03-31T06:38:29","guid":{"rendered":"http:\/\/miradordeatarfe.es\/?p=7743"},"modified":"2016-03-31T14:30:57","modified_gmt":"2016-03-31T14:30:57","slug":"como-son-las-pensiones-espanolas-frente-a-las-del-resto-del-mundo","status":"publish","type":"post","link":"https:\/\/miradordeatarfe.es\/?p=7743","title":{"rendered":"\u00bfC\u00f3mo son las pensiones espa\u00f1olas frente a las del resto del mundo?"},"content":{"rendered":"<div class=\"encabezado \">\n<div class=\"hgroup\">\n<div id=\"subtitulo_noticia\">\n<p>La OCDE publica su radiograf\u00eda bienal sobre los sistemas de seguridad social de los Estados miembros<\/p>\n<\/div>\n<\/div>\n<div class=\"enlaces\">\n<ul>\n<li><a href=\"http:\/\/economia.elpais.com\/economia\/2015\/12\/01\/actualidad\/1448964590_806831.html\" target=\"_blank\"><strong>La OCDE reclama que se supriman las prejubilaciones<\/strong> <\/a><\/li>\n<\/ul>\n<\/div>\n<\/div>\n<p><!--more--><\/p>\n<div id=\"cuerpo_noticia\" class=\"cuerpo_noticia\">\n<p style=\"text-align: justify;\">La OCDE acompa\u00f1a su \u00faltimo informe sobre pensiones de forma elocuente con una herramienta digital en la que permite comparar el panorama de las pensiones en diferentes pa\u00edses en 2014. Nada m\u00e1s entrar en ella, se puede observar el porcentaje de poblaci\u00f3n mayor de 65 a\u00f1os que se encuentra en riesgo de pobreza.<\/p>\n<p style=\"text-align: justify;\">Para establecer qui\u00e9n est\u00e1 en riesgo de pobreza, la organizaci\u00f3n que dirige el mexicano \u00c1ngel Gurr\u00eda utiliza la renta disponible de los hogares ajustada por el n\u00famero de personas del hogar. Aqu\u00e9l que se sit\u00faa por debajo del umbral del 50%, se considera que est\u00e1 peligro de caer en la pobreza. El a\u00f1o pasado en Espa\u00f1a, seg\u00fan los datos de la propia OCDE, la renta era de 23.787 d\u00f3lares (unos 19.500 euros) y solo un 7% de los mayores de 65 a\u00f1os se situar\u00edan por debajo de ese umbral del 50% ajustado por el tama\u00f1o del hogar.<\/p>\n<p style=\"text-align: justify;\">A mucha distancia de Espa\u00f1a se sit\u00faa Corea del Sur, donde el porcentaje de mayores de 65 que est\u00e1 por debajo de la mitad de la renta disponible de los hogares, asciende al 50% del colectivo. Luego aparece Australia, 36%, y M\u00e9xico, 31%.<\/p>\n<p style=\"text-align: justify;\">Las estad\u00edsticas de pensiones o de Seguridad Social a los que hace referencia la OCDE no incluyen solo los pa\u00edses con sistemas 100% p\u00fablicos, sino que refleja las organizaciones distintas de cada Estado, tambi\u00e9n aquellos que se organizan sobre pago a entidades privadas.<\/p>\n<p style=\"text-align: justify;\">La misma herramienta muestra tambi\u00e9n datos sobre la sostenibilidad financiera de los sistemas de pensiones, la edad real de jubilaci\u00f3n o las tasas de reposici\u00f3n sobre el \u00faltimo sueldo de los nuevos jubilados.<\/p>\n<\/div>\n<p style=\"text-align: justify;\">SI QUIERS VER LOS DATOS PINCHA AQUI<\/p>\n<p><a href=\"http:\/\/elpais.com\/elpais\/2015\/12\/01\/media\/1448967648_541034.html\">http:\/\/elpais.com\/elpais\/2015\/12\/01\/media\/1448967648_541034.html<\/a><\/p>\n","protected":false},"excerpt":{"rendered":"<p>La OCDE publica su radiograf\u00eda bienal sobre los sistemas de seguridad social de los Estados&#8230;<\/p>\n","protected":false},"author":1,"featured_media":7933,"comment_status":"closed","ping_status":"closed","sticky":false,"template":"","format":"standard","meta":{"_coblocks_attr":"","_coblocks_dimensions":"","_coblocks_responsive_height":"","_coblocks_accordion_ie_support":"","jetpack_post_was_ever_published":false,"_jetpack_newsletter_access":"","_jetpack_dont_email_post_to_subs":false,"_jetpack_newsletter_tier_id":0,"_jetpack_memberships_contains_paywalled_content":false,"_jetpack_memberships_contains_paid_content":false,"footnotes":"","jetpack_publicize_message":"","jetpack_publicize_feature_enabled":true,"jetpack_social_post_already_shared":false,"jetpack_social_options":{"image_generator_settings":{"template":"highway","default_image_id":0,"enabled":false},"version":2}},"categories":[9,44,15],"tags":[2369,1053,506],"class_list":["post-7743","post","type-post","status-publish","format-standard","has-post-thumbnail","hentry","category-medio-ambiente","category-noticias-de-hoy","category-ultimas-noticias","tag-datos","tag-europa","tag-jubilacion"],"jetpack_publicize_connections":[],"jetpack_featured_media_url":"https:\/\/i0.wp.com\/miradordeatarfe.es\/wp-content\/uploads\/2016\/03\/%C3%ADndice-1.jpeg?fit=295%2C171&ssl=1","jetpack_likes_enabled":true,"jetpack_sharing_enabled":true,"_links":{"self":[{"href":"https:\/\/miradordeatarfe.es\/index.php?rest_route=\/wp\/v2\/posts\/7743","targetHints":{"allow":["GET"]}}],"collection":[{"href":"https:\/\/miradordeatarfe.es\/index.php?rest_route=\/wp\/v2\/posts"}],"about":[{"href":"https:\/\/miradordeatarfe.es\/index.php?rest_route=\/wp\/v2\/types\/post"}],"author":[{"embeddable":true,"href":"https:\/\/miradordeatarfe.es\/index.php?rest_route=\/wp\/v2\/users\/1"}],"replies":[{"embeddable":true,"href":"https:\/\/miradordeatarfe.es\/index.php?rest_route=%2Fwp%2Fv2%2Fcomments&post=7743"}],"version-history":[{"count":1,"href":"https:\/\/miradordeatarfe.es\/index.php?rest_route=\/wp\/v2\/posts\/7743\/revisions"}],"predecessor-version":[{"id":7744,"href":"https:\/\/miradordeatarfe.es\/index.php?rest_route=\/wp\/v2\/posts\/7743\/revisions\/7744"}],"wp:featuredmedia":[{"embeddable":true,"href":"https:\/\/miradordeatarfe.es\/index.php?rest_route=\/wp\/v2\/media\/7933"}],"wp:attachment":[{"href":"https:\/\/miradordeatarfe.es\/index.php?rest_route=%2Fwp%2Fv2%2Fmedia&parent=7743"}],"wp:term":[{"taxonomy":"category","embeddable":true,"href":"https:\/\/miradordeatarfe.es\/index.php?rest_route=%2Fwp%2Fv2%2Fcategories&post=7743"},{"taxonomy":"post_tag","embeddable":true,"href":"https:\/\/miradordeatarfe.es\/index.php?rest_route=%2Fwp%2Fv2%2Ftags&post=7743"}],"curies":[{"name":"wp","href":"https:\/\/api.w.org\/{rel}","templated":true}]}}